{"id":188411,"date":"2025-12-14T21:39:10","date_gmt":"2025-12-14T21:39:10","guid":{"rendered":"https:\/\/www.europesays.com\/pt\/188411\/"},"modified":"2025-12-14T21:39:10","modified_gmt":"2025-12-14T21:39:10","slug":"morreu-nuno-rodrigues-fundador-da-banda-do-casaco","status":"publish","type":"post","link":"https:\/\/www.europesays.com\/pt\/188411\/","title":{"rendered":"Morreu Nuno Rodrigues, fundador da Banda do Casaco"},"content":{"rendered":"<p data-remotead-prev-elm=\"true\" data-remotead-elm-id=\"inread\">De acordo com a mesma fonte, o m\u00fasico morreu no Hospital de Cascais.<\/p>\n<p>Nuno Rodrigues, nascido em Lisboa em 1949, integrou os M\u00fasica Novarum e Family Afair antes de fundar, em 1973, juntamente com Ant\u00f3nio Avelar Pinho, o grupo Banda do Casaco, um dos mais vanguardistas daquela d\u00e9cada da m\u00fasica portuguesa.<\/p>\n<p>Com a Banda do Casaco, Nuno Rodrigues editou \u00e1lbuns como &#8220;Dos Benef\u00edcios dum Vendido no Reino dos Bonif\u00e1cios&#8221; (1975), &#8220;Hoje h\u00e1 Conquilhas, Amanh\u00e3 N\u00e3o Sabemos&#8221; (1977) ou &#8220;Contos da Barbearia&#8221; (1978).<\/p>\n<p data-remotead-prev-elm=\"true\" data-remotead-elm-id=\"centro1\">O grupo tinha &#8220;uma atitude politicamente desalinhada&#8221; e a m\u00fasica criada era &#8220;um exerc\u00edcio sat\u00edrico de desconstru\u00e7\u00e3o social permanente&#8221;, refere a biografia da banda na &#8220;Enciclop\u00e9dia da M\u00fasica Ligeira Portuguesa&#8221;, de Lu\u00eds Pinheiro de Almeida e Jo\u00e3o Pinheiro de Almeida.<\/p>\n<p>A Banda do Casaco, que duraria uma d\u00e9cada, integrou ainda m\u00fasicos como Celso Carvalho, Ant\u00f3nio Pinheiro da Silva, Carlos Z\u00edngaro, N\u00e9 Ladeiras, Mena Amaro, C\u00e2ndida Branca Flor e Gabriela Schaff, propondo uma sonoridade que saltava os muros do rock, do jazz, da folk e da m\u00fasica tradicional.<\/p>\n<p>Nuno Rodrigues tamb\u00e9m comp\u00f4s para outros artistas, como &#8220;Telepatia&#8221;, com Ana Zanatti, para a voz de Lara Li, e para v\u00e1rias edi\u00e7\u00f5es do Festival da Can\u00e7\u00e3o, nomeadamente &#8220;Verde Pino&#8221; (1971) para a cantora Daphne e, possivelmente o maior sucesso, &#8220;Ali Bab\u00e1 (Um Homem das Ar\u00e1bias&#8221; (1981), coescrito com Ant\u00f3nio Avelar Pinho e interpretado pelas Doce.<\/p>\n<p data-remotead-prev-elm=\"true\" data-remotead-elm-id=\"centro2\">A t\u00edtulo de exemplo, em dupla com Avelar Pinho, Nuno Rodrigues assinaria ainda a dire\u00e7\u00e3o e coautoria de algumas das m\u00fasicas da banda sonora, publicada depois em \u00e1lbum, do programa televisivo da RTP &#8220;Fungag\u00e1 da Bicharada&#8221; (1976).<\/p>\n<p>Al\u00e9m da Banda do Casaco, Nuno Rodrigues trabalhou igualmente em produ\u00e7\u00e3o na Valentim de Carvalho, para os Trovante, os Petrus Castrus ou para Ant\u00f3nio Varia\u00e7\u00f5es, e dirigiu a editora Transm\u00e9dia, pela qual sa\u00edram \u00e1lbuns de Jos\u00e9 Afonso, J\u00falio Pereira, Fernando Tordo, Lu\u00eds C\u00edlia, N\u00e9 Ladeiras Peste &amp; Sida e Tar\u00e2ntula.<\/p>\n<p>Na d\u00e9cada de 1990 lan\u00e7ou a Companhia Nacional de M\u00fasica (CNM) em que aliava a distribui\u00e7\u00e3o \u00e0 edi\u00e7\u00e3o, com loja f\u00edsica em Lisboa e com um cat\u00e1logo nacional composto por artistas Am\u00e1lia Rodrigues, J\u00falio Pereira, Ricardo Ribeiro e Jo\u00e3o Braga. Tamb\u00e9m representa em Portugal etiquetas estrangeiras, em especial da \u00e1rea da m\u00fasica cl\u00e1ssica.<\/p>\n<p data-remotead-prev-elm=\"true\" data-remotead-elm-id=\"centro3\">Em 2016, Nuno Rodrigues editou o primeiro \u00e1lbum a solo, &#8220;P\u00e9rolas d&#8221;alma&#8221;, interpretando poemas de Florbela Espanca, com selo da Companhia Nacional de M\u00fasica.<\/p>\n<p>Na altura, em entrevista \u00e0 ag\u00eancia Lusa, dizia de &#8220;P\u00e9rolas d&#8221;alma&#8221;: &#8220;Andei dentro de mim, at\u00e9 quase \u00e0 exaust\u00e3o. Parece uma pequena viagem, mas percorri mil\u00e9nios e mergulhei sem retorno nesta poesia&#8221;.<\/p>\n","protected":false},"excerpt":{"rendered":"De acordo com a mesma fonte, o m\u00fasico morreu no Hospital de Cascais. Nuno Rodrigues, nascido em Lisboa&hellip;\n","protected":false},"author":2,"featured_media":188412,"comment_status":"","ping_status":"","sticky":false,"template":"","format":"standard","meta":{"footnotes":""},"categories":[8],"tags":[1753,27,28,15,16,14,25,26,21,22,12,13,19,20,2409,32,23,24,33,17,18,29,30,31],"class_list":{"0":"post-188411","1":"post","2":"type-post","3":"status-publish","4":"format-standard","5":"has-post-thumbnail","7":"category-principais-noticias","8":"tag-artes","9":"tag-breaking-news","10":"tag-breakingnews","11":"tag-featured-news","12":"tag-featurednews","13":"tag-headlines","14":"tag-latest-news","15":"tag-latestnews","16":"tag-main-news","17":"tag-mainnews","18":"tag-news","19":"tag-noticias","20":"tag-noticias-principais","21":"tag-noticiasprincipais","22":"tag-obito","23":"tag-portugal","24":"tag-principais-noticias","25":"tag-principaisnoticias","26":"tag-pt","27":"tag-top-stories","28":"tag-topstories","29":"tag-ultimas","30":"tag-ultimas-noticias","31":"tag-ultimasnoticias"},"share_on_mastodon":{"url":"https:\/\/pubeurope.com\/@pt\/115720091279464904","error":""},"_links":{"self":[{"href":"https:\/\/www.europesays.com\/pt\/wp-json\/wp\/v2\/posts\/188411","targetHints":{"allow":["GET"]}}],"collection":[{"href":"https:\/\/www.europesays.com\/pt\/wp-json\/wp\/v2\/posts"}],"about":[{"href":"https:\/\/www.europesays.com\/pt\/wp-json\/wp\/v2\/types\/post"}],"author":[{"embeddable":true,"href":"https:\/\/www.europesays.com\/pt\/wp-json\/wp\/v2\/users\/2"}],"replies":[{"embeddable":true,"href":"https:\/\/www.europesays.com\/pt\/wp-json\/wp\/v2\/comments?post=188411"}],"version-history":[{"count":0,"href":"https:\/\/www.europesays.com\/pt\/wp-json\/wp\/v2\/posts\/188411\/revisions"}],"wp:featuredmedia":[{"embeddable":true,"href":"https:\/\/www.europesays.com\/pt\/wp-json\/wp\/v2\/media\/188412"}],"wp:attachment":[{"href":"https:\/\/www.europesays.com\/pt\/wp-json\/wp\/v2\/media?parent=188411"}],"wp:term":[{"taxonomy":"category","embeddable":true,"href":"https:\/\/www.europesays.com\/pt\/wp-json\/wp\/v2\/categories?post=188411"},{"taxonomy":"post_tag","embeddable":true,"href":"https:\/\/www.europesays.com\/pt\/wp-json\/wp\/v2\/tags?post=188411"}],"curies":[{"name":"wp","href":"https:\/\/api.w.org\/{rel}","templated":true}]}}