{"id":188426,"date":"2025-12-14T21:52:09","date_gmt":"2025-12-14T21:52:09","guid":{"rendered":"https:\/\/www.europesays.com\/pt\/188426\/"},"modified":"2025-12-14T21:52:09","modified_gmt":"2025-12-14T21:52:09","slug":"psp-com-mais-de-mil-propostas-de-cancelamento-de-titulos-de-residencia-psp","status":"publish","type":"post","link":"https:\/\/www.europesays.com\/pt\/188426\/","title":{"rendered":"PSP com mais de mil propostas de cancelamento de t\u00edtulos de resid\u00eancia | PSP"},"content":{"rendered":"<p>A Pol\u00edcia de Seguran\u00e7a P\u00fablica (PSP) j\u00e1 avan\u00e7ou com mais de mil propostas de cancelamento de t\u00edtulos de resid\u00eancia, decorrentes de ac\u00e7\u00f5es no aeroporto de Lisboa, desde o in\u00edcio do ano, segundo foi avan\u00e7ado neste domingo, em comunicado.<\/p>\n<p>Estas propostas foram feitas no \u00e2mbito das ac\u00e7\u00f5es de controlo fronteiri\u00e7o, sob a responsabilidade da Unidade Nacional de Estrangeiros e Fronteiras (UNEF), e atrav\u00e9s da Divis\u00e3o de Seguran\u00e7a Aeroportu\u00e1ria e Controlo Fronteiri\u00e7o (DSACF), no Aeroporto Humberto Delgado, em Lisboa, explica a PSP.<\/p>\n<p>As propostas de cancelamento de t\u00edtulos de resid\u00eancia s\u00e3o remetidas \u00e0 AIMA (Ag\u00eancia para a Integra\u00e7\u00e3o, Migra\u00e7\u00f5es e Asilo), que \u00e9 respons\u00e1vel pela decis\u00e3o administrativa.<\/p>\n<p>Entre os motivos mais frequentes para estas propostas encontram-se a &#8220;utiliza\u00e7\u00e3o de documentos falsos ou fraudulentos, situa\u00e7\u00f5es de obten\u00e7\u00e3o do t\u00edtulo atrav\u00e9s de declara\u00e7\u00f5es enganosas, bem como casos em que se identificam condutas incompat\u00edveis com as regras associadas \u00e0 perman\u00eancia legal em territ\u00f3rio nacional&#8221;, de acordo com a PSP.<\/p>\n<p>A entidade destaca, neste balan\u00e7o do trabalho desenvolvido no controlo fronteiri\u00e7o, o &#8220;refor\u00e7o da capacidade de detec\u00e7\u00e3o, a melhoria dos procedimentos de verifica\u00e7\u00e3o e a coopera\u00e7\u00e3o entre a PSP e a AIMA&#8221;.<\/p>\n","protected":false},"excerpt":{"rendered":"A Pol\u00edcia de Seguran\u00e7a P\u00fablica (PSP) j\u00e1 avan\u00e7ou com mais de mil propostas de cancelamento de t\u00edtulos de&hellip;\n","protected":false},"author":2,"featured_media":188427,"comment_status":"","ping_status":"","sticky":false,"template":"","format":"standard","meta":{"footnotes":""},"categories":[10],"tags":[27,28,15,16,14,25,26,21,22,1961,12,13,19,20,32,23,24,1306,33,3573,58,17,18,29,30,31],"class_list":{"0":"post-188426","1":"post","2":"type-post","3":"status-publish","4":"format-standard","5":"has-post-thumbnail","7":"category-portugal","8":"tag-breaking-news","9":"tag-breakingnews","10":"tag-featured-news","11":"tag-featurednews","12":"tag-headlines","13":"tag-latest-news","14":"tag-latestnews","15":"tag-main-news","16":"tag-mainnews","17":"tag-migracoes","18":"tag-news","19":"tag-noticias","20":"tag-noticias-principais","21":"tag-noticiasprincipais","22":"tag-portugal","23":"tag-principais-noticias","24":"tag-principaisnoticias","25":"tag-psp","26":"tag-pt","27":"tag-seguranca-interna","28":"tag-sociedade","29":"tag-top-stories","30":"tag-topstories","31":"tag-ultimas","32":"tag-ultimas-noticias","33":"tag-ultimasnoticias"},"share_on_mastodon":{"url":"https:\/\/pubeurope.com\/@pt\/115720143137265045","error":""},"_links":{"self":[{"href":"https:\/\/www.europesays.com\/pt\/wp-json\/wp\/v2\/posts\/188426","targetHints":{"allow":["GET"]}}],"collection":[{"href":"https:\/\/www.europesays.com\/pt\/wp-json\/wp\/v2\/posts"}],"about":[{"href":"https:\/\/www.europesays.com\/pt\/wp-json\/wp\/v2\/types\/post"}],"author":[{"embeddable":true,"href":"https:\/\/www.europesays.com\/pt\/wp-json\/wp\/v2\/users\/2"}],"replies":[{"embeddable":true,"href":"https:\/\/www.europesays.com\/pt\/wp-json\/wp\/v2\/comments?post=188426"}],"version-history":[{"count":0,"href":"https:\/\/www.europesays.com\/pt\/wp-json\/wp\/v2\/posts\/188426\/revisions"}],"wp:featuredmedia":[{"embeddable":true,"href":"https:\/\/www.europesays.com\/pt\/wp-json\/wp\/v2\/media\/188427"}],"wp:attachment":[{"href":"https:\/\/www.europesays.com\/pt\/wp-json\/wp\/v2\/media?parent=188426"}],"wp:term":[{"taxonomy":"category","embeddable":true,"href":"https:\/\/www.europesays.com\/pt\/wp-json\/wp\/v2\/categories?post=188426"},{"taxonomy":"post_tag","embeddable":true,"href":"https:\/\/www.europesays.com\/pt\/wp-json\/wp\/v2\/tags?post=188426"}],"curies":[{"name":"wp","href":"https:\/\/api.w.org\/{rel}","templated":true}]}}