{"id":188443,"date":"2025-12-14T22:09:10","date_gmt":"2025-12-14T22:09:10","guid":{"rendered":"https:\/\/www.europesays.com\/pt\/188443\/"},"modified":"2025-12-14T22:09:10","modified_gmt":"2025-12-14T22:09:10","slug":"ha-pelo-menos-duas-criancas-portuguesas-entre-as-abusadas-por-adjunto-de-ex-ministra","status":"publish","type":"post","link":"https:\/\/www.europesays.com\/pt\/188443\/","title":{"rendered":"H\u00e1 pelo menos duas crian\u00e7as portuguesas entre as abusadas por adjunto de ex-ministra"},"content":{"rendered":"<p>\t                EXCLUSIVO TVI\/CNN PORTUGAL || PJ quer ter acesso ao telem\u00f3vel do adjunto da ex-ministra e perceber se tem o contacto de outros ped\u00f3filos portugueses<\/p>\n<p style=\"margin-bottom:11px\">H\u00e1 pelos menos duas crian\u00e7as portuguesas, com cerca de 10 anos, entre as v\u00edtimas de abuso sexual do adjunto da ex-ministra da Justi\u00e7a, Paulo Abreu dos Santos, que j\u00e1 confessou os crimes perante o juiz, apurou a TVI\/CNN Portugal.<\/p>\n<p>A Pol\u00edcia Judici\u00e1ria (PJ) est\u00e1 agora a tentar identificar estas duas crian\u00e7as, para que possam ser ouvidas como v\u00edtimas no processo.<\/p>\n<p>Foi perante o juiz que, no s\u00e1bado, o adjunto da antiga ministra da Justi\u00e7a confessou os crimes de abuso sexual.<\/p>\n<p>Paulo Abreu dos Santos foi detido na quinta-feira. Soube, no s\u00e1bado, que ficaria sujeito \u00e0 medida de coa\u00e7\u00e3o mais gravosa, aguardando o desenrolar do processo em pris\u00e3o preventiva.<\/p>\n<p>Al\u00e9m dos 500 ficheiros internacionais de acesso e partilha de conte\u00fado de pornografia infantil, a PJ apanhou v\u00eddeos onde o advogado se filmava a abusar as crian\u00e7as. Est\u00e1 indiciado por dois crimes de abuso sexual de menores.<\/p>\n<p>Os inspetores acreditam que Paulo Abreu dos Santos pode estar ligado a uma rede com ramifica\u00e7\u00f5es.<\/p>\n<p>A PJ quer ter acesso ao telem\u00f3vel do adjunto da ex-ministra e perceber se tem o contacto de outros ped\u00f3filos portugueses.<\/p>\n<p>Ap\u00f3s a TVI\/CNN Portugal terem divulgado o esc\u00e2ndalo sexual, a sociedade de advogados para a qual Paulo Abreu dos Santos trabalhava emitiu um comunicado.<\/p>\n<p>&#8220;Tendo sido surpreendidos pelas not\u00edcias que reportam o envolvimento do antigo colaborador, Dr. Paulo Abreu Santos, no \u00e2mbito de uma investiga\u00e7\u00e3o criminal de contornos graves, a sociedade manifesta-se chocada e consternada com o conte\u00fado das mesmas\u201d, escreveu a Ana Bruno &amp; Associados.<\/p>\n<p>Apesar desta surpresa, a sociedade de advogados j\u00e1 tinha retirado o nome de Paulo Abreu dos Santos antes de a not\u00edcia ser divulgada pela TVI\/CNN Portugal.<\/p>\n<p>O advogado desempenhou fun\u00e7\u00f5es no Minist\u00e9rio da Justi\u00e7a como adjunto da antiga ministra Catarina Sarmento e Castro entre 2023 e 2024. Foi tamb\u00e9m assistente convidado na Faculdade de Direito da Universidade de Lisboa.<\/p>\n<p>Paulo Abreu dos Santos foi apanhado por uma investiga\u00e7\u00e3o internacional, que nasceu nos Estados Unidos da Am\u00e9rica. Em causa estavam crimes sexuais contra menores cometidos e partilhados atrav\u00e9s das redes sociais.<\/p>\n","protected":false},"excerpt":{"rendered":"EXCLUSIVO TVI\/CNN PORTUGAL || PJ quer ter acesso ao telem\u00f3vel do adjunto da ex-ministra e perceber se tem&hellip;\n","protected":false},"author":2,"featured_media":188444,"comment_status":"","ping_status":"","sticky":false,"template":"","format":"standard","meta":{"footnotes":""},"categories":[8],"tags":[38129,11296,609,836,611,27,28,607,608,333,832,604,135,610,476,15,16,301,830,14,603,25,26,570,21,22,831,833,62,834,12,13,19,20,835,602,38059,10529,52,32,23,24,33,17,18,29,30,31],"class_list":{"0":"post-188443","1":"post","2":"type-post","3":"status-publish","4":"format-standard","5":"has-post-thumbnail","7":"category-principais-noticias","8":"tag-adjunto","9":"tag-advogado","10":"tag-alerta","11":"tag-analise","12":"tag-ao-minuto","13":"tag-breaking-news","14":"tag-breakingnews","15":"tag-cnn","16":"tag-cnn-portugal","17":"tag-comentadores","18":"tag-costa","19":"tag-crime","20":"tag-desporto","21":"tag-direto","22":"tag-economia","23":"tag-featured-news","24":"tag-featurednews","25":"tag-governo","26":"tag-guerra","27":"tag-headlines","28":"tag-justica","29":"tag-latest-news","30":"tag-latestnews","31":"tag-live","32":"tag-main-news","33":"tag-mainnews","34":"tag-mais-vistas","35":"tag-marcelo","36":"tag-mundo","37":"tag-negocios","38":"tag-news","39":"tag-noticias","40":"tag-noticias-principais","41":"tag-noticiasprincipais","42":"tag-opiniao","43":"tag-pais","44":"tag-paulo-abreu-dos-santos","45":"tag-pedofilia","46":"tag-politica","47":"tag-portugal","48":"tag-principais-noticias","49":"tag-principaisnoticias","50":"tag-pt","51":"tag-top-stories","52":"tag-topstories","53":"tag-ultimas","54":"tag-ultimas-noticias","55":"tag-ultimasnoticias"},"share_on_mastodon":{"url":"","error":"Validation failed: Text character limit of 500 exceeded"},"_links":{"self":[{"href":"https:\/\/www.europesays.com\/pt\/wp-json\/wp\/v2\/posts\/188443","targetHints":{"allow":["GET"]}}],"collection":[{"href":"https:\/\/www.europesays.com\/pt\/wp-json\/wp\/v2\/posts"}],"about":[{"href":"https:\/\/www.europesays.com\/pt\/wp-json\/wp\/v2\/types\/post"}],"author":[{"embeddable":true,"href":"https:\/\/www.europesays.com\/pt\/wp-json\/wp\/v2\/users\/2"}],"replies":[{"embeddable":true,"href":"https:\/\/www.europesays.com\/pt\/wp-json\/wp\/v2\/comments?post=188443"}],"version-history":[{"count":0,"href":"https:\/\/www.europesays.com\/pt\/wp-json\/wp\/v2\/posts\/188443\/revisions"}],"wp:featuredmedia":[{"embeddable":true,"href":"https:\/\/www.europesays.com\/pt\/wp-json\/wp\/v2\/media\/188444"}],"wp:attachment":[{"href":"https:\/\/www.europesays.com\/pt\/wp-json\/wp\/v2\/media?parent=188443"}],"wp:term":[{"taxonomy":"category","embeddable":true,"href":"https:\/\/www.europesays.com\/pt\/wp-json\/wp\/v2\/categories?post=188443"},{"taxonomy":"post_tag","embeddable":true,"href":"https:\/\/www.europesays.com\/pt\/wp-json\/wp\/v2\/tags?post=188443"}],"curies":[{"name":"wp","href":"https:\/\/api.w.org\/{rel}","templated":true}]}}