{"id":188453,"date":"2025-12-14T22:18:07","date_gmt":"2025-12-14T22:18:07","guid":{"rendered":"https:\/\/www.europesays.com\/pt\/188453\/"},"modified":"2025-12-14T22:18:07","modified_gmt":"2025-12-14T22:18:07","slug":"cancer-de-pulmao-especialista-alerta-que-rastreamento-nao-deve-ser-feito-apenas-por-fumantes","status":"publish","type":"post","link":"https:\/\/www.europesays.com\/pt\/188453\/","title":{"rendered":"C\u00c2NCER DE PULM\u00c3O: ESPECIALISTA ALERTA QUE RASTREAMENTO N\u00c3O DEVE SER FEITO APENAS POR FUMANTES"},"content":{"rendered":"<p>O c\u00e2ncer de pulm\u00e3o \u00e9 uma das principais causas de morte por c\u00e2ncer no mundo.\u00a0 De acordo com a OMS (Organiza\u00e7\u00e3o Mundial de Sa\u00fade), 1,8 milh\u00e3o de mortes s\u00e3o registradas por ano decorrentes da doen\u00e7a.\u00a0 Embora o tabagismo seja o principal fator de risco, chegando a representar 80% a 90% dos casos, outros fatores tamb\u00e9m podem culminar na doen\u00e7a, mesmo entre n\u00e3o fumantes. Dados dispon\u00edveis no Registro de C\u00e2ncer Hospitalar (RHC) de pacientes acima de 18 anos atendidos no SUS mostram que, em determinadas faixas et\u00e1rias, especialmente acima dos 65 anos, o \u00edndice de pacientes n\u00e3o fumantes com c\u00e2ncer de pulm\u00e3o chega a 26%.<\/p>\n<p>De acordo com a pneumologista Dra Larissa Abrah\u00e3o, do Centro Integrado do T\u00f3rax, os fatores de risco al\u00e9m do tabagismo incluem: exposi\u00e7\u00e3o ao g\u00e1s rad\u00f4nio, hist\u00f3rico familiar da doen\u00e7a, tabagismo passivo, que pode elevar o risco em at\u00e9 25%, polui\u00e7\u00e3o do ar e exposi\u00e7\u00f5es ocupacionais, como asbesto e s\u00edlica e doen\u00e7as pulmonares pr\u00e9vias, como DPOC e fibrose pulmonar. Ela destaca a necessidade de uma abordagem mais ampla: \u201c\u00c9 crucial expandir a discuss\u00e3o sobre quem deve realizar o rastreamento. O perfil de risco para c\u00e2ncer de pulm\u00e3o \u00e9 mais amplo do que se imagina, e n\u00e3o podemos limitar essa an\u00e1lise apenas aos fumantes.\u201d<\/p>\n<p>O rastreamento \u00e9 realizado por tomografia computadorizada de t\u00f3rax de baixa dose (TCBD), um exame indolor e com baixa exposi\u00e7\u00e3o \u00e0 radia\u00e7\u00e3o. A recomenda\u00e7\u00e3o \u00e9 que fumantes ou ex-fumantes entre 50 e 80 anos realizem o exame anualmente.<\/p>\n<p>Atualmente, as diretrizes de rastreamento s\u00e3o voltadas para fumantes e ex-fumantes. \u201cPara nunca fumantes, ainda n\u00e3o h\u00e1 recomenda\u00e7\u00f5es para rastreamento populacional de rotina\u201d, explica a Dra. Abrah\u00e3o. Entretanto, ela sugere que o rastreamento individualizado deve ser discutido em casos de:<\/p>\n<p>\u2013 Idade igual ou superior a 50 anos.<\/p>\n<p>\u2013 Forte hist\u00f3rico familiar de c\u00e2ncer de pulm\u00e3o.<\/p>\n<p>\u2013 Exposi\u00e7\u00e3o ocupacional intensa a carcin\u00f3genos.<\/p>\n<p>\u2013 Radioterapia tor\u00e1cica pr\u00e9via em dose significativa.<\/p>\n<p>\u2013 Doen\u00e7a pulmonar estrutural importante.<\/p>\n<p>No Brasil, os desafios para o diagn\u00f3stico precoce do c\u00e2ncer de pulm\u00e3o\u00a0 incluem acesso desigual a exames e a alta preval\u00eancia de doen\u00e7as que podem causar achados inespec\u00edficos. \u201c\u00c9 essencial integrar o rastreamento a pol\u00edticas de controle do tabagismo e capacitar as equipes de sa\u00fade\u201d, conclui a m\u00e9dica.<\/p>\n","protected":false},"excerpt":{"rendered":"O c\u00e2ncer de pulm\u00e3o \u00e9 uma das principais causas de morte por c\u00e2ncer no mundo.\u00a0 De acordo com&hellip;\n","protected":false},"author":2,"featured_media":188454,"comment_status":"","ping_status":"","sticky":false,"template":"","format":"standard","meta":{"footnotes":""},"categories":[86],"tags":[726,1776,116,32,33,5063,117],"class_list":{"0":"post-188453","1":"post","2":"type-post","3":"status-publish","4":"format-standard","5":"has-post-thumbnail","7":"category-saude","8":"tag-brasil","9":"tag-cancer","10":"tag-health","11":"tag-portugal","12":"tag-pt","13":"tag-pulmao","14":"tag-saude"},"share_on_mastodon":{"url":"","error":""},"_links":{"self":[{"href":"https:\/\/www.europesays.com\/pt\/wp-json\/wp\/v2\/posts\/188453","targetHints":{"allow":["GET"]}}],"collection":[{"href":"https:\/\/www.europesays.com\/pt\/wp-json\/wp\/v2\/posts"}],"about":[{"href":"https:\/\/www.europesays.com\/pt\/wp-json\/wp\/v2\/types\/post"}],"author":[{"embeddable":true,"href":"https:\/\/www.europesays.com\/pt\/wp-json\/wp\/v2\/users\/2"}],"replies":[{"embeddable":true,"href":"https:\/\/www.europesays.com\/pt\/wp-json\/wp\/v2\/comments?post=188453"}],"version-history":[{"count":0,"href":"https:\/\/www.europesays.com\/pt\/wp-json\/wp\/v2\/posts\/188453\/revisions"}],"wp:featuredmedia":[{"embeddable":true,"href":"https:\/\/www.europesays.com\/pt\/wp-json\/wp\/v2\/media\/188454"}],"wp:attachment":[{"href":"https:\/\/www.europesays.com\/pt\/wp-json\/wp\/v2\/media?parent=188453"}],"wp:term":[{"taxonomy":"category","embeddable":true,"href":"https:\/\/www.europesays.com\/pt\/wp-json\/wp\/v2\/categories?post=188453"},{"taxonomy":"post_tag","embeddable":true,"href":"https:\/\/www.europesays.com\/pt\/wp-json\/wp\/v2\/tags?post=188453"}],"curies":[{"name":"wp","href":"https:\/\/api.w.org\/{rel}","templated":true}]}}