{"id":188479,"date":"2025-12-14T22:39:11","date_gmt":"2025-12-14T22:39:11","guid":{"rendered":"https:\/\/www.europesays.com\/pt\/188479\/"},"modified":"2025-12-14T22:39:11","modified_gmt":"2025-12-14T22:39:11","slug":"australia-ahmed-al-ahmed-o-homem-que-desarmou-um-dos-atiradores-no-ataque-em-sydney-australia","status":"publish","type":"post","link":"https:\/\/www.europesays.com\/pt\/188479\/","title":{"rendered":"Austr\u00e1lia: Ahmed al-Ahmed, o homem que desarmou um dos atiradores no ataque em Sydney | Austr\u00e1lia"},"content":{"rendered":"<p>Do tr\u00e1gico ataque a tiro em que morreram <a href=\"https:\/\/www.publico.pt\/2025\/12\/14\/mundo\/noticia\/dez-feridos-tiroteio-praia-bondi-sydney-2158018\" target=\"_blank\" rel=\"nofollow noopener\">pelo menos 11 pessoas na praia de Bondi<\/a>, em Sydney, este domingo, surgiu a figura de um her\u00f3i. Ahmed al-Ahmed, de 43 anos, propriet\u00e1rio de uma frutaria, arriscou a vida para desarmar um dos atiradores.<\/p>\n<p>O v\u00eddeo que rapidamente viralizou nas redes sociais mostra um homem agachado atr\u00e1s de um carro, aguardando o momento certo para investir contra um dos respons\u00e1veis pelo ataque que, al\u00e9m das v\u00edtimas mortais, deixou 29 pessoas feridas. Aproveitando o facto de o atirador estar focado numa troca de tiros, Ahmed al-Ahmed correu para o homem armado e agarrou-o pelo pesco\u00e7o, arrancando-lhe a arma das m\u00e3os.<\/p>\n<p>Com a espingarda controlada, Ahmed al-Ahmed, pai de dois filhos, apontou-a, sem disparar, para o homem de camisola escura, que nesta altura j\u00e1 cambaleava em direc\u00e7\u00e3o a uma ponte pedonal onde o outro atirador se encontrava. Percebendo que o criminoso n\u00e3o ia tentar recuperar a arma, Ahmed al-Ahmed pousou-a no ch\u00e3o, abrigado atr\u00e1s de uma \u00e1rvore.<\/p>\n<p>&#13;<br \/>\n    Ahmed al-Ahmed desarmou um dos atiradores&#13;<br \/>\n    &#13;\n <\/p>\n<p>Aquele que j\u00e1 \u00e9 aclamado como um her\u00f3i, impedindo um n\u00famero maior de v\u00edtimas num incidente j\u00e1 tr\u00e1gico, acabaria por ser atingido por dois tiros, no bra\u00e7o e na m\u00e3o, segundo declara\u00e7\u00f5es de um familiar ao canal Seven News, citado pelo di\u00e1rio australiano <a href=\"https:\/\/www.smh.com.au\/national\/nsw\/hero-bystander-tackles-gunman-in-incredible-footage-20251214-p5nnlb.html\" rel=\"nofollow noopener\" target=\"_blank\">The Sydney Morning Herald<\/a>.<\/p>\n<p>Ahmed al-Ahmed, que foi encaminhado para o hospital de St. George, estaria a visitar a praia de Bondi quando se deparou com o ataque. O homem de 43 anos vive em Sutherland Shire, na periferia de Sydney, e n\u00e3o ter\u00e1 experi\u00eancia com armas, segundo o mesmo jornal australiano.<\/p>\n<p>A ac\u00e7\u00e3o corajosa de Ahmed al-Ahmed tem valido v\u00e1rios elogios, com particular destaque para o primeiro-ministro do estado de Nova Gales do Sul, Chris Minns, que se referiu a al-Ahmed como \u201cum verdadeiro her\u00f3i\u201d, considerando o v\u00eddeo \u201ca cena mais inacredit\u00e1vel que j\u00e1 viu\u201d.<\/p>\n<p>        &#13;<\/p>\n<p>&#13;<br \/>\n                &#13;\n            <\/p>\n<p>&#13;<\/p>\n<p>\u201cN\u00e3o tenho d\u00favidas de que muitas, muitas pessoas est\u00e3o vivas hoje \u00e0 noite gra\u00e7as \u00e0 sua coragem.\u201d<\/p>\n<p>O primeiro-ministro australiano, Anthony Albanese, elogiou os compatriotas que \u201ccorreram em direc\u00e7\u00e3o ao perigo para ajudar outros\u201d, sublinhando que a bravura desses intervenientes \u201csalvou vidas\u201d. Nas redes sociais, tamb\u00e9m se multiplicam as partilhas de utilizadores que destacam a coragem e o hero\u00edsmo de Ahmed al-Ahmed.<\/p>\n<p>O ataque terrorista deste domingo visou uma festa na praia de Bondi que marcava o in\u00edcio do Hanukkah, uma das principais celebra\u00e7\u00f5es do calend\u00e1rio judaico. Os dois homens armados mataram pelo menos 11 pessoas, contabilizando-se ainda 29 pessoas feridas. Um dos atiradores foi morto pela pol\u00edcia, enquanto o outro, tamb\u00e9m alvejado, foi detido pelas autoridades.<\/p>\n","protected":false},"excerpt":{"rendered":"Do tr\u00e1gico ataque a tiro em que morreram pelo menos 11 pessoas na praia de Bondi, em Sydney,&hellip;\n","protected":false},"author":2,"featured_media":188480,"comment_status":"","ping_status":"","sticky":false,"template":"","format":"standard","meta":{"footnotes":""},"categories":[8],"tags":[2337,27,28,15,16,14,25,26,21,22,62,12,13,19,20,13820,32,23,24,33,8270,17,18,29,30,31],"class_list":{"0":"post-188479","1":"post","2":"type-post","3":"status-publish","4":"format-standard","5":"has-post-thumbnail","7":"category-principais-noticias","8":"tag-australia","9":"tag-breaking-news","10":"tag-breakingnews","11":"tag-featured-news","12":"tag-featurednews","13":"tag-headlines","14":"tag-latest-news","15":"tag-latestnews","16":"tag-main-news","17":"tag-mainnews","18":"tag-mundo","19":"tag-news","20":"tag-noticias","21":"tag-noticias-principais","22":"tag-noticiasprincipais","23":"tag-oceania","24":"tag-portugal","25":"tag-principais-noticias","26":"tag-principaisnoticias","27":"tag-pt","28":"tag-terrorismo","29":"tag-top-stories","30":"tag-topstories","31":"tag-ultimas","32":"tag-ultimas-noticias","33":"tag-ultimasnoticias"},"share_on_mastodon":{"url":"https:\/\/pubeurope.com\/@pt\/115720327743505394","error":""},"_links":{"self":[{"href":"https:\/\/www.europesays.com\/pt\/wp-json\/wp\/v2\/posts\/188479","targetHints":{"allow":["GET"]}}],"collection":[{"href":"https:\/\/www.europesays.com\/pt\/wp-json\/wp\/v2\/posts"}],"about":[{"href":"https:\/\/www.europesays.com\/pt\/wp-json\/wp\/v2\/types\/post"}],"author":[{"embeddable":true,"href":"https:\/\/www.europesays.com\/pt\/wp-json\/wp\/v2\/users\/2"}],"replies":[{"embeddable":true,"href":"https:\/\/www.europesays.com\/pt\/wp-json\/wp\/v2\/comments?post=188479"}],"version-history":[{"count":0,"href":"https:\/\/www.europesays.com\/pt\/wp-json\/wp\/v2\/posts\/188479\/revisions"}],"wp:featuredmedia":[{"embeddable":true,"href":"https:\/\/www.europesays.com\/pt\/wp-json\/wp\/v2\/media\/188480"}],"wp:attachment":[{"href":"https:\/\/www.europesays.com\/pt\/wp-json\/wp\/v2\/media?parent=188479"}],"wp:term":[{"taxonomy":"category","embeddable":true,"href":"https:\/\/www.europesays.com\/pt\/wp-json\/wp\/v2\/categories?post=188479"},{"taxonomy":"post_tag","embeddable":true,"href":"https:\/\/www.europesays.com\/pt\/wp-json\/wp\/v2\/tags?post=188479"}],"curies":[{"name":"wp","href":"https:\/\/api.w.org\/{rel}","templated":true}]}}