{"id":188483,"date":"2025-12-14T22:43:12","date_gmt":"2025-12-14T22:43:12","guid":{"rendered":"https:\/\/www.europesays.com\/pt\/188483\/"},"modified":"2025-12-14T22:43:12","modified_gmt":"2025-12-14T22:43:12","slug":"eu-estou-ao-pe-dela-so-para-ela-nao-estar-ali-sozinha-ines-ouve-tudo-o-que-os-concorrentes-dizem-de-si-nas-costas-secret-story","status":"publish","type":"post","link":"https:\/\/www.europesays.com\/pt\/188483\/","title":{"rendered":"\u00abEu estou ao p\u00e9 dela s\u00f3 para ela n\u00e3o estar ali sozinha&#8230;\u00bb: In\u00eas ouve tudo o que os concorrentes dizem de si nas costas &#8211; Secret Story"},"content":{"rendered":"<p>Na Gala do Secret Story 9, a casa \u00e9 confrontada com imagens dos concorrentes a falarem mal de In\u00eas nas suas costas. In\u00eas ouve tudo o que estes dizem e prepare-se&#8230; porque a &#8220;m\u00e1-l\u00edngua&#8221; vai surpreender!\u00a0<\/p>\n<p><strong>Esta semana, h\u00e1 tr\u00eas concorrentes em risco de expuls\u00e3o. Pode votar na APP oficial do TVI reality ou atrav\u00e9s das linhas telef\u00f3nicas.<\/strong><\/p>\n<p>VOTE PARA SALVAR:<\/p>\n<p>ANA \u2013 761 20 20 01<\/p>\n<p>IN\u00caS \u2013 761 20 20 10<\/p>\n<p>LILIANA \u2013 761 20 20 14<\/p>\n<p><a href=\"https:\/\/tvi.iol.pt\/secretstory\/aominuto\" wbo-id=\"32\" rel=\"nofollow noopener\" target=\"_blank\">Veja aqui tudo o que se passa na casa do Secret Story 9<\/a><\/p>\n","protected":false},"excerpt":{"rendered":"Na Gala do Secret Story 9, a casa \u00e9 confrontada com imagens dos concorrentes a falarem mal de&hellip;\n","protected":false},"author":2,"featured_media":188484,"comment_status":"","ping_status":"","sticky":false,"template":"","format":"standard","meta":{"footnotes":""},"categories":[142],"tags":[114,115,19033,19034,32,33,151,19032],"class_list":{"0":"post-188483","1":"post","2":"type-post","3":"status-publish","4":"format-standard","5":"has-post-thumbnail","7":"category-tv","8":"tag-entertainment","9":"tag-entretenimento","10":"tag-galas-em-video","11":"tag-melhores-momentos-casa-dos-segredos","12":"tag-portugal","13":"tag-pt","14":"tag-tv","15":"tag-videos-secret-story-tvi"},"share_on_mastodon":{"url":"https:\/\/pubeurope.com\/@pt\/115720342951796072","error":""},"_links":{"self":[{"href":"https:\/\/www.europesays.com\/pt\/wp-json\/wp\/v2\/posts\/188483","targetHints":{"allow":["GET"]}}],"collection":[{"href":"https:\/\/www.europesays.com\/pt\/wp-json\/wp\/v2\/posts"}],"about":[{"href":"https:\/\/www.europesays.com\/pt\/wp-json\/wp\/v2\/types\/post"}],"author":[{"embeddable":true,"href":"https:\/\/www.europesays.com\/pt\/wp-json\/wp\/v2\/users\/2"}],"replies":[{"embeddable":true,"href":"https:\/\/www.europesays.com\/pt\/wp-json\/wp\/v2\/comments?post=188483"}],"version-history":[{"count":0,"href":"https:\/\/www.europesays.com\/pt\/wp-json\/wp\/v2\/posts\/188483\/revisions"}],"wp:featuredmedia":[{"embeddable":true,"href":"https:\/\/www.europesays.com\/pt\/wp-json\/wp\/v2\/media\/188484"}],"wp:attachment":[{"href":"https:\/\/www.europesays.com\/pt\/wp-json\/wp\/v2\/media?parent=188483"}],"wp:term":[{"taxonomy":"category","embeddable":true,"href":"https:\/\/www.europesays.com\/pt\/wp-json\/wp\/v2\/categories?post=188483"},{"taxonomy":"post_tag","embeddable":true,"href":"https:\/\/www.europesays.com\/pt\/wp-json\/wp\/v2\/tags?post=188483"}],"curies":[{"name":"wp","href":"https:\/\/api.w.org\/{rel}","templated":true}]}}