{"id":188493,"date":"2025-12-14T22:52:12","date_gmt":"2025-12-14T22:52:12","guid":{"rendered":"https:\/\/www.europesays.com\/pt\/188493\/"},"modified":"2025-12-14T22:52:12","modified_gmt":"2025-12-14T22:52:12","slug":"capitao-do-porto-estava-do-lado-espanhol-e-viu-naufragio-em-caminha","status":"publish","type":"post","link":"https:\/\/www.europesays.com\/pt\/188493\/","title":{"rendered":"Capit\u00e3o do porto estava do lado espanhol e viu naufr\u00e1gio em Caminha"},"content":{"rendered":"<p data-remotead-prev-elm=\"true\" data-remotead-elm-id=\"inread\">A presen\u00e7a do capit\u00e3o do Porto de Caminha e comandante da Pol\u00edcia Mar\u00edtima local, Vieira Pereira, que estava em lazer numa zona pr\u00f3xima do local onde aconteceu um naufr\u00e1gio, ter\u00e1 contribu\u00eddo para o salvamento de dois dos cinco tripulantes da embarca\u00e7\u00e3o de pesca acidentada. Mal se apercebeu da situa\u00e7\u00e3o, deu o alerta. &#8220;Estava em lazer do lado espanhol [em A Guarda] e apercebi-me que uma embarca\u00e7\u00e3o estava muito pr\u00f3xima da \u00cdnsua e depois deixei de a ver&#8221;, contou, ao JN, Vieira Pereira.<\/p>\n","protected":false},"excerpt":{"rendered":"A presen\u00e7a do capit\u00e3o do Porto de Caminha e comandante da Pol\u00edcia Mar\u00edtima local, Vieira Pereira, que estava&hellip;\n","protected":false},"author":2,"featured_media":188494,"comment_status":"","ping_status":"","sticky":false,"template":"","format":"standard","meta":{"footnotes":""},"categories":[10],"tags":[27,28,20661,15,16,14,25,26,21,22,2758,12,13,19,20,9868,32,23,24,33,17,18,29,30,31],"class_list":{"0":"post-188493","1":"post","2":"type-post","3":"status-publish","4":"format-standard","5":"has-post-thumbnail","7":"category-portugal","8":"tag-breaking-news","9":"tag-breakingnews","10":"tag-concelho-caminha","11":"tag-featured-news","12":"tag-featurednews","13":"tag-headlines","14":"tag-latest-news","15":"tag-latestnews","16":"tag-main-news","17":"tag-mainnews","18":"tag-naufragio","19":"tag-news","20":"tag-noticias","21":"tag-noticias-principais","22":"tag-noticiasprincipais","23":"tag-pesca","24":"tag-portugal","25":"tag-principais-noticias","26":"tag-principaisnoticias","27":"tag-pt","28":"tag-top-stories","29":"tag-topstories","30":"tag-ultimas","31":"tag-ultimas-noticias","32":"tag-ultimasnoticias"},"share_on_mastodon":{"url":"https:\/\/pubeurope.com\/@pt\/115720378931618356","error":""},"_links":{"self":[{"href":"https:\/\/www.europesays.com\/pt\/wp-json\/wp\/v2\/posts\/188493","targetHints":{"allow":["GET"]}}],"collection":[{"href":"https:\/\/www.europesays.com\/pt\/wp-json\/wp\/v2\/posts"}],"about":[{"href":"https:\/\/www.europesays.com\/pt\/wp-json\/wp\/v2\/types\/post"}],"author":[{"embeddable":true,"href":"https:\/\/www.europesays.com\/pt\/wp-json\/wp\/v2\/users\/2"}],"replies":[{"embeddable":true,"href":"https:\/\/www.europesays.com\/pt\/wp-json\/wp\/v2\/comments?post=188493"}],"version-history":[{"count":0,"href":"https:\/\/www.europesays.com\/pt\/wp-json\/wp\/v2\/posts\/188493\/revisions"}],"wp:featuredmedia":[{"embeddable":true,"href":"https:\/\/www.europesays.com\/pt\/wp-json\/wp\/v2\/media\/188494"}],"wp:attachment":[{"href":"https:\/\/www.europesays.com\/pt\/wp-json\/wp\/v2\/media?parent=188493"}],"wp:term":[{"taxonomy":"category","embeddable":true,"href":"https:\/\/www.europesays.com\/pt\/wp-json\/wp\/v2\/categories?post=188493"},{"taxonomy":"post_tag","embeddable":true,"href":"https:\/\/www.europesays.com\/pt\/wp-json\/wp\/v2\/tags?post=188493"}],"curies":[{"name":"wp","href":"https:\/\/api.w.org\/{rel}","templated":true}]}}