{"id":188495,"date":"2025-12-14T22:53:18","date_gmt":"2025-12-14T22:53:18","guid":{"rendered":"https:\/\/www.europesays.com\/pt\/188495\/"},"modified":"2025-12-14T22:53:18","modified_gmt":"2025-12-14T22:53:18","slug":"um-carro-eletrico-que-se-desmonta-repara-e-volta-a-estrada-sem-ir-ao-concessionario","status":"publish","type":"post","link":"https:\/\/www.europesays.com\/pt\/188495\/","title":{"rendered":"Um carro el\u00e9trico que se desmonta, repara e volta \u00e0 estrada sem ir ao concession\u00e1rio"},"content":{"rendered":"<p>Um grupo de estudantes dos Pa\u00edses Baixos provou que \u00e9 poss\u00edvel desenvolver um ve\u00edculo el\u00e9trico acess\u00edvel, sustent\u00e1vel e pensado para durar, sem depender de oficinas especializadas ou visitas a concession\u00e1rios. O projeto chama-se ARIA e coloca em causa v\u00e1rios dos princ\u00edpios atuais da ind\u00fastria autom\u00f3vel.<\/p>\n<p><a target=\"_blank\" href=\"https:\/\/pplware.sapo.pt\/wp-content\/uploads\/2025\/12\/aria00.webp\" rel=\"nofollow noopener\"><img fetchpriority=\"high\" decoding=\"async\" src=\"https:\/\/www.europesays.com\/pt\/wp-content\/uploads\/2025\/12\/aria00-720x405.webp.webp\" alt=\"Imagem do carro el\u00e9trico ARIA\" width=\"720\" height=\"405\" class=\"aligncenter wp-image-1093381 size-medium\"  \/><\/a><\/p>\n<p>Futuro da mobilidade el\u00e9trica n\u00e3o tem de ser descart\u00e1vel<\/p>\n<p>Numa altura em que os ve\u00edculos el\u00e9tricos se tornam cada vez mais complexos, caros de reparar e dependentes de infraestruturas especializadas, um grupo de estudantes da Universidade de Tecnologia de Eindhoven decidiu seguir o caminho oposto.<\/p>\n<p>O resultado \u00e9 um prot\u00f3tipo de autom\u00f3vel el\u00e9trico modular, concebido para ser reparado pelo pr\u00f3prio utilizador, com custos reduzidos e uma vida \u00fatil significativamente mais longa.<\/p>\n<p><a target=\"_blank\" href=\"https:\/\/pplware.sapo.pt\/wp-content\/uploads\/2025\/12\/aria01.webp\" rel=\"nofollow noopener\"><img loading=\"lazy\" decoding=\"async\" src=\"https:\/\/www.europesays.com\/pt\/wp-content\/uploads\/2025\/12\/aria01-720x405.webp.webp\" alt=\"Imagem do carro el\u00e9trico ARIA\" width=\"720\" height=\"405\" class=\"aligncenter wp-image-1093387 size-medium\"  \/><\/a><\/p>\n<p>ARIA: Anyone Repairs It Anywhere<\/p>\n<p>O ve\u00edculo chama-se ARIA, sigla para <strong>Anyone Repairs It Anywhere<\/strong>, e \u00e9 o d\u00e9cimo prot\u00f3tipo el\u00e9trico desenvolvido pelas equipas <a target=\"_blank\" href=\"https:\/\/www.tuecomotive.nl\/\" rel=\"nofollow noopener\">ecomotive da TU\/e<\/a>.<\/p>\n<p>Projetos anteriores j\u00e1 tinham explorado ideias ambiciosas, como <strong>carros capazes de remover CO\u2082 do ar<\/strong> enquanto circulam, constru\u00eddos a partir de pl\u00e1stico recolhido dos oceanos ou desenhados para durar uma vida inteira.<\/p>\n<p>Desta vez, o <strong>foco est\u00e1 na reparabilidade<\/strong>. O ARIA foi concebido com uma arquitetura modular, onde componentes como baterias, pain\u00e9is da carro\u00e7aria ou eletr\u00f3nica podem ser facilmente removidos e substitu\u00eddos.<\/p>\n<p>O utilizador apenas precisa das ferramentas inclu\u00eddas e de uma aplica\u00e7\u00e3o de diagn\u00f3stico que comunica diretamente com o painel do ve\u00edculo. N\u00e3o h\u00e1 necessidade de recorrer a um concession\u00e1rio.<\/p>\n<dl class=\"gallery-item\">\n<dt class=\"gallery-icon landscape\">\n\t\t\t\t<a data-attachment-id=\"1093386\" href=\"https:\/\/pplware.sapo.pt\/wp-content\/uploads\/2025\/12\/aria02.webp\" rel=\"nofollow noopener\" target=\"_blank\"><img loading=\"lazy\" decoding=\"async\" width=\"720\" height=\"405\" src=\"https:\/\/www.europesays.com\/pt\/wp-content\/uploads\/2025\/12\/aria02-720x405.webp.webp\" class=\"attachment-medium size-medium\" alt=\"\"  \/><\/a>\n\t\t\t<\/dt>\n<\/dl>\n<dl class=\"gallery-item\">\n<dt class=\"gallery-icon landscape\">\n\t\t\t\t<a data-attachment-id=\"1093385\" href=\"https:\/\/pplware.sapo.pt\/wp-content\/uploads\/2025\/12\/aria03.webp\" rel=\"nofollow noopener\" target=\"_blank\"><img loading=\"lazy\" decoding=\"async\" width=\"720\" height=\"405\" src=\"https:\/\/www.europesays.com\/pt\/wp-content\/uploads\/2025\/12\/aria03-720x405.webp.webp\" class=\"attachment-medium size-medium\" alt=\"\"  \/><\/a>\n\t\t\t<\/dt>\n<\/dl>\n<p><br style=\"clear: both\"\/><\/p>\n<p>Design modular para reduzir custos e prolongar a vida \u00fatil<\/p>\n<p>Segundo a equipa ecomotive, esta abordagem reduz drasticamente os custos de manuten\u00e7\u00e3o e evita que ve\u00edculos ainda funcionais sejam descartados devido a avarias pontuais. Quando um componente falha, n\u00e3o \u00e9 necess\u00e1rio substituir um sistema completo, apenas o m\u00f3dulo afetado.<\/p>\n<p>O <strong>ARIA atinge uma velocidade m\u00e1xima de 90 km\/h<\/strong> e oferece uma autonomia de cerca de 220 quil\u00f3metros. A energia \u00e9 fornecida por <strong>seis m\u00f3dulos de bateria independentes<\/strong> e intercambi\u00e1veis, com uma <strong>capacidade total de 12,96 kWh<\/strong>.<\/p>\n<p>Uma das grandes vantagens deste conceito \u00e9 a possibilidade de <strong>substituir apenas uma bateria degradada<\/strong>, em vez de trocar todo o pack. Isto contrasta com a maioria dos ve\u00edculos el\u00e9tricos atuais, que utilizam baterias monol\u00edticas, mais pesadas e dispendiosas, e que exigem substitui\u00e7\u00e3o integral em caso de falha.<\/p>\n<p><a target=\"_blank\" href=\"https:\/\/pplware.sapo.pt\/wp-content\/uploads\/2025\/12\/aria04.webp\" rel=\"nofollow noopener\"><img loading=\"lazy\" decoding=\"async\" src=\"https:\/\/www.europesays.com\/pt\/wp-content\/uploads\/2025\/12\/aria04-720x405.webp.webp\" alt=\"Imagem do carro el\u00e9trico ARIA\" width=\"720\" height=\"405\" class=\"aligncenter wp-image-1093384 size-medium\"  \/><\/a><\/p>\n<p>Uma resposta \u00e0 escassez de t\u00e9cnicos especializados<\/p>\n<p>Com poucos mec\u00e2nicos formados em sistemas el\u00e9tricos e baterias de alta tens\u00e3o, muitas repara\u00e7\u00f5es prolongam-se durante semanas e podem custar milhares de euros.\u00a0Em muitos casos, o custo acaba por justificar o abate prematuro de ve\u00edculos que, de outra forma, continuariam perfeitamente operacionais.<\/p>\n<p>O ARIA pretende demonstrar que este problema n\u00e3o \u00e9 inevit\u00e1vel, mas sim uma consequ\u00eancia de decis\u00f5es de design.<\/p>\n<p>Um prot\u00f3tipo com potencial, mas ainda sem futuro comercial<\/p>\n<p>Apesar da vis\u00e3o clara, o ARIA continua a ser apenas um prot\u00f3tipo. A <strong>equipa n\u00e3o tem planos para o comercializar<\/strong> e o seu desempenho a longo prazo em condi\u00e7\u00f5es reais de utiliza\u00e7\u00e3o permanece desconhecido.<\/p>\n<p>Tamb\u00e9m n\u00e3o \u00e9 ainda certo se a modularidade se revelar\u00e1 t\u00e3o pr\u00e1tica ap\u00f3s centenas de horas de condu\u00e7\u00e3o ou se introduzir\u00e1 novos desafios de manuten\u00e7\u00e3o que os designs tradicionais evitam.<\/p>\n<p><a target=\"_blank\" href=\"https:\/\/pplware.sapo.pt\/wp-content\/uploads\/2025\/12\/aria06.webp\" rel=\"nofollow noopener\"><img loading=\"lazy\" decoding=\"async\" src=\"https:\/\/www.europesays.com\/pt\/wp-content\/uploads\/2025\/12\/aria06-720x405.webp.webp\" alt=\"Imagem do carro el\u00e9trico ARIA\" width=\"720\" height=\"405\" class=\"aligncenter wp-image-1093382 size-medium\"  \/><\/a><\/p>\n<p>Outros projetos modulares no mercado<\/p>\n<p>O ARIA n\u00e3o \u00e9 o \u00fanico projeto a explorar a modularidade. O XBUS, da startup alem\u00e3 ElectricBrands, propunha <strong>carro\u00e7arias intercambi\u00e1veis ao estilo LEGO<\/strong>, permitindo transformar o ve\u00edculo de carrinha de campismo em pick-up. No entanto, problemas de financiamento atrasaram o projeto.<\/p>\n<p>J\u00e1 o <a target=\"_blank\" href=\"https:\/\/www.kiapressoffice.com\/releases\/1803\" rel=\"nofollow noopener\">Kia PV5<\/a> segue um caminho mais comercial, com tecnologia propriet\u00e1ria de troca r\u00e1pida para diferentes configura\u00e7\u00f5es, embora esteja <a target=\"_blank\" href=\"https:\/\/pplware.sapo.pt\/motores\/carrinha-eletrica-conquista-recorde-mundial-69338-km-com-uma-unica-carga\/\" rel=\"nofollow noopener\">direcionado para frotas profissionais<\/a> e n\u00e3o para utilizadores individuais.<\/p>\n<p>O direito \u00e0 repara\u00e7\u00e3o como princ\u00edpio central<\/p>\n<p>Ao contr\u00e1rio destes exemplos, o ARIA n\u00e3o procura transformar o ve\u00edculo, mas sim devolver o controlo ao consumidor. O projeto inspira-se diretamente no movimento <strong>Right to Repair<\/strong>, apoiado pela <a target=\"_blank\" href=\"https:\/\/www.europarl.europa.eu\/news\/en\/press-room\/20240419IPR20590\/right-to-repair-making-repair-easier-and-more-appealing-to-consumers\" rel=\"nofollow noopener\">Uni\u00e3o Europeia<\/a>, que defende produtos dur\u00e1veis e concebidos para serem reparados, em vez de substitu\u00eddos.<\/p>\n<blockquote>\n<p>Right to Repair significa devolver o controlo ao utilizador. \u00c9 exatamente isso que estamos a fazer.<\/p>\n<p>As novas regras europeias s\u00e3o um avan\u00e7o, mas focam-se sobretudo em eletrodom\u00e9sticos e eletr\u00f3nica de consumo.<\/p>\n<\/blockquote>\n<p>Explica Taco Olmer, gestor da <a target=\"_blank\" href=\"https:\/\/www.tue.nl\/en\/news-and-events\/news-overview\/25-11-2025-tue-students-build-modular-electric-city-car-you-can-repair-yourself\" rel=\"nofollow noopener\">equipa ecomotive<\/a>.<\/p>\n<p style=\"text-align: center;\">\n<p>Segundo Olmer, os ve\u00edculos el\u00e9tricos continuam fora desse enquadramento.<\/p>\n<blockquote>\n<p>Com o ARIA, mostramos o que \u00e9 poss\u00edvel e esperamos incentivar a Uni\u00e3o Europeia a aplicar estas regras aos autom\u00f3veis de passageiros. Ao mesmo tempo, queremos provar \u00e0 ind\u00fastria que um design sustent\u00e1vel e pr\u00e1tico \u00e9 perfeitamente vi\u00e1vel.<\/p>\n<p>Se conseguimos faz\u00ea-lo num ano, existem oportunidades claras para o setor.<\/p>\n<\/blockquote>\n<p>O ARIA <strong>pode n\u00e3o chegar \u00e0s estradas<\/strong>, mas deixa uma mensagem clara. O <strong>futuro da mobilidade el\u00e9trica n\u00e3o tem de ser descart\u00e1vel<\/strong>, opaco ou inacess\u00edvel ao utilizador comum.<\/p>\n","protected":false},"excerpt":{"rendered":"Um grupo de estudantes dos Pa\u00edses Baixos provou que \u00e9 poss\u00edvel desenvolver um ve\u00edculo el\u00e9trico acess\u00edvel, sustent\u00e1vel e&hellip;\n","protected":false},"author":2,"featured_media":188496,"comment_status":"","ping_status":"","sticky":false,"template":"","format":"standard","meta":{"footnotes":""},"categories":[8],"tags":[38131,27,28,744,15,16,14,25,26,21,22,12,13,19,20,32,23,24,33,17,18,29,30,31],"class_list":{"0":"post-188495","1":"post","2":"type-post","3":"status-publish","4":"format-standard","5":"has-post-thumbnail","7":"category-principais-noticias","8":"tag-aria","9":"tag-breaking-news","10":"tag-breakingnews","11":"tag-carro-eletrico","12":"tag-featured-news","13":"tag-featurednews","14":"tag-headlines","15":"tag-latest-news","16":"tag-latestnews","17":"tag-main-news","18":"tag-mainnews","19":"tag-news","20":"tag-noticias","21":"tag-noticias-principais","22":"tag-noticiasprincipais","23":"tag-portugal","24":"tag-principais-noticias","25":"tag-principaisnoticias","26":"tag-pt","27":"tag-top-stories","28":"tag-topstories","29":"tag-ultimas","30":"tag-ultimas-noticias","31":"tag-ultimasnoticias"},"share_on_mastodon":{"url":"https:\/\/pubeurope.com\/@pt\/115720383190626554","error":""},"_links":{"self":[{"href":"https:\/\/www.europesays.com\/pt\/wp-json\/wp\/v2\/posts\/188495","targetHints":{"allow":["GET"]}}],"collection":[{"href":"https:\/\/www.europesays.com\/pt\/wp-json\/wp\/v2\/posts"}],"about":[{"href":"https:\/\/www.europesays.com\/pt\/wp-json\/wp\/v2\/types\/post"}],"author":[{"embeddable":true,"href":"https:\/\/www.europesays.com\/pt\/wp-json\/wp\/v2\/users\/2"}],"replies":[{"embeddable":true,"href":"https:\/\/www.europesays.com\/pt\/wp-json\/wp\/v2\/comments?post=188495"}],"version-history":[{"count":0,"href":"https:\/\/www.europesays.com\/pt\/wp-json\/wp\/v2\/posts\/188495\/revisions"}],"wp:featuredmedia":[{"embeddable":true,"href":"https:\/\/www.europesays.com\/pt\/wp-json\/wp\/v2\/media\/188496"}],"wp:attachment":[{"href":"https:\/\/www.europesays.com\/pt\/wp-json\/wp\/v2\/media?parent=188495"}],"wp:term":[{"taxonomy":"category","embeddable":true,"href":"https:\/\/www.europesays.com\/pt\/wp-json\/wp\/v2\/categories?post=188495"},{"taxonomy":"post_tag","embeddable":true,"href":"https:\/\/www.europesays.com\/pt\/wp-json\/wp\/v2\/tags?post=188495"}],"curies":[{"name":"wp","href":"https:\/\/api.w.org\/{rel}","templated":true}]}}