{"id":188497,"date":"2025-12-14T22:54:19","date_gmt":"2025-12-14T22:54:19","guid":{"rendered":"https:\/\/www.europesays.com\/pt\/188497\/"},"modified":"2025-12-14T22:54:19","modified_gmt":"2025-12-14T22:54:19","slug":"biel-expoe-relacao-com-iza-e-revela-ressentimento-nunca-mandou-uma-mensagem-televisao","status":"publish","type":"post","link":"https:\/\/www.europesays.com\/pt\/188497\/","title":{"rendered":"Biel exp\u00f5e rela\u00e7\u00e3o com Iza e revela ressentimento: &#8216;Nunca mandou uma mensagem&#8217; | Televis\u00e3o"},"content":{"rendered":"<p>Rio &#8211;\u00a0Biel, de 29 anos, criticou a Iza, de 35, que j\u00e1 integrou a banda do cantor como backing vocal, e afirmou que a artista desapareceu ap\u00f3s alcan\u00e7ar o sucesso. O desabafo ocorreu durante sua participa\u00e7\u00e3o no programa &#8220;Sabadou com Virginia&#8221;, do SBT, que foi ao ar neste s\u00e1bado (13).<\/p>\n<p>&#8220;Levei ela a v\u00e1rios programas da Globo e ela nem me segue [nas redes sociais]. J\u00e1 passei por v\u00e1rios momentos dif\u00edceis e ela nunca mandou uma mensagem perguntando se eu estava precisando de ajuda&#8221;, disse o participante de &#8220;A Fazenda 12&#8221;.\u00a0Apesar do distanciamento, Biel afirmou que gostaria que houvesse algum tipo de aproxima\u00e7\u00e3o entre os dois.<\/p>\n<p>Os dois trabalharam juntos no in\u00edcio da carreira, em 2016, e chegaram a se apresentar no &#8220;Caldeir\u00e3o do Huck&#8221;, cantando a m\u00fasica &#8220;Melhor Assim&#8221;. Eles tamb\u00e9m interpretaram a can\u00e7\u00e3o no programa &#8220;Encontro com F\u00e1tima Bernardes&#8221;.<\/p>\n<p>Segundo Biel, ap\u00f3s acompanhar Iza em apresenta\u00e7\u00f5es e programas da Globo, a artista assinou contrato com uma gravadora e passou a seguir carreira solo, sem manter contato. Apesar disso, ele mant\u00e9m lembran\u00e7as da parceria e expressa o desejo de que a rela\u00e7\u00e3o pudesse ser retomada de forma amig\u00e1vel.<\/p>\n","protected":false},"excerpt":{"rendered":"Rio &#8211;\u00a0Biel, de 29 anos, criticou a Iza, de 35, que j\u00e1 integrou a banda do cantor como&hellip;\n","protected":false},"author":2,"featured_media":188498,"comment_status":"","ping_status":"","sticky":false,"template":"","format":"standard","meta":{"footnotes":""},"categories":[145],"tags":[725,211,210,114,115,6866,32,33,38132],"class_list":{"0":"post-188497","1":"post","2":"type-post","3":"status-publish","4":"format-standard","5":"has-post-thumbnail","7":"category-celebridades","8":"tag-biel","9":"tag-celebridades","10":"tag-celebrities","11":"tag-entertainment","12":"tag-entretenimento","13":"tag-iza","14":"tag-portugal","15":"tag-pt","16":"tag-sabadou-com-virginia"},"share_on_mastodon":{"url":"https:\/\/pubeurope.com\/@pt\/115720386241815881","error":""},"_links":{"self":[{"href":"https:\/\/www.europesays.com\/pt\/wp-json\/wp\/v2\/posts\/188497","targetHints":{"allow":["GET"]}}],"collection":[{"href":"https:\/\/www.europesays.com\/pt\/wp-json\/wp\/v2\/posts"}],"about":[{"href":"https:\/\/www.europesays.com\/pt\/wp-json\/wp\/v2\/types\/post"}],"author":[{"embeddable":true,"href":"https:\/\/www.europesays.com\/pt\/wp-json\/wp\/v2\/users\/2"}],"replies":[{"embeddable":true,"href":"https:\/\/www.europesays.com\/pt\/wp-json\/wp\/v2\/comments?post=188497"}],"version-history":[{"count":0,"href":"https:\/\/www.europesays.com\/pt\/wp-json\/wp\/v2\/posts\/188497\/revisions"}],"wp:featuredmedia":[{"embeddable":true,"href":"https:\/\/www.europesays.com\/pt\/wp-json\/wp\/v2\/media\/188498"}],"wp:attachment":[{"href":"https:\/\/www.europesays.com\/pt\/wp-json\/wp\/v2\/media?parent=188497"}],"wp:term":[{"taxonomy":"category","embeddable":true,"href":"https:\/\/www.europesays.com\/pt\/wp-json\/wp\/v2\/categories?post=188497"},{"taxonomy":"post_tag","embeddable":true,"href":"https:\/\/www.europesays.com\/pt\/wp-json\/wp\/v2\/tags?post=188497"}],"curies":[{"name":"wp","href":"https:\/\/api.w.org\/{rel}","templated":true}]}}