{"id":188511,"date":"2025-12-14T23:13:12","date_gmt":"2025-12-14T23:13:12","guid":{"rendered":"https:\/\/www.europesays.com\/pt\/188511\/"},"modified":"2025-12-14T23:13:12","modified_gmt":"2025-12-14T23:13:12","slug":"como-aconteceu-acidente-de-roberto-carlos-com-cadillac-apos-gravacao-no-especial-de-fim-de-ano","status":"publish","type":"post","link":"https:\/\/www.europesays.com\/pt\/188511\/","title":{"rendered":"Como aconteceu acidente de Roberto Carlos com Cadillac ap\u00f3s grava\u00e7\u00e3o no especial de fim de ano"},"content":{"rendered":"<p>                            <img width=\"944\" height=\"531\" src=\"https:\/\/www.europesays.com\/pt\/wp-content\/uploads\/2025\/12\/Roberto-Carlos-Especial-fim-de-ano-4-944x531.jpg\" class=\"attachment-custom-large size-custom-large article-featured-image\" alt=\"\" fetchpriority=\"high\" decoding=\"async\"  \/><\/p>\n<p class=\"image-caption\">Cantor passou por atendimento m\u00e9dico e foi liberado (Foto: Ramiro Berthold, Globo)<\/p>\n<p>Roberto Carlos precisou passar por atendimento m\u00e9dico ap\u00f3s se envolver em um acidente em Gramado, no Rio Grande do Sul, na madrugada deste domingo (14). O cantor gravava o clipe de abertura do especial de fim de ano da TV Globo quando seu Cadillac atingiu tr\u00eas outros carros da equipe.<\/p>\n<p>Continua depois da publicidade<\/p>\n<p>Veja fotos1<\/p>\n<p>VoltarAvan\u00e7ar<\/p>\n<p><img loading=\"lazy\" decoding=\"async\" width=\"1200\" height=\"675\" data-id=\"7755264\" src=\"https:\/\/www.europesays.com\/pt\/wp-content\/uploads\/2025\/12\/Roberto-Carlos-2007-Foto-Redes-sociais-Reproducao.jpg\" alt=\"\" class=\"wp-image-7755264\"  \/><\/p>\n<p>Grava\u00e7\u00e3o do especial em 2007, com seu Cadillac vermelho (Foto: Redes sociais, Reprodu\u00e7\u00e3o)<\/p>\n<p><img loading=\"lazy\" decoding=\"async\" width=\"1200\" height=\"675\" data-id=\"7755044\" src=\"https:\/\/www.europesays.com\/pt\/wp-content\/uploads\/2025\/12\/Roberto-Carlos-Especial-fim-de-ano-3.jpg\" alt=\"\" class=\"wp-image-7755044\"  \/><\/p>\n<p>O acidente aconteceu na madrugada deste domingo (14) (Foto: Ramiro Berthold, Globo)<\/p>\n<p><img loading=\"lazy\" decoding=\"async\" width=\"1200\" height=\"675\" data-id=\"7755045\" src=\"https:\/\/www.europesays.com\/pt\/wp-content\/uploads\/2025\/12\/Roberto-Carlos-Especial-fim-de-ano.jpg\" alt=\"\" class=\"wp-image-7755045\"  \/><\/p>\n<p>O cantor dirigia um Cadillac no momento da colis\u00e3o (Foto: Ramiro Berthold, Globo)<\/p>\n<p><img loading=\"lazy\" decoding=\"async\" width=\"1200\" height=\"675\" data-id=\"7755043\" src=\"https:\/\/www.europesays.com\/pt\/wp-content\/uploads\/2025\/12\/Roberto-Carlos-Especial-fim-de-ano-2.jpg\" alt=\"\" class=\"wp-image-7755043\"  \/><\/p>\n<p>O ve\u00edculo atingiu tr\u00eas carros da equipe de produ\u00e7\u00e3o (Foto: Ramiro Berthold, Globo)<\/p>\n<p><img loading=\"lazy\" decoding=\"async\" width=\"1200\" height=\"675\" data-id=\"7755042\" src=\"https:\/\/www.europesays.com\/pt\/wp-content\/uploads\/2025\/12\/Roberto-Carlos-Especial-fim-de-ano-4.jpg\" alt=\"\" class=\"wp-image-7755042\"  \/><\/p>\n<p>Ap\u00f3s exames, todos os envolvidos foram liberados (Foto: Ramiro Berthold, Globo)<\/p>\n<p><img loading=\"lazy\" decoding=\"async\" width=\"1200\" height=\"675\" data-id=\"7755036\" src=\"https:\/\/www.europesays.com\/pt\/wp-content\/uploads\/2025\/12\/Roberto-Carlos.jpg\" alt=\"\" class=\"wp-image-7755036\"  \/><\/p>\n<p>Roberto Carlos gravou o especial de fim de ano na sexta-feira (12) (Foto: Ramiro Berthold, Globo)<\/p>\n<p>Conforme informa\u00e7\u00f5es do Comando Rodovi\u00e1rio da Brigada Militar, o carro apresentou falha no sistema de freios ao subir uma ladeira. O Cadillac, ent\u00e3o, desceu a rua de r\u00e9 e colidiu com tr\u00eas ve\u00edculos da equipe.<\/p>\n<p>O Cadillac do cantor ainda bateu em uma \u00e1rvore antes de parar totalmente. As informa\u00e7\u00f5es s\u00e3o do O Globo e g1.<\/p>\n<p>Atendimento m\u00e9dico<\/p>\n<p>Segundo nota oficial da emissora, quatro pessoas, incluindo o cantor, foram levadas ao hospital Arcanjo S\u00e3o Miguel, em Gramado. Todos os envolvidos passaram por exames no local e foram liberados.<\/p>\n<p>Grava\u00e7\u00e3o do especial de fim de ano<\/p>\n<p>O tradicional especial de final de ano com o cantor Roberto Carlos foi gravado na sexta-feira (12), no Serra Park, em Gramado. Pela primeira vez, a cidade ga\u00facha conhecida por ser s\u00edmbolo do Natal brasileiro se tornou o cen\u00e1rio da programa\u00e7\u00e3o da TV Globo.<\/p>\n<p>Continua depois da publicidade<\/p>\n<p>Com um repert\u00f3rio que re\u00fane cl\u00e1ssicos, novidades e encontros marcantes, o \u201cEspecial Roberto Carlos \u2013 Noite Feliz\u201d abre o show com sucessos como \u201cEmo\u00e7\u00f5es\u201d e \u201cEsse Cara Sou Eu\u201d. Jo\u00e3o Gomes, Jorge Ben Jor, Faf\u00e1 de Bel\u00e9m, Sophie Charlotte e Supla se unem ao cantor em parcerias emocionantes.<\/p>\n<p>A grava\u00e7\u00e3o vai ao ar na TV Globo no dia 23 de dezembro ap\u00f3s \u201cTr\u00eas Gra\u00e7as\u201d e tem produ\u00e7\u00e3o de Maiana Timoner e Rodrigo T\u00e1pias, dire\u00e7\u00e3o geral de Ang\u00e9lica Campos e dire\u00e7\u00e3o de g\u00eanero de Joana Thimoteo.<\/p>\n","protected":false},"excerpt":{"rendered":"Cantor passou por atendimento m\u00e9dico e foi liberado (Foto: Ramiro Berthold, Globo) Roberto Carlos precisou passar por atendimento&hellip;\n","protected":false},"author":2,"featured_media":188512,"comment_status":"","ping_status":"","sticky":false,"template":"","format":"standard","meta":{"footnotes":""},"categories":[145],"tags":[59,211,210,829,114,115,32,33,3976],"class_list":{"0":"post-188511","1":"post","2":"type-post","3":"status-publish","4":"format-standard","5":"has-post-thumbnail","7":"category-celebridades","8":"tag-acidente","9":"tag-celebridades","10":"tag-celebrities","11":"tag-conteudo-liberado","12":"tag-entertainment","13":"tag-entretenimento","14":"tag-portugal","15":"tag-pt","16":"tag-roberto-carlos"},"share_on_mastodon":{"url":"https:\/\/pubeurope.com\/@pt\/115720461478363520","error":""},"_links":{"self":[{"href":"https:\/\/www.europesays.com\/pt\/wp-json\/wp\/v2\/posts\/188511","targetHints":{"allow":["GET"]}}],"collection":[{"href":"https:\/\/www.europesays.com\/pt\/wp-json\/wp\/v2\/posts"}],"about":[{"href":"https:\/\/www.europesays.com\/pt\/wp-json\/wp\/v2\/types\/post"}],"author":[{"embeddable":true,"href":"https:\/\/www.europesays.com\/pt\/wp-json\/wp\/v2\/users\/2"}],"replies":[{"embeddable":true,"href":"https:\/\/www.europesays.com\/pt\/wp-json\/wp\/v2\/comments?post=188511"}],"version-history":[{"count":0,"href":"https:\/\/www.europesays.com\/pt\/wp-json\/wp\/v2\/posts\/188511\/revisions"}],"wp:featuredmedia":[{"embeddable":true,"href":"https:\/\/www.europesays.com\/pt\/wp-json\/wp\/v2\/media\/188512"}],"wp:attachment":[{"href":"https:\/\/www.europesays.com\/pt\/wp-json\/wp\/v2\/media?parent=188511"}],"wp:term":[{"taxonomy":"category","embeddable":true,"href":"https:\/\/www.europesays.com\/pt\/wp-json\/wp\/v2\/categories?post=188511"},{"taxonomy":"post_tag","embeddable":true,"href":"https:\/\/www.europesays.com\/pt\/wp-json\/wp\/v2\/tags?post=188511"}],"curies":[{"name":"wp","href":"https:\/\/api.w.org\/{rel}","templated":true}]}}