{"id":188543,"date":"2025-12-14T23:44:13","date_gmt":"2025-12-14T23:44:13","guid":{"rendered":"https:\/\/www.europesays.com\/pt\/188543\/"},"modified":"2025-12-14T23:44:13","modified_gmt":"2025-12-14T23:44:13","slug":"angelica-ja-quis-retirar-pinta-iconica-na-perna-e-revela-que-marca-tem-medico-particular","status":"publish","type":"post","link":"https:\/\/www.europesays.com\/pt\/188543\/","title":{"rendered":"Ang\u00e9lica j\u00e1 quis retirar pinta ic\u00f4nica na perna e revela que marca tem m\u00e9dico particular"},"content":{"rendered":"<p data-start=\"218\" data-end=\"682\"><a href=\"https:\/\/natelinha.uol.com.br\/famosos\/tudo-sobre\/angelica\" rel=\"nofollow noopener\" target=\"_blank\">Ang\u00e9lica<\/a> afirmou que a pinta preta na perna, hoje associada \u00e0 sua imagem p\u00fablica, foi motivo de inc\u00f4modo durante a adolesc\u00eancia e o in\u00edcio da carreira na televis\u00e3o. A apresentadora contou que chegou a cogitar a retirada da marca por meio de cirurgia pl\u00e1stica e que, por um per\u00edodo, tentava escond\u00ea-la com a m\u00e3o.<\/p>\n<p data-start=\"684\" data-end=\"1197\">Segundo Ang\u00e9lica, a rejei\u00e7\u00e3o \u00e0 pinta come\u00e7ou quando ela tinha entre 12 e 13 anos, fase em que passou a ter maior exposi\u00e7\u00e3o na TV. \u201cOdiava a minha pinta com 12, 13 anos. Quando fui para a TV, era uma coisa muito diferente uma pinta no meio da perna\u201d, afirmou ao jornal O Globo.<\/p>\n<p data-start=\"684\" data-end=\"1197\">Naquele per\u00edodo, ela usava com frequ\u00eancia figurinos curtos e disse que tentava disfar\u00e7ar a marca sempre que poss\u00edvel. \u201cEu apresentava o programa com a m\u00e3o em cima. Na primeira vez que fui para a Disney, andava com a m\u00e3o sobre ela, tinha uma mania mesmo.\u201d<\/p>\n<p data-start=\"684\" data-end=\"1197\">+\u00a0<a href=\"https:\/\/natelinha.uol.com.br\/famosos\/2025\/12\/11\/angelica-conta-ter-dado-vibrador-para-a-mae-nao-sabia-o-que-era-235125.php\" target=\"_blank\" rel=\"noopener noreferrer nofollow\">Ang\u00e9lica conta ter dado vibrador para a m\u00e3e: &#8220;N\u00e3o sabia o que era&#8221;<\/a><\/p>\n<p data-start=\"1199\" data-end=\"1598\">A apresentadora relatou que chegou a procurar um cirurgi\u00e3o pl\u00e1stico logo no in\u00edcio da carreira. Segundo ela, o m\u00e9dico explicou que a retirada deixaria uma cicatriz maior do que a pr\u00f3pria pinta.<\/p>\n<p data-start=\"1199\" data-end=\"1598\">\u201cEle disse que eu ia ficar com uma cicatriz maior que a pinta. A\u00ed, falei: \u2018Ah, ent\u00e3o, t\u00e1, fazer o que?\u2019\u201d, contou. A decis\u00e3o de n\u00e3o realizar o procedimento encerrou a tentativa de remov\u00ea-la naquele momento.<\/p>\n<p data-start=\"1600\" data-end=\"1903\">Durante a passagem pela Rede Manchete, Ang\u00e9lica disse que ouviu do diretor Maur\u00edcio Sherman que a pinta poderia se tornar um elemento de identifica\u00e7\u00e3o. \u201cIsso vai ser a sua marca\u201d, lembrou. A apresentadora afirmou que, \u00e0 \u00e9poca, n\u00e3o compreendeu a observa\u00e7\u00e3o. \u201cE eu: \u2018Como, marca?\u2019\u201d, relatou na entrevista.<\/p>\n<p data-start=\"1600\" data-end=\"1903\">+\u00a0<a href=\"https:\/\/natelinha.uol.com.br\/famosos\/2025\/12\/06\/o-ato-que-levou-angelica-a-sair-da-tv-234908.php\" target=\"_blank\" rel=\"noopener noreferrer nofollow\">O ato que levou Ang\u00e9lica a sair da TV<\/a><\/p>\n<p data-start=\"1905\" data-end=\"2296\">Com o passar do tempo, a rela\u00e7\u00e3o com a pinta mudou. Ang\u00e9lica disse que a marca deixou de ser motivo de vergonha e passou a ser incorporada \u00e0 sua identidade p\u00fablica.<\/p>\n<p data-start=\"1905\" data-end=\"2296\">\u201cE, realmente, virou minha marca\u201d, afirmou. Atualmente, segundo a apresentadora, a pinta \u00e9 acompanhada por um m\u00e9dico. \u201cHoje, amo a minha pinta, ela \u00e9 linda demais. Tem o m\u00e9dico dela, toda uma vida pr\u00f3pria, um trabalho\u201d, disse.<\/p>\n<p data-start=\"2298\" data-end=\"2675\">Ao contextualizar esse processo, Ang\u00e9lica relacionou a rejei\u00e7\u00e3o inicial \u00e0 pinta ao ambiente de cobran\u00e7as est\u00e9ticas vivido desde a inf\u00e2ncia. Ela relembrou que iniciou a carreira muito cedo, participou de campanhas publicit\u00e1rias e atravessou a adolesc\u00eancia sob exposi\u00e7\u00e3o constante. \u201cSempre tive uma cobran\u00e7a muito grande. Imagina, passar a adolesc\u00eancia na televis\u00e3o&#8230;\u201d, afirmou.<\/p>\n<p>Exig\u00eancias feitas por Ang\u00e9lica<\/p>\n<p><img decoding=\"async\" loading=\"lazy\" class=\"horizontal\" src=\"https:\/\/www.europesays.com\/pt\/wp-content\/uploads\/2025\/08\/angelica50_9775.jpeg\" alt=\"imagem-texto\"\/><\/p>\n<p>continua depois da publicidade<\/p>\n<p data-start=\"2677\" data-end=\"3015\">A apresentadora descreveu que, al\u00e9m da pinta, lidava com exig\u00eancias relacionadas ao corpo, \u00e0 pele e \u00e0 apar\u00eancia em geral. \u201cTinha que cobrir a espinha, a pele com acne. \u00c9 close, \u00e9 corpo\u201d, relatou. Segundo ela, o padr\u00e3o exigido inclu\u00eda magreza e controle rigoroso do peso. \u201cTelevis\u00e3o engorda muito. Tinha que ser muito magra pra ficar bem.\u201d<\/p>\n<p data-start=\"3017\" data-end=\"3422\">Ang\u00e9lica afirmou que essas press\u00f5es ajudaram a moldar sua rela\u00e7\u00e3o com a pr\u00f3pria imagem ao longo dos anos. Ao falar sobre a adolesc\u00eancia, destacou o peso do olhar externo. \u201cEra muito o que o outro estava achando. Do meu cabelo, da minha pele, do corpo que eu tinha que ter\u201d, disse.<\/p>\n<p data-start=\"3017\" data-end=\"3422\">Para ela, a aceita\u00e7\u00e3o da pinta ocorreu paralelamente a um processo mais amplo de mudan\u00e7a na forma como passou a se enxergar.<\/p>\n","protected":false},"excerpt":{"rendered":"Ang\u00e9lica afirmou que a pinta preta na perna, hoje associada \u00e0 sua imagem p\u00fablica, foi motivo de inc\u00f4modo&hellip;\n","protected":false},"author":2,"featured_media":188544,"comment_status":"","ping_status":"","sticky":false,"template":"","format":"standard","meta":{"footnotes":""},"categories":[142],"tags":[13885,114,115,32,33,151],"class_list":{"0":"post-188543","1":"post","2":"type-post","3":"status-publish","4":"format-standard","5":"has-post-thumbnail","7":"category-tv","8":"tag-angelica","9":"tag-entertainment","10":"tag-entretenimento","11":"tag-portugal","12":"tag-pt","13":"tag-tv"},"share_on_mastodon":{"url":"https:\/\/pubeurope.com\/@pt\/115720583146635171","error":""},"_links":{"self":[{"href":"https:\/\/www.europesays.com\/pt\/wp-json\/wp\/v2\/posts\/188543","targetHints":{"allow":["GET"]}}],"collection":[{"href":"https:\/\/www.europesays.com\/pt\/wp-json\/wp\/v2\/posts"}],"about":[{"href":"https:\/\/www.europesays.com\/pt\/wp-json\/wp\/v2\/types\/post"}],"author":[{"embeddable":true,"href":"https:\/\/www.europesays.com\/pt\/wp-json\/wp\/v2\/users\/2"}],"replies":[{"embeddable":true,"href":"https:\/\/www.europesays.com\/pt\/wp-json\/wp\/v2\/comments?post=188543"}],"version-history":[{"count":0,"href":"https:\/\/www.europesays.com\/pt\/wp-json\/wp\/v2\/posts\/188543\/revisions"}],"wp:featuredmedia":[{"embeddable":true,"href":"https:\/\/www.europesays.com\/pt\/wp-json\/wp\/v2\/media\/188544"}],"wp:attachment":[{"href":"https:\/\/www.europesays.com\/pt\/wp-json\/wp\/v2\/media?parent=188543"}],"wp:term":[{"taxonomy":"category","embeddable":true,"href":"https:\/\/www.europesays.com\/pt\/wp-json\/wp\/v2\/categories?post=188543"},{"taxonomy":"post_tag","embeddable":true,"href":"https:\/\/www.europesays.com\/pt\/wp-json\/wp\/v2\/tags?post=188543"}],"curies":[{"name":"wp","href":"https:\/\/api.w.org\/{rel}","templated":true}]}}