{"id":188547,"date":"2025-12-14T23:48:13","date_gmt":"2025-12-14T23:48:13","guid":{"rendered":"https:\/\/www.europesays.com\/pt\/188547\/"},"modified":"2025-12-14T23:48:13","modified_gmt":"2025-12-14T23:48:13","slug":"mexico-confirma-1o-caso-da-supergripe-h3n2-que-se-espalhou-pela-europa-e-eua-noticias-r7","status":"publish","type":"post","link":"https:\/\/www.europesays.com\/pt\/188547\/","title":{"rendered":"M\u00e9xico confirma 1\u00ba caso da \u2018supergripe\u2019 H3N2 que se espalhou pela Europa e EUA \u2013 Noticias R7"},"content":{"rendered":"<p><img decoding=\"async\" data-chromatic=\"ignore\" alt=\"\" class=\"c-image\" loading=\"lazy\" src=\"https:\/\/www.europesays.com\/pt\/wp-content\/uploads\/2025\/12\/KPXJJMOIRRBSTDFUKTTSAXFRDA.webp\"  width=\"1170\" height=\"700\"\/>De acordo com a Secretaria de Sa\u00fade, o caso foi identificado dentro do sistema de monitoramento rotineiro Raquel Portugal\/FioCruz <\/p>\n<p class=\"jarvics:base-text-neutral-high-400 base-text-[calc(theme(fontSize.xs)_*_var(--font-size,_1))] base-font-normal base-font-primary base-text-neutral-low-500 base-text-left\">Autoridade de Sa\u00fade do <a href=\"https:\/\/noticias.r7.com\/prisma\/herodoto-barbeiro\/crise-entre-eua-e-mexico-em-1914-abre-caminho-para-a-primeira-guerra-mundial-13122025\/\" target=\"_blank\" rel=\"noreferrer nofollow noopener\" title=\"https:\/\/noticias.r7.com\/prisma\/herodoto-barbeiro\/crise-entre-eua-e-mexico-em-1914-abre-caminho-para-a-primeira-guerra-mundial-13122025\/\">M\u00e9xico<\/a> confirmaram a detec\u00e7\u00e3o do primeiro caso de<a href=\"https:\/\/noticias.r7.com\/saude\/organizacao-de-saude-alerta-que-proxima-temporada-de-gripe-pode-ser-mais-intensa-13122025\/\" target=\"_blank\" rel=\"noreferrer nofollow noopener\" title=\"https:\/\/noticias.r7.com\/saude\/organizacao-de-saude-alerta-que-proxima-temporada-de-gripe-pode-ser-mais-intensa-13122025\/\"> influenza A<\/a> (H3N2), subclado K, em uma pessoa que apresentou <a href=\"https:\/\/record.r7.com\/hoje-em-dia\/voce-e-o-doutor\/conheca-melhor-os-sintomas-e-tratamentos-da-bronquite-e-asma-06052025\/\" target=\"_blank\" rel=\"noreferrer nofollow noopener\" title=\"https:\/\/record.r7.com\/hoje-em-dia\/voce-e-o-doutor\/conheca-melhor-os-sintomas-e-tratamentos-da-bronquite-e-asma-06052025\/\">sintomas respirat\u00f3rios <\/a>e respondeu bem ao tratamento ambulatorial com antiviral. <\/p>\n<p class=\"jarvics:base-text-neutral-high-400 base-text-[calc(theme(fontSize.xs)_*_var(--font-size,_1))] base-font-normal base-font-primary base-text-neutral-low-500 base-text-left\">Segundo o comunicado oficial, o paciente j\u00e1 se encontra recuperado. De acordo com a Secretaria de Sa\u00fade, o caso foi identificado dentro do sistema de monitoramento rotineiro conduzido pelo Sinave (Sistema Nacional de Vigil\u00e2ncia Epidemiol\u00f3gica), que mant\u00e9m acompanhamento permanente para detectar de forma oportuna qualquer evento de relev\u00e2ncia em sa\u00fade p\u00fablica.<\/p>\n<p class=\"jarvics:base-text-neutral-high-400 base-text-[calc(theme(fontSize.xs)_*_var(--font-size,_1))] base-font-normal base-font-primary base-text-neutral-low-500 base-text-left\">A pasta refor\u00e7a que o subclado identificado n\u00e3o apresenta caracter\u00edsticas distintas das cepas de influenza sazonal que circulam todos os anos. O manejo cl\u00ednico segue os mesmos protocolos j\u00e1 conhecidos e a principal forma de preven\u00e7\u00e3o continua sendo a vacina\u00e7\u00e3o. <\/p>\n<p class=\"jarvics:base-text-neutral-high-400 base-text-[calc(theme(fontSize.xs)_*_var(--font-size,_1))] base-font-normal base-font-primary base-text-neutral-low-500 base-text-left\">Por esse motivo, as autoridades ressaltam que o registro do caso n\u00e3o representa motivo de alerta para a popula\u00e7\u00e3o em geral. Como medida preventiva, a Secretaria de Sa\u00fade voltou a recomendar que a popula\u00e7\u00e3o procure centros de sa\u00fade, unidades m\u00e9dicas e postos de vacina\u00e7\u00e3o para atualizar o esquema vacinal da temporada de inverno, especialmente contra influenza, Covid-19 e pneumococo.<\/p>\n<p class=\"jarvics:base-text-neutral-high-400 base-text-[calc(theme(fontSize.xs)_*_var(--font-size,_1))] base-font-normal base-font-primary base-text-neutral-low-500 base-text-left\">As vacinas, segundo o \u00f3rg\u00e3o, s\u00e3o eficazes para reduzir riscos, prevenir complica\u00e7\u00f5es e evitar interna\u00e7\u00f5es. A orienta\u00e7\u00e3o \u00e9 ainda mais enf\u00e1tica para grupos considerados vulner\u00e1veis (crian\u00e7as, idosos, gestantes, profissionais de sa\u00fade e pessoas com comorbidades), que concentram maior risco de evolu\u00e7\u00e3o para quadros graves.<\/p>\n<p class=\"jarvics:base-text-neutral-high-400 base-text-[calc(theme(fontSize.xs)_*_var(--font-size,_1))] base-font-normal base-font-primary base-text-neutral-low-500 base-text-left\"><b>Fique por dentro das principais not\u00edcias do dia no Brasil e no mundo. <\/b><a href=\"https:\/\/whatsapp.com\/channel\/0029Va6eEELGZNCyryabmO1m\" rel=\"nofollow noopener\" target=\"_blank\"><b>Siga o canal do R7<\/b><\/a><b>, o portal de not\u00edcias da RECORD, no WhatsApp<\/b><\/p>\n","protected":false},"excerpt":{"rendered":"De acordo com a Secretaria de Sa\u00fade, o caso foi identificado dentro do sistema de monitoramento rotineiro Raquel&hellip;\n","protected":false},"author":2,"featured_media":188548,"comment_status":"","ping_status":"","sticky":false,"template":"","format":"standard","meta":{"footnotes":""},"categories":[86],"tags":[1418,116,1872,32,33,117],"class_list":{"0":"post-188547","1":"post","2":"type-post","3":"status-publish","4":"format-standard","5":"has-post-thumbnail","7":"category-saude","8":"tag-gripe","9":"tag-health","10":"tag-mexico","11":"tag-portugal","12":"tag-pt","13":"tag-saude"},"share_on_mastodon":{"url":"https:\/\/pubeurope.com\/@pt\/115720599057706980","error":""},"_links":{"self":[{"href":"https:\/\/www.europesays.com\/pt\/wp-json\/wp\/v2\/posts\/188547","targetHints":{"allow":["GET"]}}],"collection":[{"href":"https:\/\/www.europesays.com\/pt\/wp-json\/wp\/v2\/posts"}],"about":[{"href":"https:\/\/www.europesays.com\/pt\/wp-json\/wp\/v2\/types\/post"}],"author":[{"embeddable":true,"href":"https:\/\/www.europesays.com\/pt\/wp-json\/wp\/v2\/users\/2"}],"replies":[{"embeddable":true,"href":"https:\/\/www.europesays.com\/pt\/wp-json\/wp\/v2\/comments?post=188547"}],"version-history":[{"count":0,"href":"https:\/\/www.europesays.com\/pt\/wp-json\/wp\/v2\/posts\/188547\/revisions"}],"wp:featuredmedia":[{"embeddable":true,"href":"https:\/\/www.europesays.com\/pt\/wp-json\/wp\/v2\/media\/188548"}],"wp:attachment":[{"href":"https:\/\/www.europesays.com\/pt\/wp-json\/wp\/v2\/media?parent=188547"}],"wp:term":[{"taxonomy":"category","embeddable":true,"href":"https:\/\/www.europesays.com\/pt\/wp-json\/wp\/v2\/categories?post=188547"},{"taxonomy":"post_tag","embeddable":true,"href":"https:\/\/www.europesays.com\/pt\/wp-json\/wp\/v2\/tags?post=188547"}],"curies":[{"name":"wp","href":"https:\/\/api.w.org\/{rel}","templated":true}]}}