{"id":188556,"date":"2025-12-14T23:54:09","date_gmt":"2025-12-14T23:54:09","guid":{"rendered":"https:\/\/www.europesays.com\/pt\/188556\/"},"modified":"2025-12-14T23:54:09","modified_gmt":"2025-12-14T23:54:09","slug":"lobos-saem-da-red-line-e-seguem-bem-leegados","status":"publish","type":"post","link":"https:\/\/www.europesays.com\/pt\/188556\/","title":{"rendered":"Lobos saem da &#8216;red line&#8217; e seguem bem Lee(gados)"},"content":{"rendered":"<p>Terminou o jejum. O <a class=\"autolink-enabled\" data-resource-id=\"465\" data-resource-type=\"team\" data-sport=\"football\" href=\"https:\/\/www.abola.pt\/futebol\/arouca-465\" rel=\"nofollow noopener\" target=\"_blank\">Arouca<\/a> somava seis derrotas consecutivas \u2014 o \u00faltimo triunfo datava de 18 de outubro e tinha sido para a <a class=\"autolink-enabled\" data-resource-id=\"112\" data-resource-type=\"competition\" data-sport=\"football\" href=\"https:\/\/www.abola.pt\/futebol\/competicao\/taca-de-portugal-112\" rel=\"nofollow noopener\" target=\"_blank\">Ta\u00e7a de Portugal<\/a>, diante do <a class=\"autolink-enabled\" data-resource-id=\"3466\" data-resource-type=\"team\" data-sport=\"football\" href=\"https:\/\/www.abola.pt\/futebol\/portimonense-3466\" rel=\"nofollow noopener\" target=\"_blank\">Portimonense<\/a> (2-1), pelo que era preciso recuar at\u00e9 20 de setembro para encontrar a derradeira vit\u00f3ria dos lobos para a <a class=\"autolink-enabled\" data-resource-id=\"13\" data-resource-type=\"competition\" data-sport=\"football\" href=\"https:\/\/www.abola.pt\/futebol\/competicao\/liga-portugal-betclic-13\" rel=\"nofollow noopener\" target=\"_blank\">Liga<\/a>, no caso, frente ao <a class=\"autolink-enabled\" data-resource-id=\"463\" data-resource-type=\"team\" data-sport=\"football\" href=\"https:\/\/www.abola.pt\/futebol\/nacional-463\" rel=\"nofollow noopener\" target=\"_blank\">Nacional<\/a> (2-1) \u2014, mas a rece\u00e7\u00e3o ao <a class=\"autolink-enabled\" data-resource-id=\"452\" data-resource-type=\"team\" data-sport=\"football\" href=\"https:\/\/www.abola.pt\/futebol\/alverca-452\" rel=\"nofollow noopener\" target=\"_blank\">Alverca<\/a> redundou no final do pesadelo.<\/p>\n<p>Os comandados de Vasco Seabra entraram de forma afirmativa, como que a querem demonstrar, desde cedo, que o per\u00edodo negativo n\u00e3o entrava na equa\u00e7\u00e3o para esta partida, e <a class=\"autolink-enabled\" data-resource-id=\"294770\" data-resource-type=\"player\" data-sport=\"football\" href=\"https:\/\/www.abola.pt\/futebol\/jogador\/espen-van-ee-294770\" rel=\"nofollow noopener\" target=\"_blank\">Espen Van Ee<\/a> deu o primeiro aviso (9&#8242;). Responderam os ribatejanos, mas o tiro de <a class=\"autolink-enabled\" data-resource-id=\"250879\" data-resource-type=\"player\" data-sport=\"football\" href=\"https:\/\/www.abola.pt\/futebol\/jogador\/kaiky-naves-250879\" rel=\"nofollow noopener\" target=\"_blank\">Naves<\/a>, de meia dist\u00e2ncia, seguiu na dire\u00e7\u00e3o&#8230; das nuvens.<\/p>\n<p>A vontade dos da casa era grande e \u00e0 passagem do quarto de hora s\u00f3 um gigante <a class=\"autolink-enabled\" data-resource-id=\"274711\" data-resource-type=\"player\" data-sport=\"football\" href=\"https:\/\/www.abola.pt\/futebol\/jogador\/andre-gomes-274711\" rel=\"nofollow noopener\" target=\"_blank\">Andr\u00e9 Gomes<\/a> negou os intentos a <a class=\"autolink-enabled\" data-resource-id=\"221446\" data-resource-type=\"player\" data-sport=\"football\" href=\"https:\/\/www.abola.pt\/futebol\/jogador\/alfonso-trezza-221446\" rel=\"nofollow noopener\" target=\"_blank\">Alfonso Trezza<\/a>: excelente passe de rotura de <a class=\"autolink-enabled\" data-resource-id=\"255491\" data-resource-type=\"player\" data-sport=\"football\" href=\"https:\/\/www.abola.pt\/futebol\/jogador\/dylan-nandin-255491\" rel=\"nofollow noopener\" target=\"_blank\">Dylan Nand\u00edn<\/a> a isola o compatriota, mas, com tudo para abrir o ativo, o camisola 19 dos lobos permitiu a (enorme) defesa do internacional sub-21 portugu\u00eas que est\u00e1 no <a class=\"autolink-enabled\" data-resource-id=\"452\" data-resource-type=\"team\" data-sport=\"football\" href=\"https:\/\/www.abola.pt\/futebol\/alverca-452\" rel=\"nofollow noopener\" target=\"_blank\">Alverca<\/a> por empr\u00e9stimo do <a class=\"autolink-enabled\" data-resource-id=\"450\" data-resource-type=\"team\" data-sport=\"football\" href=\"https:\/\/www.abola.pt\/futebol\/benfica-450\" rel=\"nofollow noopener\" target=\"_blank\">Benfica<\/a>.<\/p>\n<p>Poucos minutos depois, aos 18&#8242;. momento que pode ter sido absolutamente chave para o desfecho deste desafio: <a class=\"autolink-enabled\" data-resource-id=\"42399\" data-resource-type=\"player\" data-sport=\"football\" href=\"https:\/\/www.abola.pt\/futebol\/jogador\/sandro-lima-42399\" rel=\"nofollow noopener\" target=\"_blank\">Sandro Lima<\/a> teve entrada dura sobre <a class=\"autolink-enabled\" data-resource-id=\"291853\" data-resource-type=\"player\" data-sport=\"football\" href=\"https:\/\/www.abola.pt\/futebol\/jogador\/omar-fayed-291853\" rel=\"nofollow noopener\" target=\"_blank\">Omar Fayed<\/a>, viu, numa primeira inst\u00e2ncia, o cart\u00e3o amarelo, mas, depois de alertado pelo VAR, David Rafael Silva foi ver as imagens e decidiu reverter a decis\u00e3o, dando ordem de expuls\u00e3o ao ponta de lan\u00e7a brasileiro dos forasteiros.<\/p>\n<p>A vida complicou-se ainda mais para o conjunto orientado por Cust\u00f3dio Castro, que, ainda assim, conseguiu segurar o nulo at\u00e9 ao intervalo, fruto de uma elevada compet\u00eancia defensiva.<\/p>\n<p>At\u00e9 foi a equipa que viajou do Ribatejo a entrar melhor na etapa complementar, com <a class=\"autolink-enabled\" data-resource-id=\"278413\" data-resource-type=\"player\" data-sport=\"football\" href=\"https:\/\/www.abola.pt\/futebol\/jogador\/alex-amorim-278413\" rel=\"nofollow noopener\" target=\"_blank\">Alex Amorim<\/a> (48&#8242;) e <a class=\"autolink-enabled\" data-resource-id=\"250879\" data-resource-type=\"player\" data-sport=\"football\" href=\"https:\/\/www.abola.pt\/futebol\/jogador\/kaiky-naves-250879\" rel=\"nofollow noopener\" target=\"_blank\">Naves<\/a> (51&#8242;) a colocarem a defensiva contr\u00e1ria em sentido, mas o <a class=\"autolink-enabled\" data-resource-id=\"465\" data-resource-type=\"team\" data-sport=\"football\" href=\"https:\/\/www.abola.pt\/futebol\/arouca-465\" rel=\"nofollow noopener\" target=\"_blank\">Arouca<\/a> foi definitivamente para cima e j\u00e1 depois das amea\u00e7as de <a class=\"autolink-enabled\" data-resource-id=\"163210\" data-resource-type=\"player\" data-sport=\"football\" href=\"https:\/\/www.abola.pt\/futebol\/jogador\/nais-djouahra-163210\" rel=\"nofollow noopener\" target=\"_blank\">Djouahra<\/a> (53&#8242;) e <a class=\"autolink-enabled\" data-resource-id=\"255491\" data-resource-type=\"player\" data-sport=\"football\" href=\"https:\/\/www.abola.pt\/futebol\/jogador\/dylan-nandin-255491\" rel=\"nofollow noopener\" target=\"_blank\">Dylan Nand\u00edn<\/a> (58&#8242;) chegou mesmo ao golo: cruzamento a r\u00e9gua e esquadro de <a class=\"autolink-enabled\" data-resource-id=\"172647\" data-resource-type=\"player\" data-sport=\"football\" href=\"https:\/\/www.abola.pt\/futebol\/jogador\/tiago-esgaio-172647\" rel=\"nofollow noopener\" target=\"_blank\">Tiago Esgaio<\/a> e o rec\u00e9m-entrado <a class=\"autolink-enabled\" data-resource-id=\"252096\" data-resource-type=\"player\" data-sport=\"football\" href=\"https:\/\/www.abola.pt\/futebol\/jogador\/hyun-ju-lee-252096\" rel=\"nofollow noopener\" target=\"_blank\">Lee<\/a> mergulhou para o cabeceamento certeiro.<\/p>\n<p>O golo fez ainda melhor aos arouquenses, que passaram a controlar com a serenidade da vantagem, mas os de <a class=\"autolink-enabled\" data-resource-id=\"452\" data-resource-type=\"team\" data-sport=\"football\" href=\"https:\/\/www.abola.pt\/futebol\/alverca-452\" rel=\"nofollow noopener\" target=\"_blank\">Alverca<\/a> nunca atiraram a toalha ao ch\u00e3o e, mesmo perante as adversidades, foram olhando para a baliza contr\u00e1ria. E <a class=\"autolink-enabled\" data-resource-id=\"245437\" data-resource-type=\"player\" data-sport=\"football\" href=\"https:\/\/www.abola.pt\/futebol\/jogador\/marezi-245437\" rel=\"nofollow noopener\" target=\"_blank\">Marezi<\/a> s\u00f3 n\u00e3o marcou porque <a class=\"autolink-enabled\" data-resource-id=\"291853\" data-resource-type=\"player\" data-sport=\"football\" href=\"https:\/\/www.abola.pt\/futebol\/jogador\/omar-fayed-291853\" rel=\"nofollow noopener\" target=\"_blank\">Omar Fayed<\/a> fez um grande corte (69&#8242;).<\/p>\n<p>Os lobos saem da red line \u2014 entenda-se, dos lugares de despromo\u00e7\u00e3o \u2014 e seguem bem <a class=\"autolink-enabled\" data-resource-id=\"252096\" data-resource-type=\"player\" data-sport=\"football\" href=\"https:\/\/www.abola.pt\/futebol\/jogador\/hyun-ju-lee-252096\" rel=\"nofollow noopener\" target=\"_blank\">Lee<\/a>(gados) ao campeonato. H\u00e1 oxig\u00e9nio na Serra!<\/p>\n<p>                O melhor em campo: Lee (Arouca)<\/p>\n<p>            Quem entra aos 55 minutos e aos 59 j\u00e1 est\u00e1 a faturar&#8230; ainda para mais o tento que deu a vit\u00f3ria \u00e0 sua equipa, s\u00f3 pode merecer a distin\u00e7\u00e3o de homem do jogo. Mas o criativo coreano n\u00e3o se ficou pelo golo, uma vez que acrescentou qualidade ao processo ofensivo dos arouquenses, ajudando a desbloquear linhas de press\u00e3o que os ribatejanos tinham, at\u00e9 a\u00ed, muito bem montadas. Decisivo.<\/p>\n<p>                A figura: Andr\u00e9 Gomes (Alverca)<\/p>\n<p>            N\u00e3o \u00e9 que tenha tido uma noite de trabalho por a\u00ed al\u00e9m (j\u00e1 teve jogos de mais aperto na presente edi\u00e7\u00e3o do campeonato), mas teve, essencialmente, o cond\u00e3o de manter total serenidade nas suas a\u00e7\u00f5es mesmo depois de a equipa ficar em inferioridade num\u00e9rica. Sem nada a fazer no golo sofrido, j\u00e1 tinha acendido os holofotes deste encontro quando negou os intentos a Alfonso Trezza (15&#8242;).<\/p>\n<p><a class=\"autolink-enabled\" data-resource-id=\"181252\" data-resource-type=\"player\" data-sport=\"football\" href=\"https:\/\/www.abola.pt\/futebol\/jogador\/nico-mantl-181252\" rel=\"nofollow noopener\" target=\"_blank\">Nico Mantl<\/a> (5), <a class=\"autolink-enabled\" data-resource-id=\"172647\" data-resource-type=\"player\" data-sport=\"football\" href=\"https:\/\/www.abola.pt\/futebol\/jogador\/tiago-esgaio-172647\" rel=\"nofollow noopener\" target=\"_blank\">Tiago Esgaio<\/a> (6), <a class=\"autolink-enabled\" data-resource-id=\"291853\" data-resource-type=\"player\" data-sport=\"football\" href=\"https:\/\/www.abola.pt\/futebol\/jogador\/omar-fayed-291853\" rel=\"nofollow noopener\" target=\"_blank\">Omar Fayed<\/a> (6), <a class=\"autolink-enabled\" data-resource-id=\"243954\" data-resource-type=\"player\" data-sport=\"football\" href=\"https:\/\/www.abola.pt\/futebol\/jogador\/boris-popovic-243954\" rel=\"nofollow noopener\" target=\"_blank\">Boris Popovic<\/a> (5), <a class=\"autolink-enabled\" data-resource-id=\"246146\" data-resource-type=\"player\" data-sport=\"football\" href=\"https:\/\/www.abola.pt\/futebol\/jogador\/miguel-puche-246146\" rel=\"nofollow noopener\" target=\"_blank\">Miguel Puche<\/a> (5), <a class=\"autolink-enabled\" data-resource-id=\"294770\" data-resource-type=\"player\" data-sport=\"football\" href=\"https:\/\/www.abola.pt\/futebol\/jogador\/espen-van-ee-294770\" rel=\"nofollow noopener\" target=\"_blank\">Espen Van Ee<\/a> (6), <a class=\"autolink-enabled\" data-resource-id=\"257627\" data-resource-type=\"player\" data-sport=\"football\" href=\"https:\/\/www.abola.pt\/futebol\/jogador\/pedro-santos-257627\" rel=\"nofollow noopener\" target=\"_blank\">Pedro Santos<\/a> (6), <a class=\"autolink-enabled\" data-resource-id=\"215660\" data-resource-type=\"player\" data-sport=\"football\" href=\"https:\/\/www.abola.pt\/futebol\/jogador\/amadou-dante-215660\" rel=\"nofollow noopener\" target=\"_blank\">Amadou Dante<\/a> (5), <a class=\"autolink-enabled\" data-resource-id=\"221446\" data-resource-type=\"player\" data-sport=\"football\" href=\"https:\/\/www.abola.pt\/futebol\/jogador\/alfonso-trezza-221446\" rel=\"nofollow noopener\" target=\"_blank\">Alfonso Trezza<\/a> (5), <a class=\"autolink-enabled\" data-resource-id=\"255491\" data-resource-type=\"player\" data-sport=\"football\" href=\"https:\/\/www.abola.pt\/futebol\/jogador\/dylan-nandin-255491\" rel=\"nofollow noopener\" target=\"_blank\">Dylan Nand\u00edn<\/a> (5), <a class=\"autolink-enabled\" data-resource-id=\"163210\" data-resource-type=\"player\" data-sport=\"football\" href=\"https:\/\/www.abola.pt\/futebol\/jogador\/nais-djouahra-163210\" rel=\"nofollow noopener\" target=\"_blank\">Djouahra<\/a> (6), <a class=\"autolink-enabled\" data-resource-id=\"252096\" data-resource-type=\"player\" data-sport=\"football\" href=\"https:\/\/www.abola.pt\/futebol\/jogador\/hyun-ju-lee-252096\" rel=\"nofollow noopener\" target=\"_blank\">Lee<\/a> (7), <a class=\"autolink-enabled\" data-resource-id=\"222334\" data-resource-type=\"player\" data-sport=\"football\" href=\"https:\/\/www.abola.pt\/futebol\/jogador\/jose-fontan-222334\" rel=\"nofollow noopener\" target=\"_blank\">Jose Font\u00e1n<\/a> (5), <a class=\"autolink-enabled\" data-resource-id=\"205107\" data-resource-type=\"player\" data-sport=\"football\" href=\"https:\/\/www.abola.pt\/futebol\/jogador\/ivan-barbero-205107\" rel=\"nofollow noopener\" target=\"_blank\">Iv\u00e1n Barbero<\/a> (5), <a class=\"autolink-enabled\" data-resource-id=\"218227\" data-resource-type=\"player\" data-sport=\"football\" href=\"https:\/\/www.abola.pt\/futebol\/jogador\/pablo-gozalbez-218227\" rel=\"nofollow noopener\" target=\"_blank\">Pablo Goz\u00e1lbez<\/a> (-) e <a class=\"autolink-enabled\" data-resource-id=\"510\" data-resource-type=\"player\" data-sport=\"football\" href=\"https:\/\/www.abola.pt\/futebol\/jogador\/david-simao-510\" rel=\"nofollow noopener\" target=\"_blank\">David Sim\u00e3o<\/a> (-).<\/p>\n<p><a target=\"_blank\" class=\"editor-link autolink-enabled\" href=\"https:\/\/www.abola.pt\/futebol\/jogador\/andre-gomes-274711\" data-resource-id=\"274711\" data-resource-type=\"player\" data-sport=\"football\" rel=\"nofollow noopener\">Andr\u00e9 Gomes<\/a> (6), <a class=\"autolink-enabled\" data-resource-id=\"250879\" data-resource-type=\"player\" data-sport=\"football\" href=\"https:\/\/www.abola.pt\/futebol\/jogador\/kaiky-naves-250879\" rel=\"nofollow noopener\" target=\"_blank\">Kaiky Naves<\/a> (6), <a target=\"_blank\" class=\"editor-link autolink-enabled\" href=\"https:\/\/www.abola.pt\/futebol\/jogador\/julian-martinez-275330\" data-resource-id=\"275330\" data-resource-type=\"player\" data-sport=\"football\" rel=\"nofollow noopener\">Juli\u00e1n Mart\u00ednez<\/a> (6), <a class=\"autolink-enabled\" data-resource-id=\"280176\" data-resource-type=\"player\" data-sport=\"football\" href=\"https:\/\/www.abola.pt\/futebol\/jogador\/bastien-meupiyou-280176\" rel=\"nofollow noopener\" target=\"_blank\">Meupiyou<\/a> (5), <a target=\"_blank\" class=\"editor-link autolink-enabled\" href=\"https:\/\/www.abola.pt\/futebol\/jogador\/nabili-touaizi-194400\" data-resource-id=\"194400\" data-resource-type=\"player\" data-sport=\"football\" rel=\"nofollow noopener\">Nabili Touaizi<\/a> (5), <a target=\"_blank\" class=\"editor-link autolink-enabled\" href=\"https:\/\/www.abola.pt\/futebol\/jogador\/sabit-abdulai-222181\" data-resource-id=\"222181\" data-resource-type=\"player\" data-sport=\"football\" rel=\"nofollow noopener\">Sabit<\/a> (5), <a target=\"_blank\" class=\"editor-link autolink-enabled\" href=\"https:\/\/www.abola.pt\/futebol\/jogador\/alex-amorim-278413\" data-resource-id=\"278413\" data-resource-type=\"player\" data-sport=\"football\" rel=\"nofollow noopener\">Alex Amorim<\/a> (6), <a target=\"_blank\" class=\"editor-link autolink-enabled\" href=\"https:\/\/www.abola.pt\/futebol\/jogador\/francisco-chissumba-294417\" data-resource-id=\"294417\" data-resource-type=\"player\" data-sport=\"football\" rel=\"nofollow noopener\">Francisco Chissumba<\/a> (6), <a class=\"autolink-enabled\" data-resource-id=\"26522\" data-resource-type=\"player\" data-sport=\"football\" href=\"https:\/\/www.abola.pt\/futebol\/jogador\/lincoln-26522\" rel=\"nofollow noopener\" target=\"_blank\">Lincoln<\/a> (5), <a class=\"autolink-enabled\" data-resource-id=\"42399\" data-resource-type=\"player\" data-sport=\"football\" href=\"https:\/\/www.abola.pt\/futebol\/jogador\/sandro-lima-42399\" rel=\"nofollow noopener\" target=\"_blank\">Sandro Lima<\/a> (3), <a class=\"autolink-enabled\" data-resource-id=\"220799\" data-resource-type=\"player\" data-sport=\"football\" href=\"https:\/\/www.abola.pt\/futebol\/jogador\/lucas-figueiredo-220799\" rel=\"nofollow noopener\" target=\"_blank\">Figueiredo<\/a> (4), <a target=\"_blank\" class=\"editor-link autolink-enabled\" href=\"https:\/\/www.abola.pt\/futebol\/jogador\/marezi-245437\" data-resource-id=\"245437\" data-resource-type=\"player\" data-sport=\"football\" rel=\"nofollow noopener\">Marezi<\/a> (5),<a class=\"autolink-enabled\" data-resource-id=\"7894748\" data-resource-type=\"player\" data-sport=\"football\" href=\"https:\/\/www.abola.pt\/futebol\/jogador\/davy-gui-7894748\" rel=\"nofollow noopener\" target=\"_blank\">Davy Gui<\/a> (5), <a class=\"autolink-enabled\" data-resource-id=\"275231\" data-resource-type=\"player\" data-sport=\"football\" href=\"https:\/\/www.abola.pt\/futebol\/jogador\/cedric-nuozzi-275231\" rel=\"nofollow noopener\" target=\"_blank\">Cedric Nuozzi<\/a> (5), <a target=\"_blank\" class=\"editor-link autolink-enabled\" href=\"https:\/\/www.abola.pt\/futebol\/jogador\/isaac-james-4424091\" data-resource-id=\"4424091\" data-resource-type=\"player\" data-sport=\"football\" rel=\"nofollow noopener\">Isaac James<\/a> (-) e <a target=\"_blank\" class=\"editor-link autolink-enabled\" href=\"https:\/\/www.abola.pt\/futebol\/jogador\/felipe-lima-4426937\" data-resource-id=\"4426937\" data-resource-type=\"player\" data-sport=\"football\" rel=\"nofollow noopener\">Felipe Lima<\/a> (-).<\/p>\n<blockquote>\n<p>Foi um trabalho gigante dos nossos jogadores. Hoje conseguimos dois objetivos claro, o primeiro &#8216;clean sheet&#8217; da \u00e9poca e o regresso \u00e0s vit\u00f3rias. \u00c9 verdade que o Alverca tem uma expuls\u00e3o cedo, mas at\u00e9 a\u00ed n\u00f3s j\u00e1 est\u00e1vamos a ser melhores. A equipa teve uma alma muito grande e fez as coisas acontecerem.<\/p>\n<\/blockquote>\n<blockquote>\n<p>A expuls\u00e3o acaba por condicionar, n\u00e3o h\u00e1 como esconder isso. Pass\u00e1mos a estar mais remetidos \u00e0 parte defensiva, mas fomos tentando mudar a nossa disposi\u00e7\u00e3o na tentativa de podermos fazer um golo. Mas o grupo trabalho, agarrou-se ao jogo e isso demonstra a ambi\u00e7\u00e3o que estes jogadores t\u00eam em todos os momentos.<\/p>\n<\/blockquote>\n<p>Not\u00edcia atualizada \u00e0s 23h15<\/p>\n","protected":false},"excerpt":{"rendered":"Terminou o jejum. O Arouca somava seis derrotas consecutivas \u2014 o \u00faltimo triunfo datava de 18 de outubro&hellip;\n","protected":false},"author":2,"featured_media":188557,"comment_status":"","ping_status":"","sticky":false,"template":"","format":"standard","meta":{"footnotes":""},"categories":[8],"tags":[27,28,15,16,14,25,26,21,22,12,13,19,20,32,23,24,33,17,18,29,30,31],"class_list":{"0":"post-188556","1":"post","2":"type-post","3":"status-publish","4":"format-standard","5":"has-post-thumbnail","7":"category-principais-noticias","8":"tag-breaking-news","9":"tag-breakingnews","10":"tag-featured-news","11":"tag-featurednews","12":"tag-headlines","13":"tag-latest-news","14":"tag-latestnews","15":"tag-main-news","16":"tag-mainnews","17":"tag-news","18":"tag-noticias","19":"tag-noticias-principais","20":"tag-noticiasprincipais","21":"tag-portugal","22":"tag-principais-noticias","23":"tag-principaisnoticias","24":"tag-pt","25":"tag-top-stories","26":"tag-topstories","27":"tag-ultimas","28":"tag-ultimas-noticias","29":"tag-ultimasnoticias"},"share_on_mastodon":{"url":"https:\/\/pubeurope.com\/@pt\/115720622095641717","error":""},"_links":{"self":[{"href":"https:\/\/www.europesays.com\/pt\/wp-json\/wp\/v2\/posts\/188556","targetHints":{"allow":["GET"]}}],"collection":[{"href":"https:\/\/www.europesays.com\/pt\/wp-json\/wp\/v2\/posts"}],"about":[{"href":"https:\/\/www.europesays.com\/pt\/wp-json\/wp\/v2\/types\/post"}],"author":[{"embeddable":true,"href":"https:\/\/www.europesays.com\/pt\/wp-json\/wp\/v2\/users\/2"}],"replies":[{"embeddable":true,"href":"https:\/\/www.europesays.com\/pt\/wp-json\/wp\/v2\/comments?post=188556"}],"version-history":[{"count":0,"href":"https:\/\/www.europesays.com\/pt\/wp-json\/wp\/v2\/posts\/188556\/revisions"}],"wp:featuredmedia":[{"embeddable":true,"href":"https:\/\/www.europesays.com\/pt\/wp-json\/wp\/v2\/media\/188557"}],"wp:attachment":[{"href":"https:\/\/www.europesays.com\/pt\/wp-json\/wp\/v2\/media?parent=188556"}],"wp:term":[{"taxonomy":"category","embeddable":true,"href":"https:\/\/www.europesays.com\/pt\/wp-json\/wp\/v2\/categories?post=188556"},{"taxonomy":"post_tag","embeddable":true,"href":"https:\/\/www.europesays.com\/pt\/wp-json\/wp\/v2\/tags?post=188556"}],"curies":[{"name":"wp","href":"https:\/\/api.w.org\/{rel}","templated":true}]}}