{"id":18856,"date":"2025-08-06T20:24:08","date_gmt":"2025-08-06T20:24:08","guid":{"rendered":"https:\/\/www.europesays.com\/pt\/18856\/"},"modified":"2025-08-06T20:24:08","modified_gmt":"2025-08-06T20:24:08","slug":"apple-revela-data-oficial-do-evento-de-lancamento-do-iphone-17","status":"publish","type":"post","link":"https:\/\/www.europesays.com\/pt\/18856\/","title":{"rendered":"Apple revela data oficial do evento de lan\u00e7amento do iPhone 17"},"content":{"rendered":"<p>A espera est\u00e1 a terminar. De acordo com novas informa\u00e7\u00f5es oriundas de operadoras alem\u00e3s, a <a href=\"https:\/\/www.apple.com\/pt\/\" target=\"_blank\" rel=\"noopener nofollow\">Apple<\/a> ter\u00e1 escolhido ter\u00e7a-feira, 9 de setembro para realizar o t\u00e3o aguardado evento de lan\u00e7amento da s\u00e9rie iPhone 17. A revela\u00e7\u00e3o surge ap\u00f3s semanas de rumores e, segundo fontes do setor, a data j\u00e1 est\u00e1 praticamente confirmada.<\/p>\n<p class=\"ez-toc-title\" style=\"cursor:inherit\">Neste artigo v\u00e3o encontrar:<\/p>\n<p>O que esperar do evento de setembro?<\/p>\n<p>Tal como tem sido tradi\u00e7\u00e3o, a Apple prepara-se para apresentar v\u00e1rios modelos de iPhone num \u00fanico evento. Este ano, a marca da ma\u00e7\u00e3 dever\u00e1 revelar oficialmente quatro variantes:<\/p>\n<ul>\n<li>iPhone 17<\/li>\n<li>iPhone 17 Air<\/li>\n<li>iPhone 17 Pro<\/li>\n<li>iPhone 17 Pro Max<\/li>\n<\/ul>\n<p>O evento dever\u00e1 acontecer na sede da Apple em Cupertino, na Calif\u00f3rnia, com transmiss\u00e3o global em direto atrav\u00e9s do site oficial da marca e do YouTube. Como habitualmente, Tim Cook e a sua equipa subir\u00e3o ao palco para mostrar o que a nova gera\u00e7\u00e3o de iPhones traz de diferente.<\/p>\n<p><img loading=\"lazy\" decoding=\"async\" class=\"alignnone size-full wp-image-496478\" src=\"data:image\/svg+xml,%3Csvg%20xmlns=\" http:=\"\" alt=\"Apple revela data oficial do evento de lan\u00e7amento do iPhone 17 12\" width=\"1200\" height=\"630\" title=\"Apple revela data oficial do evento de lan\u00e7amento do iPhone 17 14\" data-lazy-src=\"https:\/\/www.europesays.com\/pt\/wp-content\/uploads\/2025\/08\/descubra-as-novas-cores-do-iphone-17-air-androidgeek.jpg.webp.webp\"\/><\/p>\n<p> Porqu\u00ea o dia 9 de setembro?<\/p>\n<p>Segundo informa\u00e7\u00f5es partilhadas por Mark Gurman (Bloomberg), uma das fontes mais confi\u00e1veis quando se trata da Apple, o evento ser\u00e1 realizado na semana de 8 de setembro. O dia 9 (ter\u00e7a-feira) parece a escolha mais l\u00f3gica, uma vez que a Apple evita eventos \u00e0 sexta-feira (como seria o caso do dia 12) e tamb\u00e9m tende a evitar o 11 de setembro, uma data carregada de simbolismo nos EUA.<\/p>\n<p>O calend\u00e1rio da Apple costuma ser meticulosamente planeado, e esta escolha refor\u00e7a a consist\u00eancia que temos visto em anos anteriores.<\/p>\n<p> Quando chegam os novos iPhones ao mercado?<\/p>\n<p>Ap\u00f3s a apresenta\u00e7\u00e3o oficial, os novos iPhones dever\u00e3o estar dispon\u00edveis para pr\u00e9-compra logo no final dessa semana, com a data de lan\u00e7amento oficial marcada para 19 de setembro.<\/p>\n<p>Esse ser\u00e1 o dia em que os modelos come\u00e7ar\u00e3o a chegar \u00e0s lojas nos mercados principais, como Estados Unidos, Reino Unido, Alemanha, Fran\u00e7a e, provavelmente, Portugal.<\/p>\n<p><img decoding=\"async\" class=\"alignnone size-full wp-image-497808\" src=\"data:image\/svg+xml,%3Csvg%20xmlns=\" http:=\"\" data-lazy-src=\"https:\/\/androidgeek.pt\/wp-content\/uploads\/2025\/07\/iphone-17-air-pode-chegar-com-&lt;a href=\"\/>bateria-inferior-a-3-000mah-sera-suficiente-androidgeek-1.webp&#8221; alt=&#8221;&#8221; width=&#8221;700&#8243; height=&#8221;394&#8243; \/&gt;<\/p>\n<p> iPhone 17 Air: o modelo mais leve de sempre<\/p>\n<p>Uma das grandes apostas da <a href=\"https:\/\/androidgeek.pt\/apple-3-mil-milhoes-de-iphones-vendidos-iphone-17-proximas-metas\" rel=\"nofollow noopener\" target=\"_blank\">Apple<\/a> este ano ser\u00e1 o iPhone 17 Air, que vem substituir a vers\u00e3o \u201cPlus\u201d, considerada a menos popular da linha nos \u00faltimos anos.<\/p>\n<p>O Air promete ser o iPhone mais fino e leve alguma vez lan\u00e7ado, com uma espessura que ronda os 5,5 mm. No entanto, este design compacto poder\u00e1 trazer sacrif\u00edcios em autonomia de bateria (com rumores a apontarem para apenas 2.900mAh) e eventualmente menos capacidades na c\u00e2mara traseira.<\/p>\n<p>Ainda assim, a Apple parece confiante de que o design ultrafino e leve ser\u00e1 um chamariz forte para utilizadores que procuram um equipamento elegante e discreto.<\/p>\n<p> Modelos e pre\u00e7os da s\u00e9rie iPhone 17<\/p>\n<p>De acordo com os <a href=\"https:\/\/androidgeek.pt\/category\/leaks-2\" target=\"_blank\" rel=\"follow nofollow noopener\">leaks<\/a> mais recentes, os pre\u00e7os da nova linha iPhone 17 em Portugal dever\u00e3o come\u00e7ar nos \u20ac799 e escalar at\u00e9 aos \u20ac1.099:<\/p>\n<ul>\n<li>iPhone 17: \u20ac799<\/li>\n<li>iPhone 17 Air: \u20ac899<\/li>\n<li>iPhone 17 Pro: \u20ac999<\/li>\n<li>iPhone 17 Pro Max: \u20ac1.099<\/li>\n<\/ul>\n<p>Claro que estes valores podem variar consoante a configura\u00e7\u00e3o de armazenamento escolhida, mas estas vers\u00f5es devem representar os pre\u00e7os base de entrada em cada modelo.<\/p>\n<p> O que mais poder\u00e1 ser anunciado?<\/p>\n<p>Al\u00e9m dos iPhones, \u00e9 poss\u00edvel que a Apple utilize o evento para apresentar novidades do iOS 19, novos Apple Watch (provavelmente a linha Series 11) e, quem sabe, surpresas relacionadas com o Apple Vision Pro ou atualiza\u00e7\u00f5es dos seus servi\u00e7os como o iCloud+, Apple One ou Apple Music.<\/p>\n<p>N\u00e3o est\u00e1 previsto o lan\u00e7amento de novos iPads neste evento, j\u00e1 que a empresa costuma guardar essas revela\u00e7\u00f5es para outubro.<\/p>\n<p> Conclus\u00e3o<\/p>\n<p>O evento de 9 de setembro promete ser um marco importante para a Apple, com a nova gera\u00e7\u00e3o de iPhones a trazer design renovado, novas funcionalidades de IA e o regresso de um modelo ultrafino com o iPhone 17 Air.<\/p>\n<p>Se \u00e9s f\u00e3 da Apple ou simplesmente curioso para ver o que est\u00e1 a caminho, marca j\u00e1 a data no calend\u00e1rio. E como sempre, n\u00f3s no AndroidGeek.pt estaremos prontos para cobrir todos os detalhes, especifica\u00e7\u00f5es e primeiras impress\u00f5es assim que a Apple subir ao palco.<\/p>\n<p><a href=\"https:\/\/www.iphone-ticker.de\/iphone-17-vorstellung-wohl-am-9-verkaufsstart-am-19-september-261445\/\" target=\"_blank\" rel=\"noopener nofollow\">Fonte<\/a><\/p>\n<p style=\"text-align: center;\">Leiam as \u00faltimas not\u00edcias do mundo da tecnologia no Google News ,\u00a0<a href=\"https:\/\/www.facebook.com\/androidgeekportugal\" target=\"_blank\" rel=\"noopener nofollow\">Facebook\u00a0<\/a>\u00a0e\u00a0<strong><a href=\"https:\/\/twitter.com\/AndroidGeekPT\" target=\"_blank\" rel=\"nofollow noopener\">Twitter\u00a0<\/a>.<\/strong><\/p>\n<p>&#13;<br \/>\n&#13;<\/p>\n<tr>&#13;<\/p>\n<td style=\"text-align: center;\"><img loading=\"lazy\" decoding=\"async\" class=\"size-full wp-image-335462 aligncenter\" title=\"1\" src=\"data:image\/svg+xml,%3Csvg%20xmlns=\" http:=\"\" alt=\"1\" width=\"385\" height=\"73\" data-lazy-src=\"https:\/\/www.europesays.com\/pt\/wp-content\/uploads\/2025\/07\/androidgeek-9.png\"\/>Todos os dias vos trazemos dezenas de not\u00edcias sobre o mundo Android em Portugu\u00eas. <strong style=\"font-family: inherit; font-size: inherit; background-color: transparent;\">Sigam-nos no Google Not\u00edcias. Cliquem\u00a0<a href=\"https:\/\/news.google.com\/publications\/CAAqBwgKMPG-hgswybGEAw\" target=\"_blank\" rel=\"noopener nofollow\">aqui<\/a>\u00a0e depois em Seguir.\u00a0<\/strong>Obrigado!<\/td>\n<p>&#13;<br \/>\n<\/tr>\n<p>&#13;<br \/>\n&#13;<\/p>\n<p>      <img decoding=\"async\" alt=\"\" src=\"\"\/><\/p>\n<p>\n        A Apple lan\u00e7ou o iOS 26 Beta 5 com novidades visuais, ajustes ao efeito Liquid Glass e melhorias nas apps            <\/p>\n<p>            <a class=\"element element_3  read_more\" target=\"\" href=\"https:\/\/androidgeek.pt\/apple-ios-26-beta-5-novidades-liquid-glass\" rel=\"nofollow noopener\"><\/p>\n<p>\n        A Samsung Display lan\u00e7a a marca MONT FLEX com foco em durabilidade, design fino e inova\u00e7\u00e3o nos ecr\u00e3s dobr\u00e1veis. Descobre            <\/p>\n<p>            <a class=\"element element_3  read_more\" target=\"\" href=\"https:\/\/androidgeek.pt\/samsung-display-mont-flex-ecras-dobraveis\" rel=\"nofollow noopener\"><\/p>\n<p>\n        O WhatsApp est\u00e1 a testar uma nova funcionalidade que permite conversar com pessoas sem conta na app, atrav\u00e9s de links            <\/p>\n<p>            <a class=\"element element_3  read_more\" target=\"\" href=\"https:\/\/androidgeek.pt\/whatsapp-chats-convidados-sem-conta\" rel=\"nofollow noopener\"><\/p>\n<p>\n        O programa beta do One UI 8 est\u00e1 agora dispon\u00edvel para os Galaxy S24, Z Fold6 e Z Flip6. Descobre            <\/p>\n<p>            <a class=\"element element_3  read_more\" target=\"\" href=\"https:\/\/androidgeek.pt\/samsung-one-ui-8-beta-modelos-2024\" rel=\"nofollow noopener\"><\/p>\n<p>\n        A Honor lan\u00e7ou uma fun\u00e7\u00e3o de clonagem de dispositivos compat\u00edvel com Android, iOS e HarmonyOS Next. Descobre como funciona esta            <\/p>\n<p>            <a class=\"element element_3  read_more\" target=\"\" href=\"https:\/\/androidgeek.pt\/honor-clonagem-dispositivos-android-ios-harmonyos-next\" rel=\"nofollow noopener\"><\/p>\n<p>\n        O Galaxy Z Flip7 passou com sucesso no teste de durabilidade do JerryRigEverything. Menos espesso, mas mais robusto. Descobre tudo            <\/p>\n<p>            <a class=\"element element_3  read_more\" target=\"\" href=\"https:\/\/androidgeek.pt\/samsung-galaxy-z-flip7-teste-durabilidade\" rel=\"nofollow noopener\"><\/p>\n<p>\t\t<script async src=\"https:\/\/platform.twitter.com\/widgets.js\" charset=\"utf-8\"><\/script><\/p>\n","protected":false},"excerpt":{"rendered":"A espera est\u00e1 a terminar. De acordo com novas informa\u00e7\u00f5es oriundas de operadoras alem\u00e3s, a Apple ter\u00e1 escolhido&hellip;\n","protected":false},"author":2,"featured_media":18857,"comment_status":"","ping_status":"","sticky":false,"template":"","format":"standard","meta":{"footnotes":""},"categories":[84],"tags":[109,107,108,32,33,105,103,104,106,110],"class_list":{"0":"post-18856","1":"post","2":"type-post","3":"status-publish","4":"format-standard","5":"has-post-thumbnail","7":"category-ciencia-e-tecnologia","8":"tag-ciencia","9":"tag-ciencia-e-tecnologia","10":"tag-cienciaetecnologia","11":"tag-portugal","12":"tag-pt","13":"tag-science","14":"tag-science-and-technology","15":"tag-scienceandtechnology","16":"tag-technology","17":"tag-tecnologia"},"share_on_mastodon":{"url":"","error":""},"_links":{"self":[{"href":"https:\/\/www.europesays.com\/pt\/wp-json\/wp\/v2\/posts\/18856","targetHints":{"allow":["GET"]}}],"collection":[{"href":"https:\/\/www.europesays.com\/pt\/wp-json\/wp\/v2\/posts"}],"about":[{"href":"https:\/\/www.europesays.com\/pt\/wp-json\/wp\/v2\/types\/post"}],"author":[{"embeddable":true,"href":"https:\/\/www.europesays.com\/pt\/wp-json\/wp\/v2\/users\/2"}],"replies":[{"embeddable":true,"href":"https:\/\/www.europesays.com\/pt\/wp-json\/wp\/v2\/comments?post=18856"}],"version-history":[{"count":0,"href":"https:\/\/www.europesays.com\/pt\/wp-json\/wp\/v2\/posts\/18856\/revisions"}],"wp:featuredmedia":[{"embeddable":true,"href":"https:\/\/www.europesays.com\/pt\/wp-json\/wp\/v2\/media\/18857"}],"wp:attachment":[{"href":"https:\/\/www.europesays.com\/pt\/wp-json\/wp\/v2\/media?parent=18856"}],"wp:term":[{"taxonomy":"category","embeddable":true,"href":"https:\/\/www.europesays.com\/pt\/wp-json\/wp\/v2\/categories?post=18856"},{"taxonomy":"post_tag","embeddable":true,"href":"https:\/\/www.europesays.com\/pt\/wp-json\/wp\/v2\/tags?post=18856"}],"curies":[{"name":"wp","href":"https:\/\/api.w.org\/{rel}","templated":true}]}}