{"id":188575,"date":"2025-12-15T00:12:13","date_gmt":"2025-12-15T00:12:13","guid":{"rendered":"https:\/\/www.europesays.com\/pt\/188575\/"},"modified":"2025-12-15T00:12:13","modified_gmt":"2025-12-15T00:12:13","slug":"manha-de-cortar-a-faca-frente-a-frente-entre-liliana-fabio-e-leandro-eleva-a-tensao-no-secret-story-9-secret-story","status":"publish","type":"post","link":"https:\/\/www.europesays.com\/pt\/188575\/","title":{"rendered":"Manh\u00e3 de cortar \u00e0 faca: Frente-a-frente entre Liliana, F\u00e1bio e Leandro eleva a tens\u00e3o no Secret Story 9 &#8211; Secret Story"},"content":{"rendered":"<p style=\"margin-bottom:11px\"><strong>Os \u00e2nimos dentro da casa mais vigiada do Pa\u00eds est\u00e3o longe de estar calmos<\/strong>. A manh\u00e3 deste domingo foi de pura tens\u00e3o entre <a href=\"https:\/\/tvi.iol.pt\/secretstory\/search?pagina=1&amp;pesquisa=fabio+e%20liliana\" rel=\"nofollow noopener\" target=\"_blank\">Liliana, F\u00e1bio<\/a> e <a href=\"https:\/\/tvi.iol.pt\/secretstory\/search?pagina=1&amp;pesquisa=leandro\" rel=\"nofollow noopener\" target=\"_blank\">Leandro <\/a>no Secret Story 9. Tudo come\u00e7ou quando Leandro <strong>falhou ao preparar o pequeno-almo\u00e7o das nomeadas. Liliana confrontou o l\u00edder, que a mandou esperar.<\/strong><\/p>\n<p>A situa\u00e7\u00e3o agravou-se na cozinha quando <a href=\"https:\/\/tvi.iol.pt\/secretstory\/videos\/lider-falhado-pedro-fabio-e-liliana-arrasam-leandro\/693ef83d0cf229bd2f8d693c\" rel=\"nofollow noopener\" target=\"_blank\">Pedro deu por falta de l\u00edquido da lou\u00e7a.<\/a> O concorrente chamou a aten\u00e7\u00e3o de <a href=\"https:\/\/tvi.iol.pt\/secretstory\/search?pagina=1&amp;pesquisa=leandro\" rel=\"nofollow noopener\" target=\"_blank\">Leandro<\/a>, <strong>que n\u00e3o se deixou ficar.<\/strong> Rapidamente, <strong>Liliana e F\u00e1bio juntaram-se \u00e0 discuss\u00e3o e as acusa\u00e7\u00f5es come\u00e7aram a voar.<\/strong><\/p>\n<p style=\"margin-bottom:11px\">F\u00e1bio chamou Leandro de<strong> \u00abl\u00edder falhado\u00bb <\/strong>e chegou mesmo a lan\u00e7ar uma forte farpa: <strong>\u00abA primeira vez qualquer pessoa falha, a segunda s\u00f3 falha quem \u00e9 burro\u00bb<\/strong>. Impactado pelas acusa\u00e7\u00f5es,<strong> Leandro reagiu mal e foi rapidamente acusado de estar a fazer papel de v\u00edtima<\/strong>.<a href=\"https:\/\/tvi.iol.pt\/secretstory\/search?pagina=1&amp;pesquisa=fabio+e%20liliana\" rel=\"nofollow noopener\" target=\"_blank\">\u00a0F\u00e1bio e Liliana<\/a> acabaram por abandonar a cozinha, onde <a href=\"https:\/\/tvi.iol.pt\/secretstory\/videos\/leandro-desabafa-para-as-camaras-depois-de-discussao-tensa-com-fabio\/693efbe10cf28fe4304886d4\" rel=\"nofollow noopener\" target=\"_blank\">Leandro ficou a tomar o pequeno-almo\u00e7o sozinho<\/a> enquanto desabafava para as c\u00e2maras.<\/p>\n<p>Nova acusa\u00e7\u00e3o junto \u00e0 piscina <\/p>\n<p style=\"margin-bottom:11px\">Os concorrentes apanhavam sol junto \u00e0 piscina quando<strong> Leandro se dirigiu a Liliana e acusou-a de ter deixado o fog\u00e3o ligado<\/strong>. Pedro desmentiu o amigo. Leandro admitiu que apesar de ter visto o fog\u00e3o ligado, n\u00e3o o desligou. <strong>A tens\u00e3o voltou a acender e Leandro ficou no centro das acusa\u00e7\u00f5es.<\/strong><\/p>\n<p>No limite, Leandro partiu para cima dos colegas: \u00ab<strong>J\u00e1 n\u00e3o posso aturar determinadas pessoas\u00bb<\/strong>. F\u00e1bio levantou-se e chegou mesmo a <strong>enfrentar o colega olhos nos olhos, numa discuss\u00e3o que parecia n\u00e3o ter fim.<\/strong><\/p>\n<p style=\"margin-bottom:11px\">\u00a0<\/p>\n","protected":false},"excerpt":{"rendered":"Os \u00e2nimos dentro da casa mais vigiada do Pa\u00eds est\u00e3o longe de estar calmos. A manh\u00e3 deste domingo&hellip;\n","protected":false},"author":2,"featured_media":188576,"comment_status":"","ping_status":"","sticky":false,"template":"","format":"standard","meta":{"footnotes":""},"categories":[142],"tags":[19374,19373,114,115,19082,12397,19016,19375,32,33,151],"class_list":{"0":"post-188575","1":"post","2":"type-post","3":"status-publish","4":"format-standard","5":"has-post-thumbnail","7":"category-tv","8":"tag-confrontos-concorrentes","9":"tag-discussoes-secret-story","10":"tag-entertainment","11":"tag-entretenimento","12":"tag-fabio","13":"tag-leandro","14":"tag-liliana","15":"tag-polemicas","16":"tag-portugal","17":"tag-pt","18":"tag-tv"},"share_on_mastodon":{"url":"https:\/\/pubeurope.com\/@pt\/115720692884564001","error":""},"_links":{"self":[{"href":"https:\/\/www.europesays.com\/pt\/wp-json\/wp\/v2\/posts\/188575","targetHints":{"allow":["GET"]}}],"collection":[{"href":"https:\/\/www.europesays.com\/pt\/wp-json\/wp\/v2\/posts"}],"about":[{"href":"https:\/\/www.europesays.com\/pt\/wp-json\/wp\/v2\/types\/post"}],"author":[{"embeddable":true,"href":"https:\/\/www.europesays.com\/pt\/wp-json\/wp\/v2\/users\/2"}],"replies":[{"embeddable":true,"href":"https:\/\/www.europesays.com\/pt\/wp-json\/wp\/v2\/comments?post=188575"}],"version-history":[{"count":0,"href":"https:\/\/www.europesays.com\/pt\/wp-json\/wp\/v2\/posts\/188575\/revisions"}],"wp:featuredmedia":[{"embeddable":true,"href":"https:\/\/www.europesays.com\/pt\/wp-json\/wp\/v2\/media\/188576"}],"wp:attachment":[{"href":"https:\/\/www.europesays.com\/pt\/wp-json\/wp\/v2\/media?parent=188575"}],"wp:term":[{"taxonomy":"category","embeddable":true,"href":"https:\/\/www.europesays.com\/pt\/wp-json\/wp\/v2\/categories?post=188575"},{"taxonomy":"post_tag","embeddable":true,"href":"https:\/\/www.europesays.com\/pt\/wp-json\/wp\/v2\/tags?post=188575"}],"curies":[{"name":"wp","href":"https:\/\/api.w.org\/{rel}","templated":true}]}}