{"id":188621,"date":"2025-12-15T00:53:29","date_gmt":"2025-12-15T00:53:29","guid":{"rendered":"https:\/\/www.europesays.com\/pt\/188621\/"},"modified":"2025-12-15T00:53:29","modified_gmt":"2025-12-15T00:53:29","slug":"passagem-de-ano-em-mira-oguia","status":"publish","type":"post","link":"https:\/\/www.europesays.com\/pt\/188621\/","title":{"rendered":"Passagem de Ano em Mira &#8211; oGuia"},"content":{"rendered":"\n<p>Prepare-se para uma entrada em 2026 absolutamente eletrizante na Praia de Mira! O munic\u00edpio promete o maior espet\u00e1culo de Passagem de Ano da Regi\u00e3o Centro, com um evento gratuito que garante festa, m\u00fasica de topo e muita anima\u00e7\u00e3o \u00e0 beira-mar.<\/p>\n<p><b>A Grande Festa \u00e0 Beira-Mar<\/b><\/p>\n<p>A noite de 31 de dezembro transforma-se no palco principal da festa. O programa oficial foi concebido para manter a energia no m\u00e1ximo, desde o in\u00edcio da noite at\u00e9 de madrugada:<\/p>\n<p>22h00 | Grupo VIBE: O arranque da celebra\u00e7\u00e3o fica a cargo do Grupo VIBE, que promete aquecer o ambiente e preparar todos para a grande noite.<\/p>\n<p>00h00 | Fogo-de-Artif\u00edcio Piromusical: \u00c0 meia-noite, os olhos voltam-se para o c\u00e9u e para o mar, onde um espetacular show de luz, cor e m\u00fasica dar\u00e1 as boas-vindas a 2026.<\/p>\n<p>00h15 | N\u00e9manus: Logo ap\u00f3s a meia-noite, a loucura instala-se com os N\u00e9manus. Prepare-se para dan\u00e7ar ao som dos ritmos contagiantes e dos grandes \u00eaxitos da banda.<\/p>\n<p>02h00 | Electric Boys: A festa n\u00e3o abranda e prolonga-se pela madrugada com o DJ Set dos Electric Boys, que garantem a vibe certa at\u00e9 ao amanhecer.<\/p>\n","protected":false},"excerpt":{"rendered":"Prepare-se para uma entrada em 2026 absolutamente eletrizante na Praia de Mira! O munic\u00edpio promete o maior espet\u00e1culo&hellip;\n","protected":false},"author":2,"featured_media":188622,"comment_status":"","ping_status":"","sticky":false,"template":"","format":"standard","meta":{"footnotes":""},"categories":[10],"tags":[27,28,15,16,3318,14,25,26,21,22,12,13,19,20,38067,37505,32,23,24,33,35623,17,18,29,30,31],"class_list":{"0":"post-188621","1":"post","2":"type-post","3":"status-publish","4":"format-standard","5":"has-post-thumbnail","7":"category-portugal","8":"tag-breaking-news","9":"tag-breakingnews","10":"tag-featured-news","11":"tag-featurednews","12":"tag-fim","13":"tag-headlines","14":"tag-latest-news","15":"tag-latestnews","16":"tag-main-news","17":"tag-mainnews","18":"tag-news","19":"tag-noticias","20":"tag-noticias-principais","21":"tag-noticiasprincipais","22":"tag-party","23":"tag-passagem-de-ano","24":"tag-portugal","25":"tag-principais-noticias","26":"tag-principaisnoticias","27":"tag-pt","28":"tag-reveillon","29":"tag-top-stories","30":"tag-topstories","31":"tag-ultimas","32":"tag-ultimas-noticias","33":"tag-ultimasnoticias"},"share_on_mastodon":{"url":"https:\/\/pubeurope.com\/@pt\/115720854232157815","error":""},"_links":{"self":[{"href":"https:\/\/www.europesays.com\/pt\/wp-json\/wp\/v2\/posts\/188621","targetHints":{"allow":["GET"]}}],"collection":[{"href":"https:\/\/www.europesays.com\/pt\/wp-json\/wp\/v2\/posts"}],"about":[{"href":"https:\/\/www.europesays.com\/pt\/wp-json\/wp\/v2\/types\/post"}],"author":[{"embeddable":true,"href":"https:\/\/www.europesays.com\/pt\/wp-json\/wp\/v2\/users\/2"}],"replies":[{"embeddable":true,"href":"https:\/\/www.europesays.com\/pt\/wp-json\/wp\/v2\/comments?post=188621"}],"version-history":[{"count":0,"href":"https:\/\/www.europesays.com\/pt\/wp-json\/wp\/v2\/posts\/188621\/revisions"}],"wp:featuredmedia":[{"embeddable":true,"href":"https:\/\/www.europesays.com\/pt\/wp-json\/wp\/v2\/media\/188622"}],"wp:attachment":[{"href":"https:\/\/www.europesays.com\/pt\/wp-json\/wp\/v2\/media?parent=188621"}],"wp:term":[{"taxonomy":"category","embeddable":true,"href":"https:\/\/www.europesays.com\/pt\/wp-json\/wp\/v2\/categories?post=188621"},{"taxonomy":"post_tag","embeddable":true,"href":"https:\/\/www.europesays.com\/pt\/wp-json\/wp\/v2\/tags?post=188621"}],"curies":[{"name":"wp","href":"https:\/\/api.w.org\/{rel}","templated":true}]}}