{"id":188624,"date":"2025-12-15T00:55:15","date_gmt":"2025-12-15T00:55:15","guid":{"rendered":"https:\/\/www.europesays.com\/pt\/188624\/"},"modified":"2025-12-15T00:55:15","modified_gmt":"2025-12-15T00:55:15","slug":"virginia-fonseca-reflete-sobre-seu-ano-de-2025","status":"publish","type":"post","link":"https:\/\/www.europesays.com\/pt\/188624\/","title":{"rendered":"Virginia Fonseca reflete sobre seu ano de 2025"},"content":{"rendered":"<p>A influenciadora <a href=\"https:\/\/caras.com.br\/tags\/virginia-fonseca\" rel=\"nofollow noopener\" target=\"_blank\"><strong>Virginia Fonseca<\/strong><\/a> utilizou suas redes sociais para compartilhar uma reflex\u00e3o. No s\u00e1bado, 13, a empres\u00e1ria compartilhou uma publica\u00e7\u00e3o em seus stories sobre o ano de 2025.<\/p>\n<p>\u201cEsse ano foi, sem d\u00favida, o ano emocionalmente e psicologicamente mais dif\u00edcil para mim. E, ao mesmo tempo, foi o ano em que descobri uma for\u00e7a que nem imaginava que tinha. Eu sobrevivi ao meu pr\u00f3prio caos. E isso, por si s\u00f3, j\u00e1 \u00e9 um motivo para ser celebrado\u201d, dizia o post compartilhado pela famosa em seus stories.<\/p>\n<p>Relembre o ano de Virginia<\/p>\n<p>Este \u00faltimo ano causou um turbilh\u00e3o de emo\u00e7\u00f5es na vida da influenciadora. Tudo come\u00e7ou no m\u00eas de maio, quando Virginia anunciou o fim de seu relacionamento com o cantor <strong>Z\u00e9 Felipe<\/strong>. Eles estavam juntos desde de 2020 e tem tr\u00eas filhos, <strong>Maria Alice<\/strong>, <strong>Maria Flor<\/strong> e <strong>Jos\u00e9 Leonardo<\/strong>. O comunicado oficial, feito de forma respeitosa nas redes sociais, afirmava que a decis\u00e3o era amig\u00e1vel, optando pela honestidade em vez de uma \u201cvida de apar\u00eancias\u201d.<\/p>\n<p>Ap\u00f3s o div\u00f3rcio, Virginia teve seu nome ligado ao jogador <strong>Vini Jr<\/strong>. em boatos que agitaram a web na segunda metade do ano. Os rumores foram confirmados no m\u00eas de outubro, pouco antes da empres\u00e1ria e o atleta assumirem o relacionamento. A din\u00e2mica dos dois tamb\u00e9m foi marcada por altos e baixos.<\/p>\n<p>Apesar dos acontecimentos em sua vida amorosa, sua carreira ganhou destaque ao longo do ano. Virginia seguiu no comando de seu programa no SBT, o Sabadou com Virginia, que teve uma nova temporada confirmada, solidificando sua posi\u00e7\u00e3o como apresentadora de TV aberta.<\/p>\n<p>Outro marco foi sua coroa\u00e7\u00e3o como Rainha de Bateria de uma escola de samba do Rio de Janeiro, gerando grande burburinho e discuss\u00f5es na internet.<\/p>\n<p>O ano tamb\u00e9m foi de controv\u00e9rsias, com a influenciadora sendo citada em um ranking como uma das personalidades mais buscadas e, ao mesmo tempo, enfrentando acusa\u00e7\u00f5es de ser \u201carrogante\u201d e \u201cdeselegante\u201d por um suposto fornecedor de suas festas.<\/p>\n<p><strong>Leia tamb\u00e9m:\u00a0<\/strong><a href=\"https:\/\/caras.com.br\/bem-estar\/virginia-revela-diagnostico-e-medico-faz-alerta-para-sintoma-costuma-ser-incapacitante.phtml\" rel=\"nofollow noopener\" target=\"_blank\">Virginia revela diagn\u00f3stico e m\u00e9dico faz alerta para sintoma: \u2018Costuma ser incapacitante\u2019<\/a><\/p>\n<p>        <a href=\"https:\/\/caras.com.br\/autor\/giovanna-f-campos\" rel=\"nofollow noopener\" target=\"_blank\">&#13;<br \/>\n          <img loading=\"lazy\" decoding=\"async\" alt=\"Giovanna F Campos\" src=\"https:\/\/www.europesays.com\/pt\/wp-content\/uploads\/2025\/09\/1758588909_721_525986578_1657136028311574_5510063872310493577_n-150x150.jpg\" class=\"avatar avatar-115 photo rounded-circle\" height=\"115\" width=\"115\"\/>        <\/a><\/p>\n<p>Giovanna F Campos \u00e9 estudante de jornalismo pela Faculdade C\u00e1sper L\u00edbero, apaixonada por entretenimento e literatura.<\/p>\n","protected":false},"excerpt":{"rendered":"A influenciadora Virginia Fonseca utilizou suas redes sociais para compartilhar uma reflex\u00e3o. No s\u00e1bado, 13, a empres\u00e1ria compartilhou&hellip;\n","protected":false},"author":2,"featured_media":188625,"comment_status":"","ping_status":"","sticky":false,"template":"","format":"standard","meta":{"footnotes":""},"categories":[145],"tags":[3980,211,210,114,115,32,33,4784,973,1446],"class_list":{"0":"post-188624","1":"post","2":"type-post","3":"status-publish","4":"format-standard","5":"has-post-thumbnail","7":"category-celebridades","8":"tag-3980","9":"tag-celebridades","10":"tag-celebrities","11":"tag-entertainment","12":"tag-entretenimento","13":"tag-portugal","14":"tag-pt","15":"tag-reflexao","16":"tag-virginia","17":"tag-virginia-fonseca"},"share_on_mastodon":{"url":"https:\/\/pubeurope.com\/@pt\/115720862212801517","error":""},"_links":{"self":[{"href":"https:\/\/www.europesays.com\/pt\/wp-json\/wp\/v2\/posts\/188624","targetHints":{"allow":["GET"]}}],"collection":[{"href":"https:\/\/www.europesays.com\/pt\/wp-json\/wp\/v2\/posts"}],"about":[{"href":"https:\/\/www.europesays.com\/pt\/wp-json\/wp\/v2\/types\/post"}],"author":[{"embeddable":true,"href":"https:\/\/www.europesays.com\/pt\/wp-json\/wp\/v2\/users\/2"}],"replies":[{"embeddable":true,"href":"https:\/\/www.europesays.com\/pt\/wp-json\/wp\/v2\/comments?post=188624"}],"version-history":[{"count":0,"href":"https:\/\/www.europesays.com\/pt\/wp-json\/wp\/v2\/posts\/188624\/revisions"}],"wp:featuredmedia":[{"embeddable":true,"href":"https:\/\/www.europesays.com\/pt\/wp-json\/wp\/v2\/media\/188625"}],"wp:attachment":[{"href":"https:\/\/www.europesays.com\/pt\/wp-json\/wp\/v2\/media?parent=188624"}],"wp:term":[{"taxonomy":"category","embeddable":true,"href":"https:\/\/www.europesays.com\/pt\/wp-json\/wp\/v2\/categories?post=188624"},{"taxonomy":"post_tag","embeddable":true,"href":"https:\/\/www.europesays.com\/pt\/wp-json\/wp\/v2\/tags?post=188624"}],"curies":[{"name":"wp","href":"https:\/\/api.w.org\/{rel}","templated":true}]}}