{"id":188626,"date":"2025-12-15T00:58:11","date_gmt":"2025-12-15T00:58:11","guid":{"rendered":"https:\/\/www.europesays.com\/pt\/188626\/"},"modified":"2025-12-15T00:58:11","modified_gmt":"2025-12-15T00:58:11","slug":"apos-incendio-em-garagem-foto-de-eduardo-ferreira-comove-tudo-e-todos","status":"publish","type":"post","link":"https:\/\/www.europesays.com\/pt\/188626\/","title":{"rendered":"Ap\u00f3s inc\u00eandio em garagem, foto de Eduardo Ferreira comove tudo e todos!"},"content":{"rendered":"<p>Recorrendo ao Instagram, <a href=\"https:\/\/selfie.iol.pt\/famosos\/eduardo-ferreira\/em-dia-marcante-eduardo-ferreira-recorda-marco-paulo-a-ausencia-ainda-pesa\/20251024\/68fb53fbd34e58bc679742df\" target=\"_blank\" rel=\"nofollow noopener\">Eduardo Ferreira<\/a> tem o h\u00e1bito de partilhar o dia a dia enquanto bombeiro. Por exemplo, recentemente, o ex-concorrente do &#8220;<a href=\"https:\/\/tvi.iol.pt\/bigbrother\/\" target=\"_blank\" rel=\"nofollow noopener\">Big Brother<\/a> Ver\u00e3o&#8221; publicou uma fotografia que acabou por comover os seguidores.<\/p>\n<p>&#8220;Ap\u00f3s um inc\u00eandio numa garagem, ganhei uma nova amizade, a Kiki&#8221;, escreveu Eduardo Ferreira na legenda de uma imagem, na qual surge com uma cadelinha ao colo.<\/p>\n<p>Na caixa de coment\u00e1rios da publica\u00e7\u00e3o, os internautas mostraram-se rendidos. &#8220;B\u00ean\u00e7\u00e3o&#8221;; &#8220;Tanta ternura e tanto carinho&#8221; e &#8220;\u00c9s um her\u00f3i&#8221;, pode ler-se.<\/p>\n<p>Veja, agora, a imagem partilhada por Eduardo Ferreira na galeria de fotografias que prepar\u00e1mos para si.<\/p>\n","protected":false},"excerpt":{"rendered":"Recorrendo ao Instagram, Eduardo Ferreira tem o h\u00e1bito de partilhar o dia a dia enquanto bombeiro. Por exemplo,&hellip;\n","protected":false},"author":2,"featured_media":188627,"comment_status":"","ping_status":"","sticky":false,"template":"","format":"standard","meta":{"footnotes":""},"categories":[142],"tags":[1353,48,1050,114,115,980,625,1015,1166,619,32,33,1014,1012,151,162],"class_list":{"0":"post-188626","1":"post","2":"type-post","3":"status-publish","4":"format-standard","5":"has-post-thumbnail","7":"category-tv","8":"tag-animais","9":"tag-big-brother","10":"tag-eduardo-ferreira","11":"tag-entertainment","12":"tag-entretenimento","13":"tag-famosos","14":"tag-incendio","15":"tag-instagram","16":"tag-marco-paulo","17":"tag-nacional","18":"tag-portugal","19":"tag-pt","20":"tag-reality-show","21":"tag-selfie","22":"tag-tv","23":"tag-tvi"},"share_on_mastodon":{"url":"https:\/\/pubeurope.com\/@pt\/115720874016517756","error":""},"_links":{"self":[{"href":"https:\/\/www.europesays.com\/pt\/wp-json\/wp\/v2\/posts\/188626","targetHints":{"allow":["GET"]}}],"collection":[{"href":"https:\/\/www.europesays.com\/pt\/wp-json\/wp\/v2\/posts"}],"about":[{"href":"https:\/\/www.europesays.com\/pt\/wp-json\/wp\/v2\/types\/post"}],"author":[{"embeddable":true,"href":"https:\/\/www.europesays.com\/pt\/wp-json\/wp\/v2\/users\/2"}],"replies":[{"embeddable":true,"href":"https:\/\/www.europesays.com\/pt\/wp-json\/wp\/v2\/comments?post=188626"}],"version-history":[{"count":0,"href":"https:\/\/www.europesays.com\/pt\/wp-json\/wp\/v2\/posts\/188626\/revisions"}],"wp:featuredmedia":[{"embeddable":true,"href":"https:\/\/www.europesays.com\/pt\/wp-json\/wp\/v2\/media\/188627"}],"wp:attachment":[{"href":"https:\/\/www.europesays.com\/pt\/wp-json\/wp\/v2\/media?parent=188626"}],"wp:term":[{"taxonomy":"category","embeddable":true,"href":"https:\/\/www.europesays.com\/pt\/wp-json\/wp\/v2\/categories?post=188626"},{"taxonomy":"post_tag","embeddable":true,"href":"https:\/\/www.europesays.com\/pt\/wp-json\/wp\/v2\/tags?post=188626"}],"curies":[{"name":"wp","href":"https:\/\/api.w.org\/{rel}","templated":true}]}}