{"id":18866,"date":"2025-08-06T20:31:07","date_gmt":"2025-08-06T20:31:07","guid":{"rendered":"https:\/\/www.europesays.com\/pt\/18866\/"},"modified":"2025-08-06T20:31:07","modified_gmt":"2025-08-06T20:31:07","slug":"1917-1987-socialismo-em-debate-editora-fpa","status":"publish","type":"post","link":"https:\/\/www.europesays.com\/pt\/18866\/","title":{"rendered":"1917-1987 Socialismo em Debate | Editora FPA"},"content":{"rendered":"<p>O semin\u00e1rio que deu origem a este livro foi realizado em novembro de 1987. Quase um ano depois, em agosto de 1988, o setor de publica\u00e7\u00f5es do Instituto Cajamar enviou para a gr\u00e1fica os originais da primeira edi\u00e7\u00e3o de <strong>Socialismo em Debate<\/strong>. N\u00e3o h\u00e1 registro da tiragem, nem houve um lan\u00e7amento formal.<\/p>\n<p>Quase 30 anos depois do semin\u00e1rio, em junho de 2017, a Funda\u00e7\u00e3o Perseu Abramo publicou uma edi\u00e7\u00e3o fac-s\u00edmile virtual do livro original. Na Apresenta\u00e7\u00e3o desta edi\u00e7\u00e3o fac-s\u00edmile, que reproduzimos na presente edi\u00e7\u00e3o, h\u00e1 detalhes acerca do Instituto Cajamar, d<strong>o Semin\u00e1rio sobre 70 anos de tentativas de constru\u00e7\u00e3o do socialismo<\/strong> e sobre o livro resultante.<\/p>\n<p>Oito anos depois, em 2025, a Funda\u00e7\u00e3o decidiu publicar esta terceira edi\u00e7\u00e3o de <strong>Socialismo em Debate,<\/strong> agora como parte da Cole\u00e7\u00e3o Internacional. Em rela\u00e7\u00e3o \u00e0s anteriores, h\u00e1 duas novidades: uma revis\u00e3o completa, mantendo as regras de ortografia vigentes \u00e0 \u00e9poca; e a inclus\u00e3o de um caderno com 32 fotos, que foram selecionadas entre as mais de 200 imagens dispon\u00edveis no arquivo digital do <a href=\"https:\/\/fpabramo.org.br\/csbh\/\" rel=\"nofollow noopener\" target=\"_blank\">Centro S\u00e9rgio Buarque de Holanda (CSBH) <\/a>da Funda\u00e7\u00e3o Perseu Abramo.<\/p>\n<p>Esperamos que esta terceira edi\u00e7\u00e3o, assim como as duas anteriores, contribua para a luta pelo socialismo, no Brasil e em\u00a0todo o\u00a0mundo.<\/p>\n","protected":false},"excerpt":{"rendered":"O semin\u00e1rio que deu origem a este livro foi realizado em novembro de 1987. Quase um ano depois,&hellip;\n","protected":false},"author":2,"featured_media":18867,"comment_status":"","ping_status":"","sticky":false,"template":"","format":"standard","meta":{"footnotes":""},"categories":[143],"tags":[169,114,115,170,32,33],"class_list":{"0":"post-18866","1":"post","2":"type-post","3":"status-publish","4":"format-standard","5":"has-post-thumbnail","7":"category-livros","8":"tag-books","9":"tag-entertainment","10":"tag-entretenimento","11":"tag-livros","12":"tag-portugal","13":"tag-pt"},"share_on_mastodon":{"url":"","error":""},"_links":{"self":[{"href":"https:\/\/www.europesays.com\/pt\/wp-json\/wp\/v2\/posts\/18866","targetHints":{"allow":["GET"]}}],"collection":[{"href":"https:\/\/www.europesays.com\/pt\/wp-json\/wp\/v2\/posts"}],"about":[{"href":"https:\/\/www.europesays.com\/pt\/wp-json\/wp\/v2\/types\/post"}],"author":[{"embeddable":true,"href":"https:\/\/www.europesays.com\/pt\/wp-json\/wp\/v2\/users\/2"}],"replies":[{"embeddable":true,"href":"https:\/\/www.europesays.com\/pt\/wp-json\/wp\/v2\/comments?post=18866"}],"version-history":[{"count":0,"href":"https:\/\/www.europesays.com\/pt\/wp-json\/wp\/v2\/posts\/18866\/revisions"}],"wp:featuredmedia":[{"embeddable":true,"href":"https:\/\/www.europesays.com\/pt\/wp-json\/wp\/v2\/media\/18867"}],"wp:attachment":[{"href":"https:\/\/www.europesays.com\/pt\/wp-json\/wp\/v2\/media?parent=18866"}],"wp:term":[{"taxonomy":"category","embeddable":true,"href":"https:\/\/www.europesays.com\/pt\/wp-json\/wp\/v2\/categories?post=18866"},{"taxonomy":"post_tag","embeddable":true,"href":"https:\/\/www.europesays.com\/pt\/wp-json\/wp\/v2\/tags?post=18866"}],"curies":[{"name":"wp","href":"https:\/\/api.w.org\/{rel}","templated":true}]}}