{"id":188660,"date":"2025-12-15T01:25:04","date_gmt":"2025-12-15T01:25:04","guid":{"rendered":"https:\/\/www.europesays.com\/pt\/188660\/"},"modified":"2025-12-15T01:25:04","modified_gmt":"2025-12-15T01:25:04","slug":"mae-de-mc-ryan-critica-mc-daniel-apos-relato-de-lorena-maria-sempre-foi-falso","status":"publish","type":"post","link":"https:\/\/www.europesays.com\/pt\/188660\/","title":{"rendered":"M\u00e3e de MC Ryan critica MC Daniel ap\u00f3s relato de Lorena Maria: &#8216;Sempre foi falso&#8217;"},"content":{"rendered":"\n<p class=\" content-text__container \" data-track-category=\"Link no Texto\" data-track-links=\"\"> &#8220;Se fosse para falar alguma coisa, eu teria falado que voc\u00ea \u00e9 falso com todos os seus amigos, que voc\u00ea \u00e9 falso com o Ryan, falava mal dele, que ele morria de inveja de voc\u00ea, que ele nunca ia esperar que voc\u00ea ia passar ele, que voc\u00ea ia entrar na Globo e ele n\u00e3o. Falava mal da Anitta, demais, demais, demais. Ent\u00e3o, assim, quem \u00e9 o mentiroso compulsivo? O baba-ovo que fica se humilhando aos p\u00e9s de todos os famosos para conseguir alguma coisa? N\u00e3o sou eu que preciso disso, n\u00e3o, nunca precisei&#8221;, diz em um trecho. <\/p>\n","protected":false},"excerpt":{"rendered":"&#8220;Se fosse para falar alguma coisa, eu teria falado que voc\u00ea \u00e9 falso com todos os seus amigos,&hellip;\n","protected":false},"author":2,"featured_media":188661,"comment_status":"","ping_status":"","sticky":false,"template":"","format":"standard","meta":{"footnotes":""},"categories":[145],"tags":[2235,211,210,114,115,11493,38166,32,33],"class_list":{"0":"post-188660","1":"post","2":"type-post","3":"status-publish","4":"format-standard","5":"has-post-thumbnail","7":"category-celebridades","8":"tag-anitta","9":"tag-celebridades","10":"tag-celebrities","11":"tag-entertainment","12":"tag-entretenimento","13":"tag-mc-daniel","14":"tag-mc-ryan-sp","15":"tag-portugal","16":"tag-pt"},"share_on_mastodon":{"url":"","error":""},"_links":{"self":[{"href":"https:\/\/www.europesays.com\/pt\/wp-json\/wp\/v2\/posts\/188660","targetHints":{"allow":["GET"]}}],"collection":[{"href":"https:\/\/www.europesays.com\/pt\/wp-json\/wp\/v2\/posts"}],"about":[{"href":"https:\/\/www.europesays.com\/pt\/wp-json\/wp\/v2\/types\/post"}],"author":[{"embeddable":true,"href":"https:\/\/www.europesays.com\/pt\/wp-json\/wp\/v2\/users\/2"}],"replies":[{"embeddable":true,"href":"https:\/\/www.europesays.com\/pt\/wp-json\/wp\/v2\/comments?post=188660"}],"version-history":[{"count":0,"href":"https:\/\/www.europesays.com\/pt\/wp-json\/wp\/v2\/posts\/188660\/revisions"}],"wp:featuredmedia":[{"embeddable":true,"href":"https:\/\/www.europesays.com\/pt\/wp-json\/wp\/v2\/media\/188661"}],"wp:attachment":[{"href":"https:\/\/www.europesays.com\/pt\/wp-json\/wp\/v2\/media?parent=188660"}],"wp:term":[{"taxonomy":"category","embeddable":true,"href":"https:\/\/www.europesays.com\/pt\/wp-json\/wp\/v2\/categories?post=188660"},{"taxonomy":"post_tag","embeddable":true,"href":"https:\/\/www.europesays.com\/pt\/wp-json\/wp\/v2\/tags?post=188660"}],"curies":[{"name":"wp","href":"https:\/\/api.w.org\/{rel}","templated":true}]}}