{"id":188676,"date":"2025-12-15T01:37:10","date_gmt":"2025-12-15T01:37:10","guid":{"rendered":"https:\/\/www.europesays.com\/pt\/188676\/"},"modified":"2025-12-15T01:37:10","modified_gmt":"2025-12-15T01:37:10","slug":"naufragio-em-caminha-dois-pescadores-resgatados-com-vida-e-tres-desaparecidos","status":"publish","type":"post","link":"https:\/\/www.europesays.com\/pt\/188676\/","title":{"rendered":"Naufr\u00e1gio em Caminha: dois pescadores resgatados com vida e tr\u00eas desaparecidos"},"content":{"rendered":"<p data-remotead-prev-elm=\"true\" data-remotead-elm-id=\"inread\">Ao que o JN apurou, trata-se da embarca\u00e7\u00e3o &#8220;Vila de Caminha&#8221;, cujo mestre, Nuno Castro, foi salvo pelas autoridades e pescadores que se encontravam na zona a proceder a buscas. Foi tamb\u00e9m resgatado um pescador indon\u00e9sio. Ambos foram retirados da \u00e1gua em estado de hipotermia e transportados para o Hospital de Viana do Castelo, onde recuperaram do susto.<\/p>\n<p>O mestre da embarca\u00e7\u00e3o \u00e9 irm\u00e3o do presidente da Associa\u00e7\u00e3o de Profissionais de Pesca do Rio Minho e Mar.<\/p>\n<p>As buscas prosseguiram, at\u00e9 ao final da tarde, no mar e em terra para tentar encontrar os restantes tripulantes, tr\u00eas pescadores de nacionalidade indon\u00e9sia. Segundo fonte da Autoridade Mar\u00edtima Nacional, o alerta foi dado cerca das 12.20 horas. O naufr\u00e1gio ocorreu numa zona rochosa da ilha de \u00cdnsua, em Moledo, no concelho de Caminha.<\/p>\n<p data-remotead-prev-elm=\"true\" data-remotead-elm-id=\"centro1\">No mar, as buscas foram efetuadas por tripulantes da Esta\u00e7\u00e3o Salva-vidas de Viana do Castelo e elementos do Comando Local da Pol\u00edcia Mar\u00edtima de Caminha. A For\u00e7a A\u00e9rea Portuguesa (FAP) e a espanhola ficaram encarregues das buscar por ar.<\/p>\n<p><img decoding=\"async\" class=\"ngx-body\" guid=\"83461170-3ccf-4752-8a03-69db061c40bd\" src=\"https:\/\/www.europesays.com\/pt\/wp-content\/uploads\/2025\/12\/1765762629_606_image.webp\" width=\"100%\"\/>Bombeiros Volunt\u00e1rios de Caminha (Foto: Rui Manuel Fonseca)<\/p>\n<p><img decoding=\"async\" class=\"ngx-body\" guid=\"b11f018b-a131-4ac6-8510-f7ac13fa4c82\" src=\"https:\/\/www.europesays.com\/pt\/wp-content\/uploads\/2025\/12\/1765762630_29_image.webp\" width=\"100%\"\/>INEM esteve presente no local (Foto: Rui Manuel Fonseca)<\/p>\n<p data-remotead-prev-elm=\"true\" data-remotead-elm-id=\"centro2\">&#8220;Durante as opera\u00e7\u00f5es de busca, coordenadas pelo Capit\u00e3o do Porto e Comandante-local da Pol\u00edcia Mar\u00edtima de Caminha, foi poss\u00edvel localizar duas das v\u00edtimas, o mestre da embarca\u00e7\u00e3o e um pescador de nacionalidade indon\u00e9sia, tendo sido posteriormente assistidas e transportadas em estado consciente para uma unidade hospitalar pelos elementos dos Bombeiros Volunt\u00e1rios de Caminha&#8221;, informa a Autoridade Mar\u00edtima Nacional. Segundo fonte do Comando de Emerg\u00eancia e Prote\u00e7\u00e3o Civil do Alto Minho, al\u00e9m de meios da Pol\u00edcia Mar\u00edtima, estiveram envolvidos nas buscas 13 operacionais com cinco viaturas e um bote dos Bombeiros Volunt\u00e1rios de Caminha.<\/p>\n<p>A opera\u00e7\u00e3o prossegue na segunda-feira.<\/p>\n","protected":false},"excerpt":{"rendered":"Ao que o JN apurou, trata-se da embarca\u00e7\u00e3o &#8220;Vila de Caminha&#8221;, cujo mestre, Nuno Castro, foi salvo pelas&hellip;\n","protected":false},"author":2,"featured_media":188677,"comment_status":"","ping_status":"","sticky":false,"template":"","format":"standard","meta":{"footnotes":""},"categories":[10],"tags":[27,28,20661,15,16,14,25,26,21,22,12,13,19,20,21461,32,38172,23,24,33,17,18,29,30,31],"class_list":{"0":"post-188676","1":"post","2":"type-post","3":"status-publish","4":"format-standard","5":"has-post-thumbnail","7":"category-portugal","8":"tag-breaking-news","9":"tag-breakingnews","10":"tag-concelho-caminha","11":"tag-featured-news","12":"tag-featurednews","13":"tag-headlines","14":"tag-latest-news","15":"tag-latestnews","16":"tag-main-news","17":"tag-mainnews","18":"tag-news","19":"tag-noticias","20":"tag-noticias-principais","21":"tag-noticiasprincipais","22":"tag-pescadores","23":"tag-portugal","24":"tag-praia-de-moledo","25":"tag-principais-noticias","26":"tag-principaisnoticias","27":"tag-pt","28":"tag-top-stories","29":"tag-topstories","30":"tag-ultimas","31":"tag-ultimas-noticias","32":"tag-ultimasnoticias"},"share_on_mastodon":{"url":"https:\/\/pubeurope.com\/@pt\/115721027523819132","error":""},"_links":{"self":[{"href":"https:\/\/www.europesays.com\/pt\/wp-json\/wp\/v2\/posts\/188676","targetHints":{"allow":["GET"]}}],"collection":[{"href":"https:\/\/www.europesays.com\/pt\/wp-json\/wp\/v2\/posts"}],"about":[{"href":"https:\/\/www.europesays.com\/pt\/wp-json\/wp\/v2\/types\/post"}],"author":[{"embeddable":true,"href":"https:\/\/www.europesays.com\/pt\/wp-json\/wp\/v2\/users\/2"}],"replies":[{"embeddable":true,"href":"https:\/\/www.europesays.com\/pt\/wp-json\/wp\/v2\/comments?post=188676"}],"version-history":[{"count":0,"href":"https:\/\/www.europesays.com\/pt\/wp-json\/wp\/v2\/posts\/188676\/revisions"}],"wp:featuredmedia":[{"embeddable":true,"href":"https:\/\/www.europesays.com\/pt\/wp-json\/wp\/v2\/media\/188677"}],"wp:attachment":[{"href":"https:\/\/www.europesays.com\/pt\/wp-json\/wp\/v2\/media?parent=188676"}],"wp:term":[{"taxonomy":"category","embeddable":true,"href":"https:\/\/www.europesays.com\/pt\/wp-json\/wp\/v2\/categories?post=188676"},{"taxonomy":"post_tag","embeddable":true,"href":"https:\/\/www.europesays.com\/pt\/wp-json\/wp\/v2\/tags?post=188676"}],"curies":[{"name":"wp","href":"https:\/\/api.w.org\/{rel}","templated":true}]}}