{"id":188707,"date":"2025-12-15T02:01:10","date_gmt":"2025-12-15T02:01:10","guid":{"rendered":"https:\/\/www.europesays.com\/pt\/188707\/"},"modified":"2025-12-15T02:01:10","modified_gmt":"2025-12-15T02:01:10","slug":"correio-do-povo-penedo-prefeitura-de-penedo-realiza-vacinacao-de-gestantes-contra-bronquiolite","status":"publish","type":"post","link":"https:\/\/www.europesays.com\/pt\/188707\/","title":{"rendered":"Correio do Povo Penedo &#8211; Prefeitura de Penedo realiza vacina\u00e7\u00e3o de gestantes contra bronquiolite"},"content":{"rendered":"<p>A vacina\u00e7\u00e3o contra bronquiolite em Penedo<br \/>A Prefeitura de Penedo, atrav\u00e9s da Secretaria Municipal de Sa\u00fade (SMS), em colabora\u00e7\u00e3o com a Secretaria Municipal de Assist\u00eancia Social e Direitos Humanos (SEMASDH), conduziu uma importante a\u00e7\u00e3o nesta sexta-feira, 12, que resultou na vacina\u00e7\u00e3o de 25 gestantes contra a bronquiolite. Este evento ocorreu no Centro de Refer\u00eancia de Assist\u00eancia Social (CRAS) do Bairro Santo Ant\u00f4nio.<\/p>\n<p>A imuniza\u00e7\u00e3o oferece prote\u00e7\u00e3o aos beb\u00eas contra o V\u00edrus Sincicial Respirat\u00f3rio (VSR). Este v\u00edrus \u00e9 notoriamente perigoso, sendo um dos principais causadores de interna\u00e7\u00f5es geradas pela bronquiolite, principalmente em rec\u00e9m-nascidos e lactentes. A vacina\u00e7\u00e3o visa evitar quadros graves da doen\u00e7a nos primeiros meses de vida, uma fase em que o sistema imunol\u00f3gico dos rec\u00e9m-nascidos ainda est\u00e1 em desenvolvimento.<\/p>\n<p>\u201cA vacina \u00e9 uma importante estrat\u00e9gia de prote\u00e7\u00e3o precoce, garantindo que esses beb\u00eas j\u00e1 nas\u00e7am com maior imunidade contra o VSR. Quanto maior a ades\u00e3o das gestantes, menores ser\u00e3o os riscos de complica\u00e7\u00f5es e interna\u00e7\u00f5es logo ap\u00f3s o nascimento. Vale lembrar que essa doen\u00e7a pode levar a morte dos beb\u00eas\u201d, afirmou a Diretora de Epidemiologia e Imuniza\u00e7\u00e3o, Dhayanna Oliveira.<\/p>\n<p>Import\u00e2ncia da imuniza\u00e7\u00e3o para gestantes<br \/>Durante a a\u00e7\u00e3o de vacina\u00e7\u00e3o, a Secret\u00e1ria Municipal de Assist\u00eancia Social, Ana Tereza Lopes, recebeu tamb\u00e9m sua dose, demonstrando apoio \u00e0 iniciativa e incentivando outras gestantes a protegerem seus filhos. \u201c\u00c9 uma vacina muito importante, principalmente para os nossos beb\u00eas. Nossas crian\u00e7as futuramente n\u00e3o ter\u00e3o bronquiolite e ser\u00e3o crian\u00e7as mais saud\u00e1veis. Fiz quest\u00e3o de vir garantir a minha dose e proteger a minha pequena Maria Eduarda\u201d, declarou Ana Tereza Lopes.<\/p>\n<p>O Secret\u00e1rio Executivo de Sa\u00fade de Alagoas, Guilherme Lopes, acompanhando a esposa, expressou sua satisfa\u00e7\u00e3o com a disponibilidade da vacina em Penedo. \u201cFico muito feliz em ver Penedo disponibilizando essa vacina com rapidez e organiza\u00e7\u00e3o. Das 230 gestantes que est\u00e3o no per\u00edodo adequado para receber a dose, 100 j\u00e1 foram imunizadas em apenas tr\u00eas dias. Isso mostra o compromisso do munic\u00edpio com a sa\u00fade materno-infantil. E, hoje, como futuro pai, j\u00e1 sei que nossa filha est\u00e1 protegida contra esta doen\u00e7a\u201d, ressaltou ele.<\/p>\n<p>Como se vacinar<br \/>A SMS refor\u00e7a que todas as gestantes a partir da 28\u00aa semana devem se dirigir \u00e0 sua Unidade B\u00e1sica de Sa\u00fade de refer\u00eancia para receber a vacina\u00e7\u00e3o. \u00c9 necess\u00e1rio apresentar o cart\u00e3o do pr\u00e9-natal e um documento de identifica\u00e7\u00e3o. A amplia\u00e7\u00e3o da cobertura vacinal \u00e9 fundamental para evitar casos graves e fortalecer a sa\u00fade das crian\u00e7as em Penedo, garantindo um in\u00edcio de vida mais seguro e saud\u00e1vel.<\/p>\n","protected":false},"excerpt":{"rendered":"A vacina\u00e7\u00e3o contra bronquiolite em PenedoA Prefeitura de Penedo, atrav\u00e9s da Secretaria Municipal de Sa\u00fade (SMS), em colabora\u00e7\u00e3o&hellip;\n","protected":false},"author":2,"featured_media":188708,"comment_status":"","ping_status":"","sticky":false,"template":"","format":"standard","meta":{"footnotes":""},"categories":[86],"tags":[27858,27863,27862,27860,116,27859,27861,27856,27864,27865,27857,32,33,117,30],"class_list":{"0":"post-188707","1":"post","2":"type-post","3":"status-publish","4":"format-standard","5":"has-post-thumbnail","7":"category-saude","8":"tag-atualidades-regionais","9":"tag-cobertura-noticiosa-alagoas","10":"tag-comunidade-penedense","11":"tag-eventos-em-alagoas","12":"tag-health","13":"tag-informacoes-locais","14":"tag-jornalismo-local","15":"tag-noticias-alagoas","16":"tag-noticias-impactantes","17":"tag-novidades-regionais","18":"tag-penedo","19":"tag-portugal","20":"tag-pt","21":"tag-saude","22":"tag-ultimas-noticias"},"share_on_mastodon":{"url":"","error":""},"_links":{"self":[{"href":"https:\/\/www.europesays.com\/pt\/wp-json\/wp\/v2\/posts\/188707","targetHints":{"allow":["GET"]}}],"collection":[{"href":"https:\/\/www.europesays.com\/pt\/wp-json\/wp\/v2\/posts"}],"about":[{"href":"https:\/\/www.europesays.com\/pt\/wp-json\/wp\/v2\/types\/post"}],"author":[{"embeddable":true,"href":"https:\/\/www.europesays.com\/pt\/wp-json\/wp\/v2\/users\/2"}],"replies":[{"embeddable":true,"href":"https:\/\/www.europesays.com\/pt\/wp-json\/wp\/v2\/comments?post=188707"}],"version-history":[{"count":0,"href":"https:\/\/www.europesays.com\/pt\/wp-json\/wp\/v2\/posts\/188707\/revisions"}],"wp:featuredmedia":[{"embeddable":true,"href":"https:\/\/www.europesays.com\/pt\/wp-json\/wp\/v2\/media\/188708"}],"wp:attachment":[{"href":"https:\/\/www.europesays.com\/pt\/wp-json\/wp\/v2\/media?parent=188707"}],"wp:term":[{"taxonomy":"category","embeddable":true,"href":"https:\/\/www.europesays.com\/pt\/wp-json\/wp\/v2\/categories?post=188707"},{"taxonomy":"post_tag","embeddable":true,"href":"https:\/\/www.europesays.com\/pt\/wp-json\/wp\/v2\/tags?post=188707"}],"curies":[{"name":"wp","href":"https:\/\/api.w.org\/{rel}","templated":true}]}}