{"id":188717,"date":"2025-12-15T02:14:10","date_gmt":"2025-12-15T02:14:10","guid":{"rendered":"https:\/\/www.europesays.com\/pt\/188717\/"},"modified":"2025-12-15T02:14:10","modified_gmt":"2025-12-15T02:14:10","slug":"apos-anos-de-criticas-marvel-pode-trazer-de-volta-o-hulk-selvagem","status":"publish","type":"post","link":"https:\/\/www.europesays.com\/pt\/188717\/","title":{"rendered":"Ap\u00f3s anos de cr\u00edticas, Marvel pode trazer de volta o Hulk Selvagem"},"content":{"rendered":"<p>  <img width=\"76\" height=\"40\"   alt=\"Capa da Publica\u00e7\u00e3o\" class=\"article-cover__image\"\/><\/p>\n<p class=\"post__tagline\">Marvel pode abandonar o Professor Hulk e resgatar o monstro incontrol\u00e1vel<\/p>\n<p>        14\/12\/2025      <\/p>\n<p>        &#8230;<\/p>\n<p>      Por<br \/>\n      <a href=\"https:\/\/twitter.com\/\" target=\"_blank\" rel=\"nofollow noopener\"><br \/>\n        Equipe Legi\u00e3o dos Her\u00f3is      <\/a><\/p>\n<p>            Aten\u00e7\u00e3o: Alerta de Spoilers!<\/p>\n<p>Desde Vingadores: Ultimato, uma cr\u00edtica se tornou quase un\u00e2nime entre os f\u00e3s do MCU: o <strong>Hulk foi domesticado<\/strong>. A fus\u00e3o entre Bruce Banner e o Gigante Esmeralda resultou em um personagem mais contido, falante e com seus poderes claramente reduzidos, algo que nunca agradou quem esperava ver o monstro incontrol\u00e1vel dos quadrinhos.<\/p>\n<p>Agora, um novo rumor envolvendo <strong>Homem-Aranha: Um Novo Dia<\/strong> indica que a Marvel Studios pode finalmente estar pronta para corrigir esse caminho e trazer de volta o <a href=\"https:\/\/thecosmiccircus.com\/alex-perez-dec2025-qa-p2-hulk-midnight-sons-marvel-animated-series\/\" target=\"_blank\" rel=\"noopener nofollow\"><strong>Hulk Selvagem em sua forma mais pura<\/strong><\/a>, e possivelmente mais perigosa do que nunca.<\/p>\n<p>O Hulk que os f\u00e3s pedem desde Ultimato<\/p>\n<p>Segundo as informa\u00e7\u00f5es, o filme dirigido por <strong>Destin Daniel Cretton<\/strong> deve explorar o colapso emocional de Bruce Banner. Diferente do \u201cProfessor Hulk\u201d, racional e controlado, essa nova fase colocaria Banner sob extrema press\u00e3o, abrindo espa\u00e7o para o retorno de um Hulk movido apenas por raiva e instinto.<\/p>\n<p>O rumor aponta que o personagem ser\u00e1 empurrado a um limite in\u00e9dito no MCU, chegando a cometer um ato irrevers\u00edvel. A possibilidade de o Hulk <strong>matar algu\u00e9m<\/strong> marca uma ruptura definitiva com a vers\u00e3o suavizada que vimos nos \u00faltimos anos e resgata a ess\u00eancia do personagem como uma for\u00e7a da natureza fora de controle.<\/p>\n<p><img fetchpriority=\"high\" decoding=\"async\" aria-describedby=\"caption-attachment-879496\" class=\"wp-image-879496 size-full lazyload\" alt=\"\" width=\"640\" height=\"348\" \/><\/p>\n<p id=\"caption-attachment-879496\" class=\"wp-caption-text\">Mark Ruffalo como Hulk em Os Vingadores<\/p>\n<p>Mais selvagem, mais perigoso, menos her\u00f3i<\/p>\n<p>Longe de ser um arco de reden\u00e7\u00e3o, essa abordagem tornaria o Hulk ainda mais temido e controverso. A ideia seria alinhar o personagem com sua contraparte dos quadrinhos, onde o Hulk Selvagem n\u00e3o busca aprova\u00e7\u00e3o, n\u00e3o conversa e n\u00e3o mede consequ\u00eancias.<\/p>\n<p>Essa vers\u00e3o do personagem tamb\u00e9m cria um problema s\u00e9rio dentro do pr\u00f3prio MCU. Um Hulk sem limites se torna uma amea\u00e7a n\u00e3o apenas para vil\u00f5es, mas para aliados, especialmente com os eventos de Vingadores: Destino se aproximando.<\/p>\n<p>Um risco para os Vingadores<\/p>\n<p>Com o <strong>Doutor Destino<\/strong> surgindo como a pr\u00f3xima grande amea\u00e7a, a presen\u00e7a de um Hulk inst\u00e1vel pode ser t\u00e3o perigosa quanto necess\u00e1ria. A grande quest\u00e3o passa a ser: os Vingadores conseguiriam confiar novamente em algu\u00e9m que pode perder o controle a qualquer momento?<\/p>\n<p>O elenco de <strong>Homem-Aranha: Um Novo Dia<\/strong>\u00a0conta com <strong>Tom Holland<\/strong> (Homem-Aranha), <strong>Mark Ruffalo<\/strong> (Hulk), <strong>Jon Bernthal<\/strong> (Justiceiro), <strong>Michael Mando<\/strong> (Escorpi\u00e3o) e <strong>Florence Pugh<\/strong> (Yelena Belova). A estreia est\u00e1 marcada para <strong>julho de 2026<\/strong>.<\/p>\n<p>Fique com:<\/p>\n<p>    <script async src=\"https:\/\/platform.twitter.com\/widgets.js\" charset=\"utf-8\"><\/script><\/p>\n","protected":false},"excerpt":{"rendered":"Marvel pode abandonar o Professor Hulk e resgatar o monstro incontrol\u00e1vel 14\/12\/2025 &#8230; Por Equipe Legi\u00e3o dos Her\u00f3is&hellip;\n","protected":false},"author":2,"featured_media":188718,"comment_status":"","ping_status":"","sticky":false,"template":"","format":"standard","meta":{"footnotes":""},"categories":[140],"tags":[21981,21320,114,115,147,148,38176,146,38177,32,33],"class_list":{"0":"post-188717","1":"post","2":"type-post","3":"status-publish","4":"format-standard","5":"has-post-thumbnail","7":"category-filmes","8":"tag-chocolate","9":"tag-dicas-de-filmes","10":"tag-entertainment","11":"tag-entretenimento","12":"tag-film","13":"tag-filmes","14":"tag-lexcorp","15":"tag-movies","16":"tag-percy-jackson-sea-of-monsters","17":"tag-portugal","18":"tag-pt"},"share_on_mastodon":{"url":"https:\/\/pubeurope.com\/@pt\/115721172877509822","error":""},"_links":{"self":[{"href":"https:\/\/www.europesays.com\/pt\/wp-json\/wp\/v2\/posts\/188717","targetHints":{"allow":["GET"]}}],"collection":[{"href":"https:\/\/www.europesays.com\/pt\/wp-json\/wp\/v2\/posts"}],"about":[{"href":"https:\/\/www.europesays.com\/pt\/wp-json\/wp\/v2\/types\/post"}],"author":[{"embeddable":true,"href":"https:\/\/www.europesays.com\/pt\/wp-json\/wp\/v2\/users\/2"}],"replies":[{"embeddable":true,"href":"https:\/\/www.europesays.com\/pt\/wp-json\/wp\/v2\/comments?post=188717"}],"version-history":[{"count":0,"href":"https:\/\/www.europesays.com\/pt\/wp-json\/wp\/v2\/posts\/188717\/revisions"}],"wp:featuredmedia":[{"embeddable":true,"href":"https:\/\/www.europesays.com\/pt\/wp-json\/wp\/v2\/media\/188718"}],"wp:attachment":[{"href":"https:\/\/www.europesays.com\/pt\/wp-json\/wp\/v2\/media?parent=188717"}],"wp:term":[{"taxonomy":"category","embeddable":true,"href":"https:\/\/www.europesays.com\/pt\/wp-json\/wp\/v2\/categories?post=188717"},{"taxonomy":"post_tag","embeddable":true,"href":"https:\/\/www.europesays.com\/pt\/wp-json\/wp\/v2\/tags?post=188717"}],"curies":[{"name":"wp","href":"https:\/\/api.w.org\/{rel}","templated":true}]}}