{"id":188721,"date":"2025-12-15T02:16:09","date_gmt":"2025-12-15T02:16:09","guid":{"rendered":"https:\/\/www.europesays.com\/pt\/188721\/"},"modified":"2025-12-15T02:16:09","modified_gmt":"2025-12-15T02:16:09","slug":"numero-de-mortes-por-suicidio-cresce-15-em-dois-anos-14-12-2025","status":"publish","type":"post","link":"https:\/\/www.europesays.com\/pt\/188721\/","title":{"rendered":"N\u00famero de mortes por suic\u00eddio cresce 15% em dois anos &#8211; 14\/12\/2025"},"content":{"rendered":"<p>Em dois anos, o n\u00famero de mortes por suic\u00eddio cresceu 15% no Grande ABC. Segundo dados da SSP (Secretaria de Seguran\u00e7a P\u00fablica de S\u00e3o Paulo), a regi\u00e3o registrou 180 \u00f3bitos de janeiro a outubro de 2025, ante 156 no mesmo per\u00edodo de 2023. Na compara\u00e7\u00e3o com o ano passado, a alta foi de 5%, quando foram registradas 171 ocorr\u00eancias. Apesar de delicado, o tema precisa ser abordado, de acordo com a psiquiatra da Unifesp (Universidade Federal de S\u00e3o Paulo), Danielle Admoni.\u00a0<\/p>\n<p>\u201cEm consulta, perguntamos se a pessoa j\u00e1 pensou em deixar de viver ou se j\u00e1 chegou a ter uma tentativa. \u00c9 importante para poder orientar. Falar n\u00e3o vai fazer com que a pessoa tenha idea\u00e7\u00e3o suicida nem ideias de como realiz\u00e1-la, at\u00e9 porque essas informa\u00e7\u00f5es j\u00e1 est\u00e3o dispon\u00edveis na internet, facilitando o acesso a grupos que incitam o ato. Este, inclusive, \u00e9 um dos poss\u00edveis motivos do aumento dos n\u00fameros\u201d, afirma a m\u00e9dica.\u00a0<\/p>\n<p>Danielle aponta que, em 98% dos casos, a pessoa tinha um transtorno mental. Os mais comuns s\u00e3o depress\u00e3o e bipolaridade. Por isso, \u00e9 importante o cuidado com a sa\u00fade mental. \u201c\u00c9 uma caracter\u00edstica desta gera\u00e7\u00e3o a baixa toler\u00e2ncia a frustra\u00e7\u00f5es, principalmente em adolescentes, que possuem poucos recursos internos, podendo decidir atentar contra a pr\u00f3pria vida por quest\u00f5es rotineiras, como uma nota baixa ou o t\u00e9rmino de um namoro. H\u00e1 tamb\u00e9m muita impulsividade nesta idade\u201d, destaca.\u00a0<\/p>\n<p>O uso de subst\u00e2ncias qu\u00edmicas tamb\u00e9m \u00e9 um fator de risco para quem apresenta pensamentos suicidas. Grupos na internet que incitam o ato s\u00e3o um est\u00edmulo a pessoas vulner\u00e1veis, especialmente crian\u00e7as e adolescentes. \u201cMuitos pais falam para os filhos n\u00e3o falarem com estranhos, mas no ambiente on-line eles t\u00eam contato o tempo todo. O perigo entra em casa, por isso, \u00e9 preciso ter controle sobre o que os jovens acessam. Dar limites faz parte do processo de criar estrutura para lidar com as frustra\u00e7\u00f5es da vida\u201d, alerta a psiquiatra.<\/p>\n<p>Mudan\u00e7a de comportamento \u00e9 o principal sinal de que um familiar ou amigo possa estar desenvolvendo algum transtorno mental e deve buscar tratamento antes que a situa\u00e7\u00e3o se agrave e evolua para uma ideia de morte, quando existe um desejo de n\u00e3o viver, ou para uma idea\u00e7\u00e3o suicida, caso em que h\u00e1 uma a\u00e7\u00e3o de fato.<\/p>\n<p>Segundo estimativa da OMS (Organiza\u00e7\u00e3o Mundial de Sa\u00fade), para cada caso de suic\u00eddio, h\u00e1 at\u00e9 20 tentativas frustradas. Pessoas que j\u00e1 atentaram contra a pr\u00f3pria vida precisam de um monitoramento da fam\u00edlia, al\u00e9m do tratamento, orienta a psiquiatra Danielle Admoni.<\/p>\n<p>\u201c\u00c9 preciso colocar redes nas janelas, trancar portas e dificultar o acesso a facas e objetos cortantes, armas de fogo e instrumentos que possam representar um risco, al\u00e9m de manter a medica\u00e7\u00e3o e a terapia em dia. Em casos mais graves, \u00e9 recomendado internar em uma cl\u00ednica\u201d, afirma.\u00a0<\/p>\n<p>PREVEN\u00c7\u00c3O<\/p>\n<p>Campanhas como a Nossa Sa\u00fade Mental do Di\u00e1rio ajudam a trazer o alerta para a import\u00e2ncia do cuidado com o bem-estar psicol\u00f3gico, que, muitas vezes, n\u00e3o recebe a mesma aten\u00e7\u00e3o que a sa\u00fade f\u00edsica.<\/p>\n<p>Lan\u00e7ada em 13 de abril deste ano, a a\u00e7\u00e3o visa ainda estimular o desenvolvimento de pol\u00edticas p\u00fablicas que ampliem o acesso da popula\u00e7\u00e3o do Grande ABC a atendimentos psicol\u00f3gicos e psiqui\u00e1tricos.\u00a0<\/p>\n<p>Quem estiver enfrentando dificuldades com quest\u00f5es emocionais pode procurar ajuda por meio de uma UBS (Unidade B\u00e1sica de Sa\u00fade), onde ser\u00e1 encaminhado para tratamento. Iniciativas como o CVV (Centro de Valoriza\u00e7\u00e3o \u00e0 Vida) oferecem suporte gratuito pelo n\u00famero 188. Em casos de emerg\u00eancia, o Samu (Servi\u00e7o de Atendimento M\u00f3vel de Urg\u00eancia \u2013 192) deve ser acionado.\u00a0<\/p>\n","protected":false},"excerpt":{"rendered":"Em dois anos, o n\u00famero de mortes por suic\u00eddio cresceu 15% no Grande ABC. Segundo dados da SSP&hellip;\n","protected":false},"author":2,"featured_media":188722,"comment_status":"","ping_status":"","sticky":false,"template":"","format":"standard","meta":{"footnotes":""},"categories":[86],"tags":[2285,2298,2299,1176,2286,2293,2297,2287,476,1062,2284,116,38179,82,2292,619,1133,13,2300,2288,52,987,32,22940,33,2294,2295,14808,2289,2290,2291,117,2296,38178,1456],"class_list":{"0":"post-188721","1":"post","2":"type-post","3":"status-publish","4":"format-standard","5":"has-post-thumbnail","7":"category-saude","8":"tag-abc","9":"tag-automoveis","10":"tag-d","11":"tag-dados","12":"tag-dgabc","13":"tag-diadema","14":"tag-diarinho","15":"tag-diario","16":"tag-economia","17":"tag-esportes","18":"tag-grande-abc","19":"tag-health","20":"tag-ideao-suicida","21":"tag-internacional","22":"tag-maua","23":"tag-nacional","24":"tag-noticia","25":"tag-noticias","26":"tag-noticias-on-line-abc","27":"tag-on-line","28":"tag-politica","29":"tag-portal","30":"tag-portugal","31":"tag-psiquiatra","32":"tag-pt","33":"tag-ribeirao-pires","34":"tag-rio-grande-da-serra","35":"tag-sade-mental","36":"tag-santo-andre","37":"tag-sao-bernardo","38":"tag-sao-caetano","39":"tag-saude","40":"tag-setecidades","41":"tag-suicdio","42":"tag-turismo"},"share_on_mastodon":{"url":"https:\/\/pubeurope.com\/@pt\/115721180517497784","error":""},"_links":{"self":[{"href":"https:\/\/www.europesays.com\/pt\/wp-json\/wp\/v2\/posts\/188721","targetHints":{"allow":["GET"]}}],"collection":[{"href":"https:\/\/www.europesays.com\/pt\/wp-json\/wp\/v2\/posts"}],"about":[{"href":"https:\/\/www.europesays.com\/pt\/wp-json\/wp\/v2\/types\/post"}],"author":[{"embeddable":true,"href":"https:\/\/www.europesays.com\/pt\/wp-json\/wp\/v2\/users\/2"}],"replies":[{"embeddable":true,"href":"https:\/\/www.europesays.com\/pt\/wp-json\/wp\/v2\/comments?post=188721"}],"version-history":[{"count":0,"href":"https:\/\/www.europesays.com\/pt\/wp-json\/wp\/v2\/posts\/188721\/revisions"}],"wp:featuredmedia":[{"embeddable":true,"href":"https:\/\/www.europesays.com\/pt\/wp-json\/wp\/v2\/media\/188722"}],"wp:attachment":[{"href":"https:\/\/www.europesays.com\/pt\/wp-json\/wp\/v2\/media?parent=188721"}],"wp:term":[{"taxonomy":"category","embeddable":true,"href":"https:\/\/www.europesays.com\/pt\/wp-json\/wp\/v2\/categories?post=188721"},{"taxonomy":"post_tag","embeddable":true,"href":"https:\/\/www.europesays.com\/pt\/wp-json\/wp\/v2\/tags?post=188721"}],"curies":[{"name":"wp","href":"https:\/\/api.w.org\/{rel}","templated":true}]}}