{"id":188737,"date":"2025-12-15T02:32:18","date_gmt":"2025-12-15T02:32:18","guid":{"rendered":"https:\/\/www.europesays.com\/pt\/188737\/"},"modified":"2025-12-15T02:32:18","modified_gmt":"2025-12-15T02:32:18","slug":"galaxia-gigante-de-12-bilhoes-de-anos-e-descoberta-e-levanta-novas-questoes-sobre-o-big-bang-e-a-formacao-do-universo-entenda","status":"publish","type":"post","link":"https:\/\/www.europesays.com\/pt\/188737\/","title":{"rendered":"Gal\u00e1xia gigante de 12 bilh\u00f5es de anos \u00e9 descoberta e levanta novas quest\u00f5es sobre o Big Bang e a forma\u00e7\u00e3o do universo; entenda"},"content":{"rendered":"<p>Por <\/p>\n<p>\t\t\t\tReda\u00e7\u00e3o O Sul\t<\/p>\n<p>\t\t\t\t | 14 de dezembro de 2025<\/p>\n<p>\t\t\t\t<img width=\"888\" height=\"498\" src=\"https:\/\/www.europesays.com\/pt\/wp-content\/uploads\/2025\/12\/jgalaxsb.jpg\" class=\"attachment-post-thumbnail size-post-thumbnail wp-post-image\" alt=\"\" decoding=\"async\" fetchpriority=\"high\"  \/>\t\t\t\t<\/p>\n<p>James Webb revela gal\u00e1xia espiral de 12 bilh\u00f5es de anos e intriga astr\u00f4nomos. (Foto: Reprodu\u00e7\u00e3o)\t\t\t\t\t<\/p>\n<p>\t\t\t \t\t\t\ud83d\udd0a Ou\u00e7a essa not\u00edcia clicando aqui<\/p>\n<p>A descoberta de uma gal\u00e1xia espiral totalmente formada, datada de quando o Universo tinha apenas 1,5 bilh\u00e3o de anos, levanta novas quest\u00f5es sobre conceitos fundamentais da cosmologia moderna. Identificada por astr\u00f4nomos do Centro Nacional de Radioastrof\u00edsica da \u00cdndia (NCRA-TIFR), a partir de observa\u00e7\u00f5es do Telesc\u00f3pio Espacial James Webb (JWST, na sigla em ingl\u00eas), a estrutura \u2013 batizada de Alaknanda \u2013 tem cerca de 12 bilh\u00f5es de anos e revela um cen\u00e1rio muito mais organizado no cosmos primitivo do que se imaginava.<\/p>\n<p>Segundo o estudo, publicado em novembro na revista Astronomy and Astrophysics, a gal\u00e1xia tem cerca de 30 mil anos-luz de di\u00e2metro, um ter\u00e7o do tamanho da Via L\u00e1ctea, e abriga aproximadamente 10 bilh\u00f5es de estrelas. Para os pesquisadores Rashi Jain e Yogesh Wadadekar, respons\u00e1veis pela an\u00e1lise, \u00e9 surpreendente que uma espiral t\u00e3o sim\u00e9trica, com dois bra\u00e7os bem definidos e um n\u00facleo brilhante, tenha se formado t\u00e3o cedo na hist\u00f3ria do Universo.<\/p>\n<p>\u201cA gal\u00e1xia \u00e9 notavelmente semelhante \u00e0 Via L\u00e1ctea, apesar de existir quando o cosmos tinha apenas 10% da idade atual\u201d, afirma Wadadekar. \u201cEla teve de reunir massas estelares imensas e, ao mesmo tempo, desenvolver um disco espiral em algumas centenas de milh\u00f5es de anos. Isso \u00e9 incrivelmente r\u00e1pido para padr\u00f5es cosmol\u00f3gicos.\u201d<\/p>\n<p>De acordo com a rede brit\u00e2nica BBC, a estrutura foi identificada por Jain enquanto ela analisava um conjunto de 70 mil objetos captados pelo JWST, lan\u00e7ado em 2021 pelas ag\u00eancias espaciais dos EUA, Europa e Canad\u00e1. Entre os milhares de registros, apenas um se revelava uma espiral gigantesca. A pesquisadora conta que ficou \u201cmuito entusiasmada\u201d ao notar os bra\u00e7os sim\u00e9tricos e o padr\u00e3o luminoso caracter\u00edstico de gal\u00e1xias espirais contempor\u00e2neas.<\/p>\n<p>A descoberta contrasta com a vis\u00e3o dominante entre astr\u00f4nomos de que o chamado \u201calvorecer c\u00f3smico\u201d \u2013 per\u00edodo logo ap\u00f3s o Big Bang \u2013 teria sido marcado por gal\u00e1xias pequenas, irregulares e ca\u00f3ticas. As observa\u00e7\u00f5es sugerem que o universo primitivo pode ter sido mais eficiente e organizado na forma\u00e7\u00e3o de estruturas complexas.<\/p>\n<p>\u201cEssa gal\u00e1xia \u00e9 uma exce\u00e7\u00e3o rara, mas essas exce\u00e7\u00f5es abalam nossa compreens\u00e3o do passado\u201d, afirma Jain. \u201cO Webb tem mostrado que o Universo era muito mais maduro em seus prim\u00f3rdios e que formas sofisticadas surgiram antes do que pens\u00e1vamos poss\u00edvel.\u201d<\/p>\n<p>As imagens mais antigas do JWST mostravam manchas vermelhas e borr\u00f5es mas, nos \u00faltimos anos, o telesc\u00f3pio tem revelado gal\u00e1xias espirais completas em per\u00edodos cada vez mais remotos. Alaknanda, entretanto, destaca-se pela escala e simetria.<\/p>\n<p>A luz que chega hoje \u00e0 Terra saiu da gal\u00e1xia h\u00e1 12 bilh\u00f5es de anos, o que significa que seu estado atual permanece desconhecido.<\/p>\n<p>\u201cQuando me perguntam onde ela est\u00e1 hoje, eu digo: esperem mais 12 bilh\u00f5es de anos para descobrir\u201d, brinca Wadadekar.<\/p>\n<p>Os pesquisadores planejam solicitar novas observa\u00e7\u00f5es com o pr\u00f3prio James Webb ou com o Observat\u00f3rio Alma, no Chile, para investigar como a gal\u00e1xia conseguiu desenvolver bra\u00e7os espirais t\u00e3o cedo. As informa\u00e7\u00f5es s\u00e3o do jornal O Globo.<\/p>\n<p>\u00a0<\/p>\n<p class=\"backBTN clearfix\">\n\t<a class=\"button\" href=\"https:\/\/www.osul.com.br\/galaxia-gigante-de-12-bilhoes-de-anos-e-descoberta-e-levanta-novas-questoes-sobre-o-big-bang-e-a-formacao-do-universo-entenda\/JavaScript:Void(0)\" onclick=\"history.go(-1);\" rel=\"nofollow noopener\" target=\"_blank\"> Voltar <\/a><br \/>\n\t\t\t<a class=\"button\" href=\"https:\/\/www.osul.com.br\/noticias\/ciencia\/\" rel=\"nofollow noopener\" target=\"_blank\"> Todas de Ci\u00eancia<\/a>\t\t\t<\/p>\n<blockquote class=\"wp-embedded-content\" data-secret=\"e6IhBkZWzS\"><p><a href=\"https:\/\/www.osul.com.br\/galaxia-gigante-de-12-bilhoes-de-anos-e-descoberta-e-levanta-novas-questoes-sobre-o-big-bang-e-a-formacao-do-universo-entenda\/\" rel=\"nofollow noopener\" target=\"_blank\">Gal\u00e1xia gigante de 12 bilh\u00f5es de anos \u00e9 descoberta e levanta novas quest\u00f5es sobre o Big Bang e a forma\u00e7\u00e3o do universo; entenda<\/a><\/p><\/blockquote>\n<p><iframe loading=\"lazy\" class=\"wp-embedded-content\" sandbox=\"allow-scripts\" security=\"restricted\" style=\"position: absolute; visibility: hidden;\" title=\"&#8220;Gal\u00e1xia gigante de 12 bilh\u00f5es de anos \u00e9 descoberta e levanta novas quest\u00f5es sobre o Big Bang e a forma\u00e7\u00e3o do universo; entenda&#8221; &#8212; Jornal O Sul\" src=\"https:\/\/www.osul.com.br\/galaxia-gigante-de-12-bilhoes-de-anos-e-descoberta-e-levanta-novas-questoes-sobre-o-big-bang-e-a-formacao-do-universo-entenda\/embed\/#?secret=eE8Bca0eSY#?secret=e6IhBkZWzS\" data-secret=\"e6IhBkZWzS\" width=\"600\" height=\"338\" frameborder=\"0\" marginwidth=\"0\" marginheight=\"0\" scrolling=\"no\"><\/iframe><br \/>\nGal\u00e1xia gigante de 12 bilh\u00f5es de anos \u00e9 descoberta e levanta novas quest\u00f5es sobre o Big Bang e a forma\u00e7\u00e3o do universo; entenda<br \/>\n2025-12-14<\/p>\n","protected":false},"excerpt":{"rendered":"Por Reda\u00e7\u00e3o O Sul | 14 de dezembro de 2025 James Webb revela gal\u00e1xia espiral de 12 bilh\u00f5es&hellip;\n","protected":false},"author":2,"featured_media":188738,"comment_status":"","ping_status":"","sticky":false,"template":"","format":"standard","meta":{"footnotes":""},"categories":[84],"tags":[109,107,108,32,33,105,103,104,106,110],"class_list":{"0":"post-188737","1":"post","2":"type-post","3":"status-publish","4":"format-standard","5":"has-post-thumbnail","7":"category-ciencia-e-tecnologia","8":"tag-ciencia","9":"tag-ciencia-e-tecnologia","10":"tag-cienciaetecnologia","11":"tag-portugal","12":"tag-pt","13":"tag-science","14":"tag-science-and-technology","15":"tag-scienceandtechnology","16":"tag-technology","17":"tag-tecnologia"},"share_on_mastodon":{"url":"https:\/\/pubeurope.com\/@pt\/115721243931581270","error":""},"_links":{"self":[{"href":"https:\/\/www.europesays.com\/pt\/wp-json\/wp\/v2\/posts\/188737","targetHints":{"allow":["GET"]}}],"collection":[{"href":"https:\/\/www.europesays.com\/pt\/wp-json\/wp\/v2\/posts"}],"about":[{"href":"https:\/\/www.europesays.com\/pt\/wp-json\/wp\/v2\/types\/post"}],"author":[{"embeddable":true,"href":"https:\/\/www.europesays.com\/pt\/wp-json\/wp\/v2\/users\/2"}],"replies":[{"embeddable":true,"href":"https:\/\/www.europesays.com\/pt\/wp-json\/wp\/v2\/comments?post=188737"}],"version-history":[{"count":0,"href":"https:\/\/www.europesays.com\/pt\/wp-json\/wp\/v2\/posts\/188737\/revisions"}],"wp:featuredmedia":[{"embeddable":true,"href":"https:\/\/www.europesays.com\/pt\/wp-json\/wp\/v2\/media\/188738"}],"wp:attachment":[{"href":"https:\/\/www.europesays.com\/pt\/wp-json\/wp\/v2\/media?parent=188737"}],"wp:term":[{"taxonomy":"category","embeddable":true,"href":"https:\/\/www.europesays.com\/pt\/wp-json\/wp\/v2\/categories?post=188737"},{"taxonomy":"post_tag","embeddable":true,"href":"https:\/\/www.europesays.com\/pt\/wp-json\/wp\/v2\/tags?post=188737"}],"curies":[{"name":"wp","href":"https:\/\/api.w.org\/{rel}","templated":true}]}}