{"id":188742,"date":"2025-12-15T02:37:10","date_gmt":"2025-12-15T02:37:10","guid":{"rendered":"https:\/\/www.europesays.com\/pt\/188742\/"},"modified":"2025-12-15T02:37:10","modified_gmt":"2025-12-15T02:37:10","slug":"duda-e-kathy-conversam-sobre-saory-afazenda-shorts-r7","status":"publish","type":"post","link":"https:\/\/www.europesays.com\/pt\/188742\/","title":{"rendered":"Duda e Kathy conversam sobre Saory #AFazenda #shorts &#8211; R7"},"content":{"rendered":"<ol>\n<li><a href=\"https:\/\/news.google.com\/rss\/articles\/CBMiqAFBVV95cUxQWUVjcVh5Q2VGejRwNGYzdG4wVjR5VlZTUVZOYzNUMTlhUHI2OXNGYlY0RHdfQmlyYzVhdUo3LS1md3d4NjZKbzBZV2IwOXJYNkxibHMtaE5qVEpGaTVzb0phNEZTSTFNSlBtdXI3OHAtcy1xZC12X0IxVTJkNDFsWHF5Wi1VSEhFUmk2RzVaUTMtN0xoazJDTUtBUlZZMzVYUHN5cmUxaWw?oc=5\" target=\"_blank\" rel=\"nofollow noopener\">Duda e Kathy conversam sobre Saory #AFazenda #shorts<\/a>&nbsp;&nbsp;R7<\/li>\n<li><a href=\"https:\/\/news.google.com\/rss\/articles\/CBMitAFBVV95cUxPSzcxek5QUWZKUGh3Vk4td0FHbF93NWxrWHY4QTY0S3dZOTlPSjRvbDhsN19Yb3Rya2JaVVJaUlNRUnNUNi1DeDVmMWhfYTdubVI1WUc0eFc3bWVIaENackpuUWhEb3ZOMDd4Z2lTZUs1TGV5T0xDbVBqbHZwbkFZSFFBNVVFZnhJU2p0TkRoQTliQm5SeVNoWklBUXB0WGszbGJENzY2NTNWdloxQzVVU1hpa1U?oc=5\" target=\"_blank\" rel=\"nofollow noopener\">A Fazenda 17: Duda diz que Saory foi amante de Neymar e Gabigol<\/a>&nbsp;&nbsp;O TEMPO<\/li>\n<li><a href=\"https:\/\/news.google.com\/rss\/articles\/CBMi4gFBVV95cUxOT2pWelZEbTZwY3Rjb2pJTVVsNGMxSDJLb3VwdlZQbDBLa1hGMGhPMmV3cWdxTHpiUUg2TWFZZVo3U1dFa0xxU1FKMGNPUGJLMU8zbWJGMzNZbEZnRFh5LWNqWXpUWnBmcVM3UUl3OTcza1RvZm1IQ3h5b3pvQ1U0WWV1RkVhdHdJcGxFV056LWRieGh2U0pmMkduMWRjaWIwNjdtRExGQmgxMXh6QVdBem1TYmw0NkJ1cHZoOVA5YlRjajBKMjFUNDdqendhUFhRNnNTdk1xbnJreWtWMEJsd2lR?oc=5\" target=\"_blank\" rel=\"nofollow noopener\">&#8216;A Fazenda 17&#8217;: Duda se revolta e detona Saory: &#8216;Desprez\u00edvel&#8217;<\/a>&nbsp;&nbsp;Terra<\/li>\n<li><a href=\"https:\/\/news.google.com\/rss\/articles\/CBMiowFBVV95cUxORVo0MkxjMkZxY0xPUU9feVFDcmJ1UElxN1k3RVdWeHdaaTdDN2JIT2ZzZ081Wi0zREFMNnpvNmJTTWtaOVVZUGZGSG1MVm5aUUJMRFRNU1RHSHZMQjYtSzNhcXhnTk9YUlpHS3ZVNDYtVHg0YmNJTGtVSkRUZDIxSTdVSlZ3YXFUQ1phdGU0bFY3a2p4YlFOQm5sbWFpY1F2RHdR?oc=5\" target=\"_blank\" rel=\"nofollow noopener\">Saory foi affair de Neymar e Gabigol? Entenda rumor de peoa em &#8216;A Fazenda&#8217;<\/a>&nbsp;&nbsp;Band<\/li>\n<li><a href=\"https:\/\/news.google.com\/rss\/articles\/CBMisAFBVV95cUxPaGk1dXl3aDlVLVl6WmZiRTZUUy1wbnBObERyMF90alpCTUg0NE5BVGpTRUc1aWI4NThacGJHaTJKMlNPTG8yaGpQUm1qV1A5MWpqMXJKemdZQkFaWHN2VkpXSXdzUk04ZmtNaFFHMjhDbEM0RW82M3djclU1UWZzdmVPWEs2UDY5bEdTSjFDc3M2c3JtSnAwTWU1dGRydTR5SXFWN1gyalZVaEVEYWlWT9IBuAFBVV95cUxOXzVVSXBPcEhzMGxzS0l0OHFsMHFMSTBJRUhnblMwUVFyNzZXZF83cUFWMU9iWkkyYUN0THRUUHdRY3NiZlhjaE94X0JlT050c2NobTh5b0EtOHZSQW1rbEhUWUd6TkJWVDhxT2Z5bWtiVUhiZ2VWY1JZdE1CSnF3LXFGby1Fd05PazBzWUFKRjBIaEd6cHllN2FZZjFraHF2Z2cwcDZ1Njdwb0dNWFNLZUhxbjFVSHBw?oc=5\" target=\"_blank\" rel=\"nofollow noopener\">Enquete A Fazenda 17: Saory sobe em vota\u00e7\u00e3o ap\u00f3s ser chamada de amante &#8211; iBahia<\/a>&nbsp;&nbsp;iBahia<\/li>\n<\/ol>\n","protected":false},"excerpt":{"rendered":"Duda e Kathy conversam sobre Saory #AFazenda #shorts&nbsp;&nbsp;R7 A Fazenda 17: Duda diz que Saory foi amante de&hellip;\n","protected":false},"author":2,"featured_media":188743,"comment_status":"","ping_status":"","sticky":false,"template":"","format":"standard","meta":{"footnotes":""},"categories":[145],"tags":[657,211,210,114,115,32,33],"class_list":{"0":"post-188742","1":"post","2":"type-post","3":"status-publish","4":"format-standard","5":"has-post-thumbnail","7":"category-celebridades","8":"tag-a-fazenda","9":"tag-celebridades","10":"tag-celebrities","11":"tag-entertainment","12":"tag-entretenimento","13":"tag-portugal","14":"tag-pt"},"share_on_mastodon":{"url":"https:\/\/pubeurope.com\/@pt\/115721262999748207","error":""},"_links":{"self":[{"href":"https:\/\/www.europesays.com\/pt\/wp-json\/wp\/v2\/posts\/188742","targetHints":{"allow":["GET"]}}],"collection":[{"href":"https:\/\/www.europesays.com\/pt\/wp-json\/wp\/v2\/posts"}],"about":[{"href":"https:\/\/www.europesays.com\/pt\/wp-json\/wp\/v2\/types\/post"}],"author":[{"embeddable":true,"href":"https:\/\/www.europesays.com\/pt\/wp-json\/wp\/v2\/users\/2"}],"replies":[{"embeddable":true,"href":"https:\/\/www.europesays.com\/pt\/wp-json\/wp\/v2\/comments?post=188742"}],"version-history":[{"count":0,"href":"https:\/\/www.europesays.com\/pt\/wp-json\/wp\/v2\/posts\/188742\/revisions"}],"wp:featuredmedia":[{"embeddable":true,"href":"https:\/\/www.europesays.com\/pt\/wp-json\/wp\/v2\/media\/188743"}],"wp:attachment":[{"href":"https:\/\/www.europesays.com\/pt\/wp-json\/wp\/v2\/media?parent=188742"}],"wp:term":[{"taxonomy":"category","embeddable":true,"href":"https:\/\/www.europesays.com\/pt\/wp-json\/wp\/v2\/categories?post=188742"},{"taxonomy":"post_tag","embeddable":true,"href":"https:\/\/www.europesays.com\/pt\/wp-json\/wp\/v2\/tags?post=188742"}],"curies":[{"name":"wp","href":"https:\/\/api.w.org\/{rel}","templated":true}]}}