{"id":188772,"date":"2025-12-15T03:19:12","date_gmt":"2025-12-15T03:19:12","guid":{"rendered":"https:\/\/www.europesays.com\/pt\/188772\/"},"modified":"2025-12-15T03:19:12","modified_gmt":"2025-12-15T03:19:12","slug":"saiba-como-esta-o-estado-de-saude-e-o-tratamento-de-mingau-baixista-do-ultraje-a-rigor-record","status":"publish","type":"post","link":"https:\/\/www.europesays.com\/pt\/188772\/","title":{"rendered":"Saiba como est\u00e1 o estado de sa\u00fade e o tratamento de Mingau, baixista do Ultraje a Rigor \u2013 Record"},"content":{"rendered":"<p class=\"jarvics:base-text-neutral-high-400 base-text-[calc(theme(fontSize.xs)_*_var(--font-size,_1))] base-font-normal base-font-primary base-text-neutral-low-500 base-text-left\">Atividades que parecem banais s\u00e3o conquistas enormes para Rinaldo Oliveira Amaral, mais conhecido como Mingau, baixista da banda de rock Ultraje a Rigor. Dois de setembro de 2023 um dia antes de completar 56 anos, o m\u00fasico foi baleado em Paraty (RJ), onde tem uma casa.<\/p>\n<p>Mingau estava na caminhonete com um amigo. Segundo a investiga\u00e7\u00e3o, traficantes confundiram o ve\u00edculo com uma viatura da pol\u00edcia. O artista ficou entre a vida e a morte. O proj\u00e9til atravessou o lado esquerdo do c\u00e9rebro, um caso extremamente grave.<\/p>\n<p>Em Paraty, Mingau recebeu os primeiros atendimentos. Foi transferido para S\u00e3o Paulo, onde passou por duas cirurgias e deu in\u00edcio a um longo processo de recupera\u00e7\u00e3o. Dois anos praticamente sem se mover, sem se comunicar. Em setembro deste ano, ele come\u00e7ou um novo tratamento e a resposta foi surpreendente.<\/p>\n<p>Mingau est\u00e1 sendo submetido a estimula\u00e7\u00e3o neuromagn\u00e9tica. O equipamento induz uma corrente el\u00e9trica que impulsiona os neur\u00f4nios de \u00e1reas do c\u00e9rebro respons\u00e1veis por rea\u00e7\u00f5es ou movimentos do corpo.<\/p>\n<p>Ana \u00e9 m\u00e3e de Bebel, a \u00fanica filha do Mingau. O casal se separou h\u00e1 vinte anos, mas ela est\u00e1 o tempo inteiro ao lado do ex-marido, auxiliando a filha. Para as duas, o avan\u00e7o na recupera\u00e7\u00e3o do m\u00fasico \u00e9 n\u00edtido. Tudo \u00e9 comemorado, principalmente, a melhora do humor de Mingau.<\/p>\n<p>Dos cinco suspeitos pelo crime, a pol\u00edcia prendeu quatro. A Justi\u00e7a determinou que tr\u00eas deles devam encarar o j\u00fari popular. A data do julgamento ainda n\u00e3o foi marcada. Um assunto que a fam\u00edlia do m\u00fasico tenta n\u00e3o se preocupar, ainda mais em um momento t\u00e3o especial: a filha do baixista est\u00e1 gr\u00e1vida.\n<\/p>\n<p><b>O PlayPlus agora \u00e9 RecordPlus: mais conte\u00fado da RECORD para voc\u00ea, ao vivo e de gra\u00e7a. Baixe o app <b><a href=\"https:\/\/descubra.recordplus.com\/\" rel=\"nofollow noopener\" target=\"_blank\">aqui!<\/a><\/b><\/b><\/p>\n","protected":false},"excerpt":{"rendered":"Atividades que parecem banais s\u00e3o conquistas enormes para Rinaldo Oliveira Amaral, mais conhecido como Mingau, baixista da banda&hellip;\n","protected":false},"author":2,"featured_media":188773,"comment_status":"","ping_status":"","sticky":false,"template":"","format":"standard","meta":{"footnotes":""},"categories":[145],"tags":[211,210,7547,114,115,5564,32,33],"class_list":{"0":"post-188772","1":"post","2":"type-post","3":"status-publish","4":"format-standard","5":"has-post-thumbnail","7":"category-celebridades","8":"tag-celebridades","9":"tag-celebrities","10":"tag-domingo-espetacular","11":"tag-entertainment","12":"tag-entretenimento","13":"tag-homicidio","14":"tag-portugal","15":"tag-pt"},"share_on_mastodon":{"url":"https:\/\/pubeurope.com\/@pt\/115721428222265765","error":""},"_links":{"self":[{"href":"https:\/\/www.europesays.com\/pt\/wp-json\/wp\/v2\/posts\/188772","targetHints":{"allow":["GET"]}}],"collection":[{"href":"https:\/\/www.europesays.com\/pt\/wp-json\/wp\/v2\/posts"}],"about":[{"href":"https:\/\/www.europesays.com\/pt\/wp-json\/wp\/v2\/types\/post"}],"author":[{"embeddable":true,"href":"https:\/\/www.europesays.com\/pt\/wp-json\/wp\/v2\/users\/2"}],"replies":[{"embeddable":true,"href":"https:\/\/www.europesays.com\/pt\/wp-json\/wp\/v2\/comments?post=188772"}],"version-history":[{"count":0,"href":"https:\/\/www.europesays.com\/pt\/wp-json\/wp\/v2\/posts\/188772\/revisions"}],"wp:featuredmedia":[{"embeddable":true,"href":"https:\/\/www.europesays.com\/pt\/wp-json\/wp\/v2\/media\/188773"}],"wp:attachment":[{"href":"https:\/\/www.europesays.com\/pt\/wp-json\/wp\/v2\/media?parent=188772"}],"wp:term":[{"taxonomy":"category","embeddable":true,"href":"https:\/\/www.europesays.com\/pt\/wp-json\/wp\/v2\/categories?post=188772"},{"taxonomy":"post_tag","embeddable":true,"href":"https:\/\/www.europesays.com\/pt\/wp-json\/wp\/v2\/tags?post=188772"}],"curies":[{"name":"wp","href":"https:\/\/api.w.org\/{rel}","templated":true}]}}