{"id":188782,"date":"2025-12-15T03:33:10","date_gmt":"2025-12-15T03:33:10","guid":{"rendered":"https:\/\/www.europesays.com\/pt\/188782\/"},"modified":"2025-12-15T03:33:10","modified_gmt":"2025-12-15T03:33:10","slug":"vera-fischer-celebra-aniversario-de-filho-cacula","status":"publish","type":"post","link":"https:\/\/www.europesays.com\/pt\/188782\/","title":{"rendered":"Vera Fischer celebra anivers\u00e1rio de filho ca\u00e7ula"},"content":{"rendered":"<p>A atriz <a href=\"https:\/\/caras.com.br\/tags\/vera-fischer\" rel=\"nofollow noopener\" target=\"_blank\"><strong>Vera Fischer<\/strong><\/a> comemorou mais um anivers\u00e1rio de <strong>Gabriel Fischer,<\/strong> seu filho ca\u00e7ula, fruto de seu antigo relacionamento com <strong>Felipe Camargo.<\/strong> Neste domingo, 14, o jovem completou seus 33 anos e a famosa aproveitou para homenagear o herdeiro em suas redes sociais.<\/p>\n<p>\u201cHoje, o meu grande amor, Gabriel, completa 33 anos. Me enche de alegria, orgulho e muito amor. Obrigada por ser esse homem generoso, criativo, sens\u00edvel e amoroso\u201d, escreveu a artista em suas redes sociais. \u201cQue a vida te devolva em sa\u00fade, felicidade e caminhos bonitos, sempre ao lado de quem voc\u00ea ama e respeita. Feliz anivers\u00e1rio, te amo! Viva meu Gab\u2019s\u201d, completou ela.<\/p>\n<p>Acompanhado do texto, a artista tamb\u00e9m compartilhou alguns registros, antigos e atuais, ao lado do herdeiro. Dentre eles, Vera Fischer aparece ao acompanhar o pequeno em uma viagem de ski, na festa de anivers\u00e1rio de seis anos de Gabriel, brincando em um parque aqu\u00e1tico e muito mais.<\/p>\n<blockquote class=\"instagram-media\" style=\"background: #FFF; border: 0; border-radius: 3px; box-shadow: 0 0 1px 0 rgba(0,0,0,0.5),0 1px 10px 0 rgba(0,0,0,0.15); margin: 1px; max-width: 540px; min-width: 326px; padding: 0; width: calc(100% - 2px);\" data-instgrm-captioned=\"\" data-instgrm-permalink=\"https:\/\/www.instagram.com\/reel\/DSP1VqxDYEk\/?utm_source=ig_embed&amp;utm_campaign=loading\" data-instgrm-version=\"14\"><\/blockquote>\n<p>\t Relembre a separa\u00e7\u00e3o turbulenta de Vera Fischer e Felipe Camargo <\/p>\n<p>Vera Fischer e Felipe Camargo viveram um casamento apaixonado, mas marcado pela intensidade, que frequentemente era manchete nos jornais. O casal se apaixonou durante a grava\u00e7\u00e3o da novela Brilhante, em um romance que transcendeu a fic\u00e7\u00e3o.<\/p>\n<p>Em 1993, nasceu Gabriel Fischer Camargo, fruto dessa uni\u00e3o, que se tornou o centro das aten\u00e7\u00f5es ap\u00f3s o t\u00e9rmino. O relacionamento foi pontuado por crises e pol\u00eamicas, muitas delas relacionadas a problemas de depend\u00eancia qu\u00edmica que ambos os artistas enfrentaram, gerando um clima de instabilidade.<\/p>\n<p> O div\u00f3rcio <\/p>\n<p>A separa\u00e7\u00e3o definitiva ocorreu em 1997 e foi marcada por uma exposi\u00e7\u00e3o p\u00fablica intensa e dolorosa. O div\u00f3rcio veio ap\u00f3s anos de desgaste, somado a brigas e epis\u00f3dios de agress\u00e3o f\u00edsica. A situa\u00e7\u00e3o se tornou insustent\u00e1vel, e a Justi\u00e7a interveio em alguns momentos.<\/p>\n<p>O ponto mais dram\u00e1tico da separa\u00e7\u00e3o foi a disputa judicial pela guarda de Gabriel. Em 1997, ap\u00f3s den\u00fancias de que Vera Fischer n\u00e3o teria condi\u00e7\u00f5es de cuidar do filho devido aos problemas de sa\u00fade e v\u00edcios, a Justi\u00e7a determinou que a guarda provis\u00f3ria fosse repassada para Felipe Camargo.<\/p>\n<p><strong>Leia tamb\u00e9m:\u00a0<\/strong><a href=\"https:\/\/caras.com.br\/bem-estar\/vera-fischer-denuncia-e-medica-alerta-nada-machuca-mais-do-que-isso.phtml\" rel=\"nofollow noopener\" target=\"_blank\">Vera Fischer denuncia e m\u00e9dica alerta: \u2018Nada machuca mais do que isso\u2019<\/a><\/p>\n<p>        <a href=\"https:\/\/caras.com.br\/autor\/giovanna-f-campos\" rel=\"nofollow noopener\" target=\"_blank\">&#13;<br \/>\n          <img loading=\"lazy\" decoding=\"async\" alt=\"Giovanna F Campos\" src=\"https:\/\/www.europesays.com\/pt\/wp-content\/uploads\/2025\/09\/525986578_1657136028311574_5510063872310493577_n-150x150.jpg\" class=\"avatar avatar-115 photo rounded-circle\" height=\"115\" width=\"115\"\/>        <\/a><\/p>\n<p>Giovanna F Campos \u00e9 estudante de jornalismo pela Faculdade C\u00e1sper L\u00edbero, apaixonada por entretenimento e literatura.<\/p>\n<p>\t                                            <script async src=\"\/\/www.instagram.com\/embed.js\"><\/script><\/p>\n","protected":false},"excerpt":{"rendered":"A atriz Vera Fischer comemorou mais um anivers\u00e1rio de Gabriel Fischer, seu filho ca\u00e7ula, fruto de seu antigo&hellip;\n","protected":false},"author":2,"featured_media":188783,"comment_status":"","ping_status":"","sticky":false,"template":"","format":"standard","meta":{"footnotes":""},"categories":[145],"tags":[996,211,210,114,115,38185,997,32,33,10206],"class_list":{"0":"post-188782","1":"post","2":"type-post","3":"status-publish","4":"format-standard","5":"has-post-thumbnail","7":"category-celebridades","8":"tag-aniversario","9":"tag-celebridades","10":"tag-celebrities","11":"tag-entertainment","12":"tag-entretenimento","13":"tag-filho-de-vera-fischer","14":"tag-homenagem","15":"tag-portugal","16":"tag-pt","17":"tag-vera-fischer"},"share_on_mastodon":{"url":"https:\/\/pubeurope.com\/@pt\/115721483491834496","error":""},"_links":{"self":[{"href":"https:\/\/www.europesays.com\/pt\/wp-json\/wp\/v2\/posts\/188782","targetHints":{"allow":["GET"]}}],"collection":[{"href":"https:\/\/www.europesays.com\/pt\/wp-json\/wp\/v2\/posts"}],"about":[{"href":"https:\/\/www.europesays.com\/pt\/wp-json\/wp\/v2\/types\/post"}],"author":[{"embeddable":true,"href":"https:\/\/www.europesays.com\/pt\/wp-json\/wp\/v2\/users\/2"}],"replies":[{"embeddable":true,"href":"https:\/\/www.europesays.com\/pt\/wp-json\/wp\/v2\/comments?post=188782"}],"version-history":[{"count":0,"href":"https:\/\/www.europesays.com\/pt\/wp-json\/wp\/v2\/posts\/188782\/revisions"}],"wp:featuredmedia":[{"embeddable":true,"href":"https:\/\/www.europesays.com\/pt\/wp-json\/wp\/v2\/media\/188783"}],"wp:attachment":[{"href":"https:\/\/www.europesays.com\/pt\/wp-json\/wp\/v2\/media?parent=188782"}],"wp:term":[{"taxonomy":"category","embeddable":true,"href":"https:\/\/www.europesays.com\/pt\/wp-json\/wp\/v2\/categories?post=188782"},{"taxonomy":"post_tag","embeddable":true,"href":"https:\/\/www.europesays.com\/pt\/wp-json\/wp\/v2\/tags?post=188782"}],"curies":[{"name":"wp","href":"https:\/\/api.w.org\/{rel}","templated":true}]}}