{"id":188788,"date":"2025-12-15T03:41:21","date_gmt":"2025-12-15T03:41:21","guid":{"rendered":"https:\/\/www.europesays.com\/pt\/188788\/"},"modified":"2025-12-15T03:41:21","modified_gmt":"2025-12-15T03:41:21","slug":"cientista-brasileiro-e-incluido-entre-os-10-maiores-influenciadores-globais-da-ciencia-em-2025","status":"publish","type":"post","link":"https:\/\/www.europesays.com\/pt\/188788\/","title":{"rendered":"Cientista brasileiro \u00e9 inclu\u00eddo entre os 10 maiores influenciadores globais da ci\u00eancia em 2025"},"content":{"rendered":"<p style=\"text-align: justify;\" data-start=\"239\" data-end=\"635\">O pesquisador brasileiro <strong data-start=\"264\" data-end=\"283\">Luciano Moreira<\/strong> foi eleito nesta <strong data-start=\"301\" data-end=\"331\">segunda-feira (08\/12\/2025)<\/strong> um dos <strong data-start=\"339\" data-end=\"387\">dez nomes mais influentes da ci\u00eancia em 2025<\/strong>, segundo a revista <strong data-start=\"407\" data-end=\"417\">Nature<\/strong>, que incluiu o cientista em sua lista anual de destaques. A publica\u00e7\u00e3o reconheceu o impacto direto de seu trabalho no combate a doen\u00e7as transmitidas pelo <strong data-start=\"572\" data-end=\"589\">Aedes aegypti<\/strong>, como <strong data-start=\"596\" data-end=\"606\">dengue<\/strong>, <strong data-start=\"608\" data-end=\"616\">zika<\/strong> e <strong data-start=\"619\" data-end=\"634\">chikungunya<\/strong>.<\/p>\n<p style=\"text-align: justify;\" data-start=\"637\" data-end=\"966\">Moreira lidera um projeto que demonstra resultados mensur\u00e1veis na redu\u00e7\u00e3o dessas enfermidades e estabelece como meta a elimina\u00e7\u00e3o sustentada da transmiss\u00e3o viral. O reconhecimento internacional ocorre ap\u00f3s anos de pesquisa em biotecnologia aplicada \u00e0 sa\u00fade p\u00fablica, com foco na cria\u00e7\u00e3o de mosquitos incapazes de transmitir v\u00edrus.<\/p>\n<p style=\"text-align: justify;\" data-start=\"968\" data-end=\"1271\">Ap\u00f3s 17 anos de estudos, sua equipe desenvolveu uma linhagem de <strong data-start=\"1032\" data-end=\"1074\">Aedes aegypti com a bact\u00e9ria Wolbachia<\/strong>, microorganismo que impede a replica\u00e7\u00e3o viral no hospedeiro e bloqueia a transmiss\u00e3o das doen\u00e7as. Em entrevista, o pesquisador afirmou que o impacto social da iniciativa \u00e9 central para o trabalho.<\/p>\n<blockquote>\n<p style=\"text-align: justify;\" data-start=\"1273\" data-end=\"1586\">\u201cEu fiquei muito emocionado, quase n\u00e3o acreditei. Acho muito importante, no Brasil, a gente conseguir fazer pesquisas de ponta. E o que mais me d\u00e1 satisfa\u00e7\u00e3o \u00e9 ver que estamos conseguindo reduzir o sofrimento e as mortes no pa\u00eds. Estamos mostrando como a ci\u00eancia consegue ajudar tantas pessoas\u201d, declarou Moreira.<\/p>\n<\/blockquote>\n<p>Tecnologia com Wolbachia e expans\u00e3o do projeto no Brasil<\/p>\n<p style=\"text-align: justify;\" data-start=\"1650\" data-end=\"2011\">De acordo com a Fiocruz, o m\u00e9todo consiste na introdu\u00e7\u00e3o da Wolbachia nos ovos de mosquitos, gerando uma popula\u00e7\u00e3o conhecida como <strong data-start=\"1780\" data-end=\"1792\">Wolbitos<\/strong>, que n\u00e3o transmite os v\u00edrus causadores de dengue, zika e chikungunya. A bact\u00e9ria interfere na reprodu\u00e7\u00e3o dos insetos e mant\u00e9m-se de forma autossustent\u00e1vel nas popula\u00e7\u00f5es ao longo do tempo, sem uso de produtos qu\u00edmicos.<\/p>\n<p style=\"text-align: justify;\" data-start=\"2013\" data-end=\"2320\">A Wolbachia age de duas formas: quando presente em mosquitos machos, torna est\u00e9reis as f\u00eameas com as quais acasalam; quando inserida em f\u00eameas, garante que 100% da prole carregue o microorganismo. Isso favorece a substitui\u00e7\u00e3o gradual da popula\u00e7\u00e3o transmissora por mosquitos incapazes de disseminar os v\u00edrus.<\/p>\n<p style=\"text-align: justify;\" data-start=\"2322\" data-end=\"2583\">O bloqueio da replica\u00e7\u00e3o viral reduz a circula\u00e7\u00e3o das doen\u00e7as e permite uma estrat\u00e9gia de longo prazo, alinhada a protocolos de biosseguran\u00e7a. As pesquisas mostram estabilidade da bact\u00e9ria nas popula\u00e7\u00f5es de campo, o que sustenta a expans\u00e3o programada do m\u00e9todo.<\/p>\n<p>Hist\u00f3rico de pesquisa e implementa\u00e7\u00e3o no territ\u00f3rio brasileiro<\/p>\n<p style=\"text-align: justify;\" data-start=\"2653\" data-end=\"3038\">A tecnologia foi introduzida no Brasil ap\u00f3s a experi\u00eancia de Moreira na Austr\u00e1lia, durante seu doutorado em 2008, em um programa dedicado ao controle da dengue. Ap\u00f3s aprova\u00e7\u00f5es regulat\u00f3rias do <strong data-start=\"2846\" data-end=\"2855\">Ibama<\/strong>, <strong data-start=\"2857\" data-end=\"2867\">Anvisa<\/strong> e comit\u00eas de \u00e9tica, a Fiocruz importou ovos de mosquitos com Wolbachia da Austr\u00e1lia e realizou cruzamentos com mosquitos nativos, para adapta\u00e7\u00e3o \u00e0s condi\u00e7\u00f5es brasileiras.<\/p>\n<p style=\"text-align: justify;\" data-start=\"3040\" data-end=\"3332\">Os testes come\u00e7aram em <strong data-start=\"3063\" data-end=\"3079\">Niter\u00f3i (RJ)<\/strong> e, em 2019, foram ampliados para <strong data-start=\"3113\" data-end=\"3134\">Campo Grande (MS)<\/strong>, <strong data-start=\"3136\" data-end=\"3154\">Petrolina (PE)<\/strong> e <strong data-start=\"3157\" data-end=\"3180\">Belo Horizonte (MG)<\/strong> por meio do <strong data-start=\"3193\" data-end=\"3225\">World Mosquito Program (WMP)<\/strong>, presente atualmente em 14 pa\u00edses. A amplia\u00e7\u00e3o segue cronograma de implementa\u00e7\u00e3o e monitoramento cont\u00ednuo.<\/p>\n<p>Avan\u00e7os recentes em imuniza\u00e7\u00e3o e pol\u00edticas p\u00fablicas<\/p>\n<p style=\"text-align: justify;\" data-start=\"3391\" data-end=\"3788\">Paralelamente aos avan\u00e7os com Wolbachia, o <strong data-start=\"3434\" data-end=\"3456\">Instituto Butantan<\/strong> e a empresa chinesa <strong data-start=\"3477\" data-end=\"3485\">WuXi<\/strong> anunciaram nesta <strong data-start=\"3503\" data-end=\"3532\">quarta-feira (26\/11\/2025)<\/strong> o desenvolvimento da <strong data-start=\"3554\" data-end=\"3601\">primeira vacina de dose \u00fanica contra dengue<\/strong>, segundo informa\u00e7\u00f5es divulgadas pela imprensa. A iniciativa refor\u00e7a a necessidade de a\u00e7\u00f5es integradas entre controle vetorial e imuniza\u00e7\u00e3o, especialmente em per\u00edodos de alta transmiss\u00e3o.<\/p>\n<p style=\"text-align: justify;\" data-start=\"3790\" data-end=\"3977\">As medidas complementares indicam fortalecimento de pol\u00edticas de sa\u00fade p\u00fablica voltadas para o enfrentamento das arboviroses e ampliam o impacto nacional da pesquisa liderada por Moreira.<\/p>\n<p data-start=\"3790\" data-end=\"3977\">*Com informa\u00e7\u00f5es da Sputnik News.<\/p>\n<p>Like this:<\/p>\n<p>Like Loading&#8230;<\/p>\n<p><a class=\"sd-link-color\"\/><\/p>\n<p>\n\tRelacionado\n<\/p>\n<p>\tDiscover more from Jornal Grande Bahia (JGB)<\/p>\n<p class=\"has-text-align-center\" style=\"margin-top:10px;margin-bottom:10px;font-size:15px\">Subscribe to get the latest posts sent to your email.<\/p>\n","protected":false},"excerpt":{"rendered":"O pesquisador brasileiro Luciano Moreira foi eleito nesta segunda-feira (08\/12\/2025) um dos dez nomes mais influentes da ci\u00eancia&hellip;\n","protected":false},"author":2,"featured_media":188789,"comment_status":"","ping_status":"","sticky":false,"template":"","format":"standard","meta":{"footnotes":""},"categories":[86],"tags":[38186,116,32,33,117],"class_list":{"0":"post-188788","1":"post","2":"type-post","3":"status-publish","4":"format-standard","5":"has-post-thumbnail","7":"category-saude","8":"tag-ciencia-tecnologia-inovacao-cti","9":"tag-health","10":"tag-portugal","11":"tag-pt","12":"tag-saude"},"share_on_mastodon":{"url":"https:\/\/pubeurope.com\/@pt\/115721514734431493","error":""},"_links":{"self":[{"href":"https:\/\/www.europesays.com\/pt\/wp-json\/wp\/v2\/posts\/188788","targetHints":{"allow":["GET"]}}],"collection":[{"href":"https:\/\/www.europesays.com\/pt\/wp-json\/wp\/v2\/posts"}],"about":[{"href":"https:\/\/www.europesays.com\/pt\/wp-json\/wp\/v2\/types\/post"}],"author":[{"embeddable":true,"href":"https:\/\/www.europesays.com\/pt\/wp-json\/wp\/v2\/users\/2"}],"replies":[{"embeddable":true,"href":"https:\/\/www.europesays.com\/pt\/wp-json\/wp\/v2\/comments?post=188788"}],"version-history":[{"count":0,"href":"https:\/\/www.europesays.com\/pt\/wp-json\/wp\/v2\/posts\/188788\/revisions"}],"wp:featuredmedia":[{"embeddable":true,"href":"https:\/\/www.europesays.com\/pt\/wp-json\/wp\/v2\/media\/188789"}],"wp:attachment":[{"href":"https:\/\/www.europesays.com\/pt\/wp-json\/wp\/v2\/media?parent=188788"}],"wp:term":[{"taxonomy":"category","embeddable":true,"href":"https:\/\/www.europesays.com\/pt\/wp-json\/wp\/v2\/categories?post=188788"},{"taxonomy":"post_tag","embeddable":true,"href":"https:\/\/www.europesays.com\/pt\/wp-json\/wp\/v2\/tags?post=188788"}],"curies":[{"name":"wp","href":"https:\/\/api.w.org\/{rel}","templated":true}]}}