{"id":188790,"date":"2025-12-15T03:43:13","date_gmt":"2025-12-15T03:43:13","guid":{"rendered":"https:\/\/www.europesays.com\/pt\/188790\/"},"modified":"2025-12-15T03:43:13","modified_gmt":"2025-12-15T03:43:13","slug":"o-futuro-do-ios","status":"publish","type":"post","link":"https:\/\/www.europesays.com\/pt\/188790\/","title":{"rendered":"O futuro do iOS"},"content":{"rendered":"<p>\t\t\t\t<img data-perfmatters-preload=\"\" width=\"910\" height=\"568\" src=\"https:\/\/www.europesays.com\/pt\/wp-content\/uploads\/2025\/12\/o-futuro-do-ios-vazam-possiveis-novidades-do-ios-26-4-ate-o-ios-28-cover-912x569.jpg\" class=\"attachment-910x568 size-910x568\" alt=\"O futuro do iOS: vazam poss\u00edveis novidades do iOS 26.4 at\u00e9 o iOS 28\"   decoding=\"async\" fetchpriority=\"high\"\/>Cr\u00e9ditos: Macworld\t\t<\/p>\n<p>Preparem-se para o <strong>futuro do iOS: vazam poss\u00edveis novidades do iOS 26.4 at\u00e9 o iOS 28<\/strong>! A pr\u00f3xima atualiza\u00e7\u00e3o que os usu\u00e1rios de iPhone aguardam com expectativa \u00e9 o iOS 26.4, que deve incluir grandes melhorias baseadas em IA para a Siri. <\/p>\n<p>Recentemente, um grande vazamento revelou mais sobre o que esperar d<strong>o iOS 26.4 at\u00e9 o iOS 28. A vers\u00e3o do iOS 26<\/strong> que revelou todas essas informa\u00e7\u00f5es \u00e9 usada internamente na Apple pelos engenheiros.<\/p>\n<p><strong>Uma vers\u00e3o interna do iOS 26 usada por engenheiros da Apple vaza funcionalidades<\/strong><\/p>\n<p>Esta compila\u00e7\u00e3o interna do iOS cont\u00e9m \u201c<strong>feature flags<\/strong>\u201d que permitem aos engenheiros ativar ou desativar determinada funcionalidade enquanto ela est\u00e1 sendo desenvolvida. <\/p>\n<p>Esta<strong> vers\u00e3o especial do iOS<\/strong> tamb\u00e9m cont\u00e9m anota\u00e7\u00f5es sobre certas funcionalidades e a vers\u00e3o do iOS com a qual elas chegar\u00e3o. <strong>O site internacional Macworld<\/strong> conseguiu ver a vers\u00e3o interna do iOS 26 que inclui anota\u00e7\u00f5es sobre o que esperar em lan\u00e7amentos futuros do sistema operacional.<\/p>\n<blockquote class=\"wp-block-quote is-layout-flow wp-block-quote-is-layout-flow\">\n<p>Por exemplo, a vers\u00e3o examinada pela Macworld mostra m\u00faltiplas feature flags relacionadas a novas funcionalidades que chegar\u00e3o ao app Sa\u00fade. <\/p>\n<\/blockquote>\n<p>As <strong>flags <\/strong>mencionam uma nova<strong> interface para categorias e uma forma mais f\u00e1cil de inserir dados manualmente<\/strong>, como medidas corporais, sintomas e ingest\u00e3o de medicamentos. <\/p>\n<p>Especula-se que a<strong> Apple oferecer\u00e1 um servi\u00e7o de assinatura chamado Health+<\/strong> que responder\u00e1 perguntas com base nos dados fornecidos pelo usu\u00e1rio e publicados no app Sa\u00fade. <\/p>\n<p>As mudan\u00e7as na interface podem ser uma forma de a<strong> Apple preparar o aplicativo para a nova vers\u00e3o paga<\/strong>, possivelmente lan\u00e7ada no pr\u00f3ximo ano.<\/p>\n<p><img loading=\"lazy\" decoding=\"async\" width=\"1013\" height=\"675\" data-id=\"535667\" alt=\"O futuro do iOS: vazam poss\u00edveis novidades do iOS 26.4 at\u00e9 o iOS 28\" class=\"wp-image-535667 perfmatters-lazy\" src=\"https:\/\/www.europesays.com\/pt\/wp-content\/uploads\/2025\/12\/o-futuro-do-ios-vazam-possiveis-novidades-do-ios-26-4-ate-o-ios-28-2.jpg\"  data-\/>Unsplash<\/p>\n<p><strong>\u00c9 nesta altura que voc\u00ea pode esperar as mudan\u00e7as na Siri que voc\u00ea tanto aguardava<\/strong><\/p>\n<p>O relat\u00f3rio tamb\u00e9m diz que a <strong>Apple <\/strong>est\u00e1 testando uma forma de detectar quando um novo cart\u00e3o de <strong>cr\u00e9dito ou d\u00e9bito <\/strong>\u00e9 adicionado a um aplicativo de terceiros e oferece salv\u00e1-lo no <strong>iCloud Keychain<\/strong>. A funcionalidade funcionaria da mesma maneira que o P<strong>reenchimento Autom\u00e1tico <\/strong>funciona no <strong>Safari<\/strong>. <\/p>\n<p><strong>Isso seria lan\u00e7ado no iOS 26.4<\/strong>, de acordo com os dados vazados. Podemos ver a <strong>Apple <\/strong>oferecendo um pacote de <strong>assinatura Sports mais caro para usu\u00e1rios do Apple TV+<\/strong>, de acordo com o vazamento. Isso tamb\u00e9m pode estar dispon\u00edvel com a<strong> atualiza\u00e7\u00e3o do iOS 26.4 <\/strong>que chega nesta primavera.<\/p>\n<blockquote class=\"wp-block-quote is-layout-flow wp-block-quote-is-layout-flow\">\n<p>As melhorias na Siri que voc\u00ea est\u00e1 esperando tamb\u00e9m devem chegar nesta primavera com o lan\u00e7amento do iOS 26.4. <\/p>\n<\/blockquote>\n<p>Al\u00e9m de ter conversas mais naturais com a <strong>Siri<\/strong>, a<strong> assistente digital<\/strong> ser\u00e1 integrada ao Modelo de Linguagem de Grande Escala (<strong>LLM<\/strong>) <strong>Gemini<\/strong>, do <strong>Google<\/strong>. Como resultado, a Siri poder\u00e1 entender o contexto do que est\u00e1 na tela do usu\u00e1rio e ajudar\u00e1 a realizar tarefas para ele.<\/p>\n<p><img loading=\"lazy\" decoding=\"async\" width=\"1013\" height=\"675\" data-id=\"535668\" alt=\"O futuro do iOS: vazam poss\u00edveis novidades do iOS 26.4 at\u00e9 o iOS 28\" class=\"wp-image-535668 perfmatters-lazy\" src=\"https:\/\/www.europesays.com\/pt\/wp-content\/uploads\/2025\/12\/o-futuro-do-ios-vazam-possiveis-novidades-do-ios-26-4-ate-o-ios-28-3.jpg\"  data-\/>Unsplash<\/p>\n<p><strong>Leia mais<\/strong><\/p>\n<p><strong>O futuro do iOS: vazam poss\u00edveis novidades do iOS 26.4 at\u00e9 o iOS 28<\/strong>; conclus\u00f5es<\/p>\n<p>A Siri revisada tamb\u00e9m poder\u00e1 vasculhar os <strong>e-mails<\/strong>, <strong>mensagens<\/strong>, <strong>calend\u00e1rios <\/strong>e <strong>fotos<\/strong> de um usu\u00e1rio para encontrar certas informa\u00e7\u00f5es, como o hor\u00e1rio de chegada de um voo ou o nome de um restaurante onde o usu\u00e1rio fez reservas, al\u00e9m da data e hora dessa reserva. <\/p>\n<p>A <strong>Siri <\/strong>tamb\u00e9m poder\u00e1 realizar tarefas com certos aplicativos usando comandos de voz. Voc\u00ea<strong> poder\u00e1 pedir \u00e0 assistente <\/strong>para adicionar um item a uma lista de compras, enviar uma mensagem pelo aplicativo de mensagens e transmitir certas m\u00fasicas.<\/p>\n<p>Para finalizar, ressaltamos a exist\u00eancia de uma <strong>nova camada de seguran\u00e7a tamb\u00e9m vir\u00e1 no iOS 26.4,<\/strong> que garantir\u00e1 que uma unidade de <strong>iPhone <\/strong>que fa\u00e7a <strong>login no Apple ID<\/strong> e <strong>iCloud <\/strong>n\u00e3o tenha passado por nenhuma modifica\u00e7\u00e3o n\u00e3o autorizada, como o <strong>jailbreak<\/strong>.<\/p>\n<p><strong>E a\u00ed? Preparado para o futuro da ma\u00e7\u00e3? <\/strong>Compartilhe o seu ponto de vista nesta publica\u00e7\u00e3o e continue acompanhando o <a href=\"https:\/\/www.mundoconectado.com.br\/\" rel=\"nofollow noopener\" target=\"_blank\">Mundo Conectado<\/a>!<\/p>\n<p><strong>Fonte:<\/strong> <a href=\"https:\/\/www.macworld.com\/article\/3009615\/leak-reveals-details-of-apples-secret-roadmap-ios-26-4-ios-27-and-ios-28.html\" target=\"_blank\" rel=\"noreferrer noopener nofollow\">Macworld<\/a><\/p>\n<p>\t\t<img loading=\"lazy\" width=\"210\" height=\"270\" class=\"attachment-210x270 size-210x270 perfmatters-lazy\" alt=\"Participe do grupo de ofertas do Mundo Conectado\" decoding=\"async\" src=\"https:\/\/www.europesays.com\/pt\/wp-content\/uploads\/2025\/11\/MC-Ofertas-02-210x270.png\"  data-\/>\t<\/p>\n<p>\t\t\tParticipe do grupo de ofertas do Mundo Conectado\t\t<\/p>\n<p class=\"single-text-informative-content-description mb-24 p-desk\">\n\t\t\tConfira as principais ofertas de Smartphones, TVs e outros eletr\u00f4nicos que encontramos pela internet. Ao participar do nosso grupo, voc\u00ea recebe promo\u00e7\u00f5es diariamente e tem acesso antecipado a cupons de desconto.\t\t<\/p>\n<p>\t\t<a class=\"btn-veja-mais btn-veja-mais-red\" href=\"https:\/\/linkmc.click\/ofertas\" title=\"Conte\u00fado informativo\" target=\"_blank\" style=\"background: green;\" rel=\"nofollow noopener\"><br \/>\n\t\t\tEntre no grupo e aproveite as promo\u00e7\u00f5es\t\t<\/a><\/p>\n","protected":false},"excerpt":{"rendered":"Cr\u00e9ditos: Macworld Preparem-se para o futuro do iOS: vazam poss\u00edveis novidades do iOS 26.4 at\u00e9 o iOS 28!&hellip;\n","protected":false},"author":2,"featured_media":188791,"comment_status":"","ping_status":"","sticky":false,"template":"","format":"standard","meta":{"footnotes":""},"categories":[84],"tags":[109,107,108,32,33,105,103,104,106,110],"class_list":{"0":"post-188790","1":"post","2":"type-post","3":"status-publish","4":"format-standard","5":"has-post-thumbnail","7":"category-ciencia-e-tecnologia","8":"tag-ciencia","9":"tag-ciencia-e-tecnologia","10":"tag-cienciaetecnologia","11":"tag-portugal","12":"tag-pt","13":"tag-science","14":"tag-science-and-technology","15":"tag-scienceandtechnology","16":"tag-technology","17":"tag-tecnologia"},"share_on_mastodon":{"url":"https:\/\/pubeurope.com\/@pt\/115721523203156510","error":""},"_links":{"self":[{"href":"https:\/\/www.europesays.com\/pt\/wp-json\/wp\/v2\/posts\/188790","targetHints":{"allow":["GET"]}}],"collection":[{"href":"https:\/\/www.europesays.com\/pt\/wp-json\/wp\/v2\/posts"}],"about":[{"href":"https:\/\/www.europesays.com\/pt\/wp-json\/wp\/v2\/types\/post"}],"author":[{"embeddable":true,"href":"https:\/\/www.europesays.com\/pt\/wp-json\/wp\/v2\/users\/2"}],"replies":[{"embeddable":true,"href":"https:\/\/www.europesays.com\/pt\/wp-json\/wp\/v2\/comments?post=188790"}],"version-history":[{"count":0,"href":"https:\/\/www.europesays.com\/pt\/wp-json\/wp\/v2\/posts\/188790\/revisions"}],"wp:featuredmedia":[{"embeddable":true,"href":"https:\/\/www.europesays.com\/pt\/wp-json\/wp\/v2\/media\/188791"}],"wp:attachment":[{"href":"https:\/\/www.europesays.com\/pt\/wp-json\/wp\/v2\/media?parent=188790"}],"wp:term":[{"taxonomy":"category","embeddable":true,"href":"https:\/\/www.europesays.com\/pt\/wp-json\/wp\/v2\/categories?post=188790"},{"taxonomy":"post_tag","embeddable":true,"href":"https:\/\/www.europesays.com\/pt\/wp-json\/wp\/v2\/tags?post=188790"}],"curies":[{"name":"wp","href":"https:\/\/api.w.org\/{rel}","templated":true}]}}