{"id":188794,"date":"2025-12-15T03:51:22","date_gmt":"2025-12-15T03:51:22","guid":{"rendered":"https:\/\/www.europesays.com\/pt\/188794\/"},"modified":"2025-12-15T03:51:22","modified_gmt":"2025-12-15T03:51:22","slug":"rick-grimes-regressa-esta-semana-para-uma-nova-serie-de-the-walking-dead-nit","status":"publish","type":"post","link":"https:\/\/www.europesays.com\/pt\/188794\/","title":{"rendered":"Rick Grimes regressa esta semana para uma nova s\u00e9rie de \u201cThe Walking Dead\u201d \u2014 NiT"},"content":{"rendered":"<p>Teve de matar o melhor amigo, perdeu a mulher num parto traum\u00e1tico, viu o pr\u00f3prio filho matar para sobreviver e negociou com tiranos para evitar massacres. Rick Grimes, de \u201cThe Walking Dead\u201d, \u00e9 uma das personagens que mais sofreram na hist\u00f3ria da televis\u00e3o.<\/p>\n<p>Esta segunda-feira, 15 de dezembro, est\u00e1 de volta num novo spin-off. \u201cThe Walking Dead: The Ones Who Live\u201d vai estrear no canal AMC pelas 22h10. A s\u00e9rie tem seis epis\u00f3dios que ser\u00e3o exibidos semanalmente, \u00e0s segundas-feiras.<\/p>\n<p>A hist\u00f3ria tamb\u00e9m acompanha Michonne e decorre dois anos ap\u00f3s a separa\u00e7\u00e3o do casal na s\u00e9rie principal. Funciona, essencialmente, como uma \u00e9pica hist\u00f3ria de amor no meio do apocalipse zombie.<\/p>\n<p>Rick, novamente interpretado por Andrew Lincoln, est\u00e1 prisioneiro da Civic Republic Military (CRM), uma organiza\u00e7\u00e3o altamente estruturada e autorit\u00e1ria. Por sua vez, Michonne, encarnada por Danai Gurira, est\u00e1 focada em encontr\u00e1-lo, recusando aceitar que esteja morto. As personagens t\u00eam o mesmo objetivo: voltarem juntos para casa.<\/p>\n<p>\u201cMas conseguir\u00e3o reencontrar-se \u2014 e reencontrar-se a si pr\u00f3prios \u2014 num cen\u00e1rio totalmente novo? Ser\u00e3o inimigos? Amantes? V\u00edtimas? Vencedores? Se n\u00e3o tiverem um ao outro, estar\u00e3o verdadeiramente vivos\u2026 ou perceber\u00e3o que eles pr\u00f3prios tamb\u00e9m pertencem ao mundo dos mortos-vivos?\u201d, questiona a sinopse.<\/p>\n<p>O elenco conta ainda com Pollyanna McIntosh, Lesley-Ann Brandt, Terry O\u2019Quinn, Matthew August Jeffers, Craig Tate e Andrew Bachelor.<\/p>\n<p>No agregador de cr\u00edticas Rotten Tomatoes, a s\u00e9rie conta com uma pontua\u00e7\u00e3o m\u00e9dia de 88 por cento.\u00a0<\/p>\n<p>Carregue na galeria para conhecer outras s\u00e9ries e temporadas que estreiam em dezembro nas plataformas de streaming e canais de televis\u00e3o.<\/p>\n","protected":false},"excerpt":{"rendered":"Teve de matar o melhor amigo, perdeu a mulher num parto traum\u00e1tico, viu o pr\u00f3prio filho matar para&hellip;\n","protected":false},"author":2,"featured_media":188795,"comment_status":"","ping_status":"","sticky":false,"template":"","format":"standard","meta":{"footnotes":""},"categories":[142],"tags":[114,115,32,33,151],"class_list":{"0":"post-188794","1":"post","2":"type-post","3":"status-publish","4":"format-standard","5":"has-post-thumbnail","7":"category-tv","8":"tag-entertainment","9":"tag-entretenimento","10":"tag-portugal","11":"tag-pt","12":"tag-tv"},"share_on_mastodon":{"url":"https:\/\/pubeurope.com\/@pt\/115721554005924174","error":""},"_links":{"self":[{"href":"https:\/\/www.europesays.com\/pt\/wp-json\/wp\/v2\/posts\/188794","targetHints":{"allow":["GET"]}}],"collection":[{"href":"https:\/\/www.europesays.com\/pt\/wp-json\/wp\/v2\/posts"}],"about":[{"href":"https:\/\/www.europesays.com\/pt\/wp-json\/wp\/v2\/types\/post"}],"author":[{"embeddable":true,"href":"https:\/\/www.europesays.com\/pt\/wp-json\/wp\/v2\/users\/2"}],"replies":[{"embeddable":true,"href":"https:\/\/www.europesays.com\/pt\/wp-json\/wp\/v2\/comments?post=188794"}],"version-history":[{"count":0,"href":"https:\/\/www.europesays.com\/pt\/wp-json\/wp\/v2\/posts\/188794\/revisions"}],"wp:featuredmedia":[{"embeddable":true,"href":"https:\/\/www.europesays.com\/pt\/wp-json\/wp\/v2\/media\/188795"}],"wp:attachment":[{"href":"https:\/\/www.europesays.com\/pt\/wp-json\/wp\/v2\/media?parent=188794"}],"wp:term":[{"taxonomy":"category","embeddable":true,"href":"https:\/\/www.europesays.com\/pt\/wp-json\/wp\/v2\/categories?post=188794"},{"taxonomy":"post_tag","embeddable":true,"href":"https:\/\/www.europesays.com\/pt\/wp-json\/wp\/v2\/tags?post=188794"}],"curies":[{"name":"wp","href":"https:\/\/api.w.org\/{rel}","templated":true}]}}