{"id":188796,"date":"2025-12-15T03:54:11","date_gmt":"2025-12-15T03:54:11","guid":{"rendered":"https:\/\/www.europesays.com\/pt\/188796\/"},"modified":"2025-12-15T03:54:11","modified_gmt":"2025-12-15T03:54:11","slug":"fc-porto-dois-fora-do-boletim-clinico-e-zaidu-em-viagem","status":"publish","type":"post","link":"https:\/\/www.europesays.com\/pt\/188796\/","title":{"rendered":"FC Porto: dois fora do boletim cl\u00ednico e Zaidu em viagem"},"content":{"rendered":"<p>Na manh\u00e3 deste domingo, o plantel do <a class=\"autolink-enabled\" data-resource-id=\"451\" data-resource-type=\"team\" data-sport=\"football\" href=\"https:\/\/www.abola.pt\/futebol\/fc-porto-451\" rel=\"nofollow noopener\" target=\"_blank\">FC Porto<\/a> reuniu-se no CTFD Jorge Costa para a \u00faltima sess\u00e3o de prepara\u00e7\u00e3o antes do confronto com o <a class=\"autolink-enabled\" data-resource-id=\"21677\" data-resource-type=\"team\" data-sport=\"football\" href=\"https:\/\/www.abola.pt\/futebol\/estrela-da-amadora-21677\" rel=\"nofollow noopener\" target=\"_blank\">Estrela da Amadora<\/a>, marcado para as 20h45 de segunda-feira, no Est\u00e1dio do Drag\u00e3o.  <\/p>\n<p>Tal como revelou Francesco Farioli na antevis\u00e3o da partida com os tricolores, <a target=\"_blank\" class=\"editor-link autolink-enabled\" href=\"https:\/\/www.abola.pt\/futebol\/jogador\/gabri-veiga-218005\" data-resource-id=\"218005\" data-resource-type=\"player\" data-sport=\"football\" rel=\"nofollow noopener\">Gabri Veiga<\/a> e <a target=\"_blank\" class=\"editor-link autolink-enabled\" href=\"https:\/\/www.abola.pt\/futebol\/jogador\/rodrigo-mora-294483\" data-resource-id=\"294483\" data-resource-type=\"player\" data-sport=\"football\" rel=\"nofollow noopener\">Rodrigo Mora<\/a> foram dados como aptos e integraram o treino sem limita\u00e7\u00f5es. <a target=\"_blank\" class=\"editor-link autolink-enabled\" href=\"https:\/\/www.abola.pt\/futebol\/jogador\/zaidu-212639\" data-resource-id=\"212639\" data-resource-type=\"player\" data-sport=\"football\" rel=\"nofollow noopener\">Zaidu<\/a> j\u00e1 viajou para integrar o est\u00e1gio da sele\u00e7\u00e3o nigeriana, que disputar\u00e1 a Ta\u00e7a das Na\u00e7\u00f5es Africanas a partir do dia 21 de dezembro, em Marrocos.<\/p>\n","protected":false},"excerpt":{"rendered":"Na manh\u00e3 deste domingo, o plantel do FC Porto reuniu-se no CTFD Jorge Costa para a \u00faltima sess\u00e3o&hellip;\n","protected":false},"author":2,"featured_media":188797,"comment_status":"","ping_status":"","sticky":false,"template":"","format":"standard","meta":{"footnotes":""},"categories":[87],"tags":[135,32,33,134],"class_list":{"0":"post-188796","1":"post","2":"type-post","3":"status-publish","4":"format-standard","5":"has-post-thumbnail","7":"category-desporto","8":"tag-desporto","9":"tag-portugal","10":"tag-pt","11":"tag-sports"},"share_on_mastodon":{"url":"https:\/\/pubeurope.com\/@pt\/115721565961047398","error":""},"_links":{"self":[{"href":"https:\/\/www.europesays.com\/pt\/wp-json\/wp\/v2\/posts\/188796","targetHints":{"allow":["GET"]}}],"collection":[{"href":"https:\/\/www.europesays.com\/pt\/wp-json\/wp\/v2\/posts"}],"about":[{"href":"https:\/\/www.europesays.com\/pt\/wp-json\/wp\/v2\/types\/post"}],"author":[{"embeddable":true,"href":"https:\/\/www.europesays.com\/pt\/wp-json\/wp\/v2\/users\/2"}],"replies":[{"embeddable":true,"href":"https:\/\/www.europesays.com\/pt\/wp-json\/wp\/v2\/comments?post=188796"}],"version-history":[{"count":0,"href":"https:\/\/www.europesays.com\/pt\/wp-json\/wp\/v2\/posts\/188796\/revisions"}],"wp:featuredmedia":[{"embeddable":true,"href":"https:\/\/www.europesays.com\/pt\/wp-json\/wp\/v2\/media\/188797"}],"wp:attachment":[{"href":"https:\/\/www.europesays.com\/pt\/wp-json\/wp\/v2\/media?parent=188796"}],"wp:term":[{"taxonomy":"category","embeddable":true,"href":"https:\/\/www.europesays.com\/pt\/wp-json\/wp\/v2\/categories?post=188796"},{"taxonomy":"post_tag","embeddable":true,"href":"https:\/\/www.europesays.com\/pt\/wp-json\/wp\/v2\/tags?post=188796"}],"curies":[{"name":"wp","href":"https:\/\/api.w.org\/{rel}","templated":true}]}}