{"id":188800,"date":"2025-12-15T03:57:19","date_gmt":"2025-12-15T03:57:19","guid":{"rendered":"https:\/\/www.europesays.com\/pt\/188800\/"},"modified":"2025-12-15T03:57:19","modified_gmt":"2025-12-15T03:57:19","slug":"r-type-dimensions-iii-e-anunciado-para-2026-retorno-do-classico-shoot-em-up","status":"publish","type":"post","link":"https:\/\/www.europesays.com\/pt\/188800\/","title":{"rendered":"R-Type Dimensions III \u00e9 anunciado para 2026, retorno do cl\u00e1ssico shoot \u2019em up"},"content":{"rendered":"<p>A <strong>ININ Games<\/strong> anunciou oficialmente <strong>R-Type Dimensions III<\/strong>, novo t\u00edtulo da cl\u00e1ssica s\u00e9rie de shoot \u2018em up que ser\u00e1 lan\u00e7ado em <strong>maio de 2026<\/strong> para PlayStation 5, Xbox Series, Switch 2, Switch e PC via Steam. O jogo est\u00e1 sendo desenvolvido em estreita colabora\u00e7\u00e3o com a Tozai e a Irem, detentora original da licen\u00e7a.<\/p>\n<p>\u201cR-Type \u00e9 um pilar fundamental na hist\u00f3ria dos videogames, e trabalhar com a Tozai para reimaginar estes cl\u00e1ssicos nesta escala tem sido uma honra extraordin\u00e1ria\u201d, afirmou <strong>Felix Wagner<\/strong>, produtor de publica\u00e7\u00e3o da ININ Games, por meio de comunicado oficial. \u201cDimensions III \u00e9 nosso projeto de restaura\u00e7\u00e3o e moderniza\u00e7\u00e3o mais ambicioso at\u00e9 o momento, criado tanto para f\u00e3s de longa data quanto para novatos descobrindo R-Type pela primeira vez.\u201d<\/p>\n<p>Este novo cap\u00edtulo representa um marco significativo na hist\u00f3rica franquia de jogos de tiro espacial, construindo sobre o legado dos anteriores R-Type Dimensions e R-Type Dimensions EX. O projeto foi completamente reconstru\u00eddo com visuais e sons de \u00faltima gera\u00e7\u00e3o, al\u00e9m de modos de jogo expandidos.<\/p>\n<p>De acordo com a ININ Games, R-Type Dimensions III traz a intensidade, precis\u00e3o e design criativo de inimigos dos arcades originais para uma nova gera\u00e7\u00e3o. Cada fase, chef\u00e3o e padr\u00e3o de proj\u00e9teis foi recriado com gr\u00e1ficos 3D de alta qualidade, anima\u00e7\u00f5es aprimoradas e ambientes ricamente detalhados, preservando a atmosfera caracter\u00edstica que definiu a identidade da s\u00e9rie.<\/p>\n<p>Os jogadores poder\u00e3o alternar instantaneamente entre a vers\u00e3o original e a nova vers\u00e3o R-Type III a qualquer momento, oferecendo tanto autenticidade nost\u00e1lgica quanto uma reinterpreta\u00e7\u00e3o moderna impressionante. O mesmo tratamento foi aplicado \u00e0 m\u00fasica e efeitos sonoros originais.<\/p>\n<p>Entre os principais recursos do jogo est\u00e3o:<\/p>\n<ul>\n<li>Experi\u00eancia totalmente refeita com assets completamente reconstru\u00eddos<\/li>\n<li>Modo cooperativo local com novos sistemas de pontua\u00e7\u00e3o e sobreviv\u00eancia<\/li>\n<li>Modo avan\u00e7ado acess\u00edvel desde o in\u00edcio<\/li>\n<li>Controles personaliz\u00e1veis e recursos de qualidade de vida nas configura\u00e7\u00f5es<\/li>\n<li>Configura\u00e7\u00f5es de c\u00e2mera 3D (normal e insana)<\/li>\n<\/ul>\n<p>\u00a0<\/p>\n<p>Fonte: <a href=\"https:\/\/www.gematsu.com\/2025\/12\/r-type-dimensions-iii-announced-for-ps5-xbox-series-switch-2-switch-and-pc\" target=\"_blank\" rel=\"noopener nofollow\">Gematsu<\/a><\/p>\n<p><img fetchpriority=\"high\" decoding=\"async\" class=\"alignnone wp-image-405819 size-large\" src=\"data:image\/svg+xml,%3Csvg%20xmlns=\" http:=\"\" alt=\"1 12\" width=\"800\" height=\"450\" title=\"R-Type Dimensions III \u00e9 anunciado para 2026, retorno do cl\u00e1ssico shoot \u2019em up 1\" data-lazy- data-lazy- data-lazy-src=\"https:\/\/www.europesays.com\/pt\/wp-content\/uploads\/2025\/12\/1-12-1024x576.jpg\"\/><\/p>\n","protected":false},"excerpt":{"rendered":"A ININ Games anunciou oficialmente R-Type Dimensions III, novo t\u00edtulo da cl\u00e1ssica s\u00e9rie de shoot \u2018em up que&hellip;\n","protected":false},"author":2,"featured_media":188801,"comment_status":"","ping_status":"","sticky":false,"template":"","format":"standard","meta":{"footnotes":""},"categories":[84],"tags":[109,107,108,32,33,105,103,104,106,110],"class_list":{"0":"post-188800","1":"post","2":"type-post","3":"status-publish","4":"format-standard","5":"has-post-thumbnail","7":"category-ciencia-e-tecnologia","8":"tag-ciencia","9":"tag-ciencia-e-tecnologia","10":"tag-cienciaetecnologia","11":"tag-portugal","12":"tag-pt","13":"tag-science","14":"tag-science-and-technology","15":"tag-scienceandtechnology","16":"tag-technology","17":"tag-tecnologia"},"share_on_mastodon":{"url":"https:\/\/pubeurope.com\/@pt\/115721577636870242","error":""},"_links":{"self":[{"href":"https:\/\/www.europesays.com\/pt\/wp-json\/wp\/v2\/posts\/188800","targetHints":{"allow":["GET"]}}],"collection":[{"href":"https:\/\/www.europesays.com\/pt\/wp-json\/wp\/v2\/posts"}],"about":[{"href":"https:\/\/www.europesays.com\/pt\/wp-json\/wp\/v2\/types\/post"}],"author":[{"embeddable":true,"href":"https:\/\/www.europesays.com\/pt\/wp-json\/wp\/v2\/users\/2"}],"replies":[{"embeddable":true,"href":"https:\/\/www.europesays.com\/pt\/wp-json\/wp\/v2\/comments?post=188800"}],"version-history":[{"count":0,"href":"https:\/\/www.europesays.com\/pt\/wp-json\/wp\/v2\/posts\/188800\/revisions"}],"wp:featuredmedia":[{"embeddable":true,"href":"https:\/\/www.europesays.com\/pt\/wp-json\/wp\/v2\/media\/188801"}],"wp:attachment":[{"href":"https:\/\/www.europesays.com\/pt\/wp-json\/wp\/v2\/media?parent=188800"}],"wp:term":[{"taxonomy":"category","embeddable":true,"href":"https:\/\/www.europesays.com\/pt\/wp-json\/wp\/v2\/categories?post=188800"},{"taxonomy":"post_tag","embeddable":true,"href":"https:\/\/www.europesays.com\/pt\/wp-json\/wp\/v2\/tags?post=188800"}],"curies":[{"name":"wp","href":"https:\/\/api.w.org\/{rel}","templated":true}]}}