{"id":188806,"date":"2025-12-15T04:06:46","date_gmt":"2025-12-15T04:06:46","guid":{"rendered":"https:\/\/www.europesays.com\/pt\/188806\/"},"modified":"2025-12-15T04:06:46","modified_gmt":"2025-12-15T04:06:46","slug":"atriz-de-voz-de-ochako-em-my-hero-academia-partilha-sentimentos-conflituosos-sobre-fim-da-serie","status":"publish","type":"post","link":"https:\/\/www.europesays.com\/pt\/188806\/","title":{"rendered":"Atriz de voz de Ochako em My Hero Academia partilha sentimentos conflituosos sobre fim da s\u00e9rie"},"content":{"rendered":"<p style=\"text-align: center;\"><img data-recalc-dims=\"1\" fetchpriority=\"high\" decoding=\"async\" class=\"alignnone size-full wp-image-468676\" src=\"https:\/\/www.europesays.com\/pt\/wp-content\/uploads\/2025\/12\/Uraraka-Vs.-Toga-my-hero-academia-7-screenshot.jpg\" alt=\"Uraraka Vs. Toga my hero academia 7 screenshot\" width=\"696\" height=\"392\"  \/><\/p>\n<p>O anime <a href=\"https:\/\/www.otakupt.com\/tag\/my-hero-academia\/\" rel=\"nofollow noopener\" target=\"_blank\"><strong>My Hero Academia<\/strong><\/a> (Boku no Hero Academia) terminou oficialmente ontem, 13 de dezembro de 2025, depois de nove anos de emiss\u00e3o. A temporada final do anime, composta por apenas 11 epis\u00f3dios, estreou em outubro e encerrou a hist\u00f3ria de Izuku Midoriya e da Classe 1-A com um ep\u00edlogo focado nas consequ\u00eancias da brutal guerra final contra os vil\u00f5es.<\/p>\n<p><strong>Ayane Sakura<\/strong>, a atriz de voz japonesa que deu vida a<strong> Ochako Uraraka<\/strong> desde o in\u00edcio da s\u00e9rie em 2016, partilhou numa <a href=\"https:\/\/en.mantan-web.jp\/e_article\/20251211dog00m200063000c.html\" rel=\"nofollow noopener\" target=\"_blank\">entrevista ao Mantan Web<\/a> os seus sentimentos profundamente ambivalentes sobre o encerramento do anime. As suas palavras refletem a experi\u00eancia emocional de uma despedida que foi simultaneamente aguardada e temida.<\/p>\n<p><strong>Ayane Sakura<\/strong> afirmou:<\/p>\n<p>\u201cPassaram quase 10 anos desde a primeira temporada do anime, mas para Ochako e os outros, foi apenas cerca de um ano, e as personagens est\u00e3o a viver vidas que s\u00e3o uma vers\u00e3o condensada das emo\u00e7\u00f5es que sentimos com as nossas personagens, por isso quando penso nisso, sinto-me bastante sobrecarregada. Sinto-me t\u00e3o conflituosa, com todo o tipo de emo\u00e7\u00f5es misturadas: a questionar-me se finalmente est\u00e1 a chegar ao fim, e a querer que todos fiquem aliviados em breve\u201d.<\/p>\n<p>Esta tens\u00e3o entre o tempo narrativo e o tempo real \u00e9 particularmente interessante quando se considera que o anime acompanhou estas personagens desde 2016, mas na hist\u00f3ria, Deku e os seus colegas viveram apenas cerca de um ano desde que entraram na U.A. High School. Para os atores de voz que investiram quase uma d\u00e9cada nas suas personagens, o contraste \u00e9 especialmente marcante.<\/p>\n<p><strong>A cena que a assombrou durante anos<\/strong><\/p>\n<p>O pen\u00faltimo epis\u00f3dio da s\u00e9rie, transmitido a 6 de dezembro, centrou-se em Ochako a lidar com os seus conflitos internos ap\u00f3s a batalha, especialmente relacionados com a morte de Himiko Toga. Esta era uma cena que Sakura aguardava h\u00e1 muito tempo: \u201cEstava \u00e0 espera desta cena, onde Ochako ainda n\u00e3o organizou os seus sentimentos, por isso tinha estado a incomodar-me durante muito tempo\u201d.<\/p>\n<p>Sakura revelou que chegou ao est\u00fadio de grava\u00e7\u00e3o sem ter ela pr\u00f3pria organizado as suas emo\u00e7\u00f5es: \u201cEu pr\u00f3pria fui para o est\u00fadio de grava\u00e7\u00e3o sem ter organizado as minhas emo\u00e7\u00f5es de todo. Os outros membros do elenco disseram: \u2018Estou curiosa para ver como vais atuar\u2019, mas eu estava tipo: \u2018Tamb\u00e9m n\u00e3o tenho a certeza\u2019, por isso preparei-me minuciosamente e depois apenas segui o fluxo\u2026 Sinto que sou o tipo de pessoa que se prepara minuciosamente antes de gravar, mas nenhuma das emo\u00e7\u00f5es que tinha preparado parecia certa\u201d.<\/p>\n<p>A morte de Himiko Toga \u00e9 um dos maiores pontos de viragem na vida de Ochako. A rela\u00e7\u00e3o complexa entre as duas, uma hero\u00edna em forma\u00e7\u00e3o e uma vil\u00e3 que apenas queria ser compreendida, culminou num sacrif\u00edcio que deixou Ochako com sentimentos profundos de culpa e pesar. A s\u00e9rie n\u00e3o se esqueceu de dar a Ochako a conclus\u00e3o de que precisava, especialmente depois de ter falhado em seguir em frente ap\u00f3s a trag\u00e9dia.<\/p>\n<blockquote class=\"wp-embedded-content\" data-secret=\"nKqCAfSBvO\">\n<p><a href=\"https:\/\/www.otakupt.com\/figuras\/banpresto-lanca-figura-que-imortaliza-o-momento-tragico-entre-ochaco-uraraka-e-himiko-toga\/\" rel=\"nofollow noopener\" target=\"_blank\">Banpresto lan\u00e7a figura que imortaliza o momento tr\u00e1gico entre Ochaco Uraraka e Himiko Toga<\/a><\/p>\n<\/blockquote>\n<p><strong>L\u00e1grimas durante toda a grava\u00e7\u00e3o<\/strong><\/p>\n<p>Quando Sakura gravou pela primeira vez a cena da morte de Toga na temporada 7, em outubro de 2024, a experi\u00eancia foi devastadora. Numa <a href=\"https:\/\/en.mantan-web.jp\/e_article\/20241004dog00m200052000c.html\" rel=\"nofollow noopener\" target=\"_blank\">entrevista anterior ao Mantan Web<\/a>, ela descreveu o processo: \u201cEstava a chorar o tempo todo. Durante a grava\u00e7\u00e3o, mal conseguia ver as palavras no gui\u00e3o e quase n\u00e3o tenho mem\u00f3ria disso. Apenas o rosto de Toga no storyboard est\u00e1 gravado na minha mente. N\u00e3o foi tanto atua\u00e7\u00e3o, mas senti que estava perto do sentimento de estar viva\u201d.<\/p>\n<p><strong>Misato Fukuen<\/strong>, a atriz de voz de Himiko Toga, teve uma experi\u00eancia igualmente intensa: \u201cHonestamente, as minhas mem\u00f3rias est\u00e3o espalhadas. Lembro-me de pensar \u2018a minha garganta est\u00e1 prestes a ceder\u2019 a meio. Depois da grava\u00e7\u00e3o, a minha voz ficou dorida durante dois ou tr\u00eas dias\u201d.<\/p>\n<p>As duas atrizes sentaram-se lado a lado durante a grava\u00e7\u00e3o, mas deixaram um pequeno espa\u00e7o entre elas. Como Sakura explicou: \u201cAquele bocadinho de dist\u00e2ncia, enquanto est\u00e1vamos sentadas lado a lado, pareceu perfeito e permitiu-me concentrar-me totalmente na sess\u00e3o\u201d.<\/p>\n<p><strong>Uma temporada final surpreendentemente curta<\/strong><\/p>\n<p>A oitava e \u00faltima temporada de <strong>My Hero Academia<\/strong> estreou a 4 de outubro de 2025 e concluiu ontem com apenas 11 epis\u00f3dios, tornando-se na temporada mais curta da s\u00e9rie. A temporada cobriu o resto do Final War Arc e a maioria do Epilogue Arc, apresentando as batalhas clim\u00e1ticas finais entre All Might e All For One, e entre Izuku Midoriya e Tomura Shigaraki.<\/p>\n<p>O criador da s\u00e9rie,<strong> Kohei Horikoshi<\/strong>, esteve significativamente mais envolvido na produ\u00e7\u00e3o desta temporada final do que nas anteriores. Ele supervisionou o processo de escrita dos gui\u00f5es, enviou esbo\u00e7os ao est\u00fadio e ofereceu sugest\u00f5es para cenas extra a serem adicionadas ao anime que n\u00e3o estavam inclu\u00eddas no mang\u00e1.<\/p>\n<p>A m\u00fasica tema de abertura \u00e9 <strong>The Revo<\/strong>, interpretada pela banda <strong>Porno Graffitti<\/strong>, que curiosamente tamb\u00e9m foi a banda respons\u00e1vel pelo tema de abertura da primeira temporada, <strong>The Day<\/strong>, criando uma simetria perfeita. O tema de encerramento, <strong>I<\/strong>, \u00e9 interpretado pelos <strong>Bump of Chicken<\/strong>.<\/p>\n<p><strong>Um evento especial de despedida<\/strong><\/p>\n<p>Para marcar o fim da s\u00e9rie, um evento teatral especial intitulado <strong>My Hero Academia Final Season: Ultra Screening<\/strong> foi realizado em 12 cinemas japoneses no dia 13 de dezembro, apresentando todos os epis\u00f3dios da temporada final, incluindo o epis\u00f3dio final que coincidiu com a transmiss\u00e3o televisiva.<\/p>\n<p>A s\u00e9rie terminou com o epis\u00f3dio 11, que foi o epis\u00f3dio 170 no total. O epis\u00f3dio final cobre os dias que antecederam a formatura de Deku e dos seus amigos, a cerim\u00f3nia de formatura e as consequ\u00eancias. Oito anos passaram desde que Deku derrotou All For One e inspirou as pessoas a \u201cfazer algo\u201d. Esta \u00e9 a hist\u00f3ria de como eles se tornaram nos maiores her\u00f3is.<\/p>\n","protected":false},"excerpt":{"rendered":"O anime My Hero Academia (Boku no Hero Academia) terminou oficialmente ontem, 13 de dezembro de 2025, depois&hellip;\n","protected":false},"author":2,"featured_media":188807,"comment_status":"","ping_status":"","sticky":false,"template":"","format":"standard","meta":{"footnotes":""},"categories":[142],"tags":[114,115,32,33,151],"class_list":{"0":"post-188806","1":"post","2":"type-post","3":"status-publish","4":"format-standard","5":"has-post-thumbnail","7":"category-tv","8":"tag-entertainment","9":"tag-entretenimento","10":"tag-portugal","11":"tag-pt","12":"tag-tv"},"share_on_mastodon":{"url":"https:\/\/pubeurope.com\/@pt\/115721613364187649","error":""},"_links":{"self":[{"href":"https:\/\/www.europesays.com\/pt\/wp-json\/wp\/v2\/posts\/188806","targetHints":{"allow":["GET"]}}],"collection":[{"href":"https:\/\/www.europesays.com\/pt\/wp-json\/wp\/v2\/posts"}],"about":[{"href":"https:\/\/www.europesays.com\/pt\/wp-json\/wp\/v2\/types\/post"}],"author":[{"embeddable":true,"href":"https:\/\/www.europesays.com\/pt\/wp-json\/wp\/v2\/users\/2"}],"replies":[{"embeddable":true,"href":"https:\/\/www.europesays.com\/pt\/wp-json\/wp\/v2\/comments?post=188806"}],"version-history":[{"count":0,"href":"https:\/\/www.europesays.com\/pt\/wp-json\/wp\/v2\/posts\/188806\/revisions"}],"wp:featuredmedia":[{"embeddable":true,"href":"https:\/\/www.europesays.com\/pt\/wp-json\/wp\/v2\/media\/188807"}],"wp:attachment":[{"href":"https:\/\/www.europesays.com\/pt\/wp-json\/wp\/v2\/media?parent=188806"}],"wp:term":[{"taxonomy":"category","embeddable":true,"href":"https:\/\/www.europesays.com\/pt\/wp-json\/wp\/v2\/categories?post=188806"},{"taxonomy":"post_tag","embeddable":true,"href":"https:\/\/www.europesays.com\/pt\/wp-json\/wp\/v2\/tags?post=188806"}],"curies":[{"name":"wp","href":"https:\/\/api.w.org\/{rel}","templated":true}]}}