{"id":188810,"date":"2025-12-15T04:10:15","date_gmt":"2025-12-15T04:10:15","guid":{"rendered":"https:\/\/www.europesays.com\/pt\/188810\/"},"modified":"2025-12-15T04:10:15","modified_gmt":"2025-12-15T04:10:15","slug":"brasileiro-cria-aedes-incapaz-de-transmitir-doencas-e-vira-destaque-da-ciencia-em-2025","status":"publish","type":"post","link":"https:\/\/www.europesays.com\/pt\/188810\/","title":{"rendered":"Brasileiro cria Aedes incapaz de transmitir doen\u00e7as e vira destaque da ci\u00eancia em 2025"},"content":{"rendered":"<p>\n\t\t\t\t\t\tAedes aegypti \u00e9 transmissor de doen\u00e7as como dengue, chikungunya e zika \/ Divulga\u00e7\u00e3o\/GovernoSP\n\t\t\t\t\t<\/p>\n<p data-end=\"149\" data-start=\"0\">O brasileiro e pesquisador Luciano Moreira foi escolhido para integrar o grupo de dez pessoas que transformaram e moldaram a ci\u00eancia mundial em 2025.<\/p>\n<p><strong>Fa\u00e7a parte do grupo do Di\u00e1rio no <\/strong><a href=\"https:\/\/bit.ly\/CanalDiarioDoLitoral\" target=\"_blank\" rel=\"nofollow noopener\">WhatsApp<\/a> <strong>e<\/strong> <a href=\"https:\/\/t.me\/diariodolitoral\" target=\"_blank\" rel=\"nofollow\">Telegram<\/a><strong>.<br \/>Mantenha-se bem informado.<\/strong><\/p>\n<p data-end=\"259\" data-start=\"151\">A sele\u00e7\u00e3o foi feita pela renomada e influente revista Nature, refer\u00eancia no meio cient\u00edfico internacional.\n\t\t\t<\/p>\n<p class=\"texto-continue listagem-detalhe\">Continua depois da publicidade<\/p>\n<p data-end=\"470\" data-start=\"261\">A ideia do pesquisador tem potencial para revolucionar a <a href=\"https:\/\/www.diariodolitoral.com.br\/tags\/saude\/\" rel=\"nofollow noopener\" target=\"_blank\">sa\u00fade<\/a> p\u00fablica no <a href=\"https:\/\/www.diariodolitoral.com.br\/tags\/brasil\/\" rel=\"nofollow noopener\" target=\"_blank\">Brasil<\/a>. Seu principal projeto busca eliminar doen\u00e7as como dengue, zika e chikungunya, todas transmitidas pelo mosquito Aedes aegypti.<\/p>\n<p><img decoding=\"async\" src=\"https:\/\/www.diariodolitoral.com.br\/application\/themes\/diariodolitoral.com.br\/images\/icone_arrow_2.svg\" loading=\"lazy\" alt=\"Anterior\" class=\"seta-galeria\"\/><img decoding=\"async\" src=\"https:\/\/www.diariodolitoral.com.br\/application\/themes\/diariodolitoral.com.br\/images\/icone_arrow_1.svg\" loading=\"lazy\" alt=\"Pr\u00f3xima\" class=\"seta-galeria\"\/><\/p>\n<p data-end=\"695\" data-start=\"472\">O trabalho desenvolvido em laborat\u00f3rio durou cerca de 17 anos e resultou na cria\u00e7\u00e3o de uma vers\u00e3o modificada do mosquito. Trata-se, sim, de um Aedes \u201cturbinado\u201d, com caracter\u00edsticas adicionais em rela\u00e7\u00e3o \u00e0 vers\u00e3o natural.\n\t\t\t<\/p>\n<p class=\"texto-continue listagem-detalhe\">Continua depois da publicidade<\/p>\n<p data-end=\"857\" data-start=\"697\">O pesquisador conseguiu introduzir uma bact\u00e9ria no mosquito que impede a reprodu\u00e7\u00e3o dos v\u00edrus em seu organismo, tornando-o muito menos nocivo aos seres humanos.<\/p>\n<p data-end=\"984\" data-start=\"859\">Atualmente, esses mosquitos j\u00e1 est\u00e3o presentes em 16 cidades, onde os casos de dengue foram reduzidos em aproximadamente 89%.<\/p>\n<p data-end=\"1157\" data-is-last-node=\"\" data-is-only-node=\"\" data-start=\"986\">Vale destacar que todas as f\u00eameas que carregam essa bact\u00e9ria a transmitem para seus filhotes. Os insetos continuam vivos, mas deixam de ser vetores eficientes das doen\u00e7as.\n\t\t\t<\/p>\n<p class=\"texto-continue listagem-detalhe\">Continua depois da publicidade<\/p>\n","protected":false},"excerpt":{"rendered":"Aedes aegypti \u00e9 transmissor de doen\u00e7as como dengue, chikungunya e zika \/ Divulga\u00e7\u00e3o\/GovernoSP O brasileiro e pesquisador Luciano&hellip;\n","protected":false},"author":2,"featured_media":188811,"comment_status":"","ping_status":"","sticky":false,"template":"","format":"standard","meta":{"footnotes":""},"categories":[86],"tags":[726,116,32,33,117],"class_list":{"0":"post-188810","1":"post","2":"type-post","3":"status-publish","4":"format-standard","5":"has-post-thumbnail","7":"category-saude","8":"tag-brasil","9":"tag-health","10":"tag-portugal","11":"tag-pt","12":"tag-saude"},"share_on_mastodon":{"url":"https:\/\/pubeurope.com\/@pt\/115721629208863674","error":""},"_links":{"self":[{"href":"https:\/\/www.europesays.com\/pt\/wp-json\/wp\/v2\/posts\/188810","targetHints":{"allow":["GET"]}}],"collection":[{"href":"https:\/\/www.europesays.com\/pt\/wp-json\/wp\/v2\/posts"}],"about":[{"href":"https:\/\/www.europesays.com\/pt\/wp-json\/wp\/v2\/types\/post"}],"author":[{"embeddable":true,"href":"https:\/\/www.europesays.com\/pt\/wp-json\/wp\/v2\/users\/2"}],"replies":[{"embeddable":true,"href":"https:\/\/www.europesays.com\/pt\/wp-json\/wp\/v2\/comments?post=188810"}],"version-history":[{"count":0,"href":"https:\/\/www.europesays.com\/pt\/wp-json\/wp\/v2\/posts\/188810\/revisions"}],"wp:featuredmedia":[{"embeddable":true,"href":"https:\/\/www.europesays.com\/pt\/wp-json\/wp\/v2\/media\/188811"}],"wp:attachment":[{"href":"https:\/\/www.europesays.com\/pt\/wp-json\/wp\/v2\/media?parent=188810"}],"wp:term":[{"taxonomy":"category","embeddable":true,"href":"https:\/\/www.europesays.com\/pt\/wp-json\/wp\/v2\/categories?post=188810"},{"taxonomy":"post_tag","embeddable":true,"href":"https:\/\/www.europesays.com\/pt\/wp-json\/wp\/v2\/tags?post=188810"}],"curies":[{"name":"wp","href":"https:\/\/api.w.org\/{rel}","templated":true}]}}