{"id":188843,"date":"2025-12-15T04:54:11","date_gmt":"2025-12-15T04:54:11","guid":{"rendered":"https:\/\/www.europesays.com\/pt\/188843\/"},"modified":"2025-12-15T04:54:11","modified_gmt":"2025-12-15T04:54:11","slug":"dynamic-island-do-iphone-18-pro-deve-encolher-com-face-id-sob-a-tela-em-2026-mix-vale","status":"publish","type":"post","link":"https:\/\/www.europesays.com\/pt\/188843\/","title":{"rendered":"Dynamic Island do iPhone 18 Pro deve encolher com Face ID sob a tela em 2026 \u2013 Mix Vale"},"content":{"rendered":"<p>Foto: Bangkok, Thailand &#8211; October 18, 2023: Close Caixa iphone apple &#8211; Foto: dontree_m\/istock<\/p>\n<p>A Apple est\u00e1 preparando uma transforma\u00e7\u00e3o significativa para os modelos iPhone 18 Pro e Pro Max, com a meta de integrar o sistema Face ID diretamente sob a tela. Esta inova\u00e7\u00e3o, projetada para ser lan\u00e7ada em setembro de 2026, visa proporcionar uma experi\u00eancia de visualiza\u00e7\u00e3o mais imersiva, eliminando as bordas e entalhes tradicionais. O movimento estrat\u00e9gico representa um avan\u00e7o crucial na busca por um design de tela completa, otimizando o espa\u00e7o e a intera\u00e7\u00e3o do usu\u00e1rio com o dispositivo. A empresa tem investido pesado em pesquisa e desenvolvimento para superar os desafios t\u00e9cnicos inerentes a essa tecnologia, prometendo uma integra\u00e7\u00e3o quase invis\u00edvel.<\/p>\n<p>Essa evolu\u00e7\u00e3o tecnol\u00f3gica trar\u00e1 consigo uma s\u00e9rie de benef\u00edcios funcionais e est\u00e9ticos, impactando diretamente a forma como os usu\u00e1rios interagem com seus smartphones. A implementa\u00e7\u00e3o do Face ID sob o display \u00e9 um marco importante para:<\/p>\n<p><img loading=\"lazy\" onerror=\"this.onerror=null;this.src=\" https:=\"\" decoding=\"async\" width=\"1082\" height=\"720\" src=\"https:\/\/www.mixvale.com.br\/wp-content\/uploads\/2025\/11\/Apple-caixa-iphone.jpg.avif\" alt=\"Apple caixa, iphone\" class=\"wp-image-2692104\"  \/>\u30ea\u30f3\u30b4\u306e\u7bb1\u3001iPhone \u2013 atracurium_\/ iStock<\/p>\n<li>Maximizar o espa\u00e7o \u00fatil da tela<\/li>\n<li>Aprimorar a est\u00e9tica do aparelho<\/li>\n<li>Oferecer uma experi\u00eancia mais fluida e sem interrup\u00e7\u00f5es visuais<\/li>\n<p>Tecnologia Face ID sob a tela<\/p>\n<p>O Face ID, introduzido pela Apple no iPhone X em 2017, revolucionou a autentica\u00e7\u00e3o biom\u00e9trica com sua tecnologia de sensor 3D. Este sistema ofereceu um m\u00e9todo de seguran\u00e7a robusto e conveniente, superando as abordagens 2D anteriores em termos de precis\u00e3o e confiabilidade. A tecnologia se estabeleceu como um pilar fundamental da identidade dos iPhones de ponta da Apple desde ent\u00e3o.<\/p>\n<p>Atualmente, prot\u00f3tipos em desenvolvimento utilizam sensores invis\u00edveis, conseguindo reduzir a \u00e1rea do entalhe em at\u00e9 50%. A equipe de engenharia da Apple tem se dedicado a equilibrar a performance do sensor com a transpar\u00eancia da tela, um desafio t\u00e9cnico complexo que exige inova\u00e7\u00f5es significativas em materiais e processos de fabrica\u00e7\u00e3o.<\/p>\n<p>Redu\u00e7\u00e3o da Dynamic Island e design inovador<\/p>\n<p>A Dynamic Island, apresentada em 2022, passar\u00e1 por uma grande reformula\u00e7\u00e3o. Com a migra\u00e7\u00e3o do Face ID para debaixo da tela, o pequeno recorte que hoje abriga a c\u00e2mera frontal ser\u00e1 drasticamente diminu\u00eddo, podendo at\u00e9 desaparecer completamente, rumo a um design de tela totalmente limpo.<\/p>\n<p>Esta mudan\u00e7a representa um passo decisivo da Apple em dire\u00e7\u00e3o ao conceito de \u201ctela infinita\u201d, onde a superf\u00edcie de visualiza\u00e7\u00e3o domina a parte frontal do aparelho. Relat\u00f3rios de mercado indicam que o objetivo final \u00e9 integrar at\u00e9 mesmo a c\u00e2mera frontal em um discreto furo na parte superior do display, maximizando o espa\u00e7o para conte\u00fado e aplicativos.<\/p>\n<p>O chip A20 e o desempenho futuro<\/p>\n<p>O novo chip A20, que equipar\u00e1 os pr\u00f3ximos iPhones e ser\u00e1 fabricado pela TSMC utilizando o processo de 2 nan\u00f4metros, promete um aumento de performance de 20% em rela\u00e7\u00e3o ao A18. Essa melhoria resultar\u00e1 em maior velocidade e efici\u00eancia energ\u00e9tica, elevando o patamar de desempenho dos iPhones.<\/p>\n<p>Este novo processador ser\u00e1 crucial para suportar as capacidades de intelig\u00eancia artificial de alta demanda, garantindo que os dispositivos possam lidar com tarefas complexas de forma fluida. A efici\u00eancia aprimorada tamb\u00e9m contribuir\u00e1 para uma gest\u00e3o de bateria mais eficaz, um benef\u00edcio direto para os usu\u00e1rios.<\/p>\n<p>C\u00e2meras e armazenamento aprimorados<\/p>\n<p>As c\u00e2meras traseiras dos modelos Pro apresentar\u00e3o uma abertura vari\u00e1vel, ajust\u00e1vel entre f\/1.4 e f\/4.0. Essa flexibilidade permitir\u00e1 uma capta\u00e7\u00e3o de luz superior em diversas condi\u00e7\u00f5es, resultando em imagens mais n\u00edtidas e detalhadas, desde ambientes muito iluminados at\u00e9 cen\u00e1rios de baixa luminosidade.<\/p>\n<p>Essa inova\u00e7\u00e3o fotogr\u00e1fica garantir\u00e1 que os usu\u00e1rios possam registrar momentos com qualidade profissional, independentemente do ambiente. A capacidade de adaptar a abertura da lente eleva a versatilidade do iPhone como ferramenta de fotografia m\u00f3vel, atendendo \u00e0s expectativas dos consumidores mais exigentes.<\/p>\n<p>Al\u00e9m disso, o armazenamento Hyperboost nos modelos Pro aumentar\u00e1 a velocidade de processamento de dados em 30%. Isso se traduz em uma experi\u00eancia de jogos de alto desempenho mais suave, carregamento de aplicativos mais r\u00e1pido e downloads de arquivos maiores em menos tempo, otimizando a produtividade e o entretenimento.<\/p>\n<p>Bateria de longa dura\u00e7\u00e3o e estrat\u00e9gia de lan\u00e7amento<\/p>\n<p>A bateria do iPhone 18 Pro Max adotar\u00e1 a tecnologia de empilhamento, projetada para manter 90% de sua capacidade original ap\u00f3s mil ciclos de carga. Essa durabilidade aprimorada visa oferecer uma vida \u00fatil de bateria significativamente mais longa e um desempenho consistente ao longo do tempo.<\/p>\n<p>Esta caracter\u00edstica ser\u00e1 um grande atrativo para usu\u00e1rios que buscam um smartphone de uso prolongado, garantindo que o dispositivo mantenha sua efici\u00eancia por mais tempo. A inova\u00e7\u00e3o em baterias refor\u00e7a o compromisso da Apple com a sustentabilidade e a satisfa\u00e7\u00e3o do cliente.<\/p>\n<p>A estrat\u00e9gia de lan\u00e7amento da s\u00e9rie iPhone 18 da Apple ser\u00e1 escalonada. Os modelos Pro e Pro Max est\u00e3o previstos para 2026, enquanto os modelos n\u00e3o-Pro dever\u00e3o chegar ao mercado em 2027. Essa abordagem permite \u00e0 empresa otimizar os processos de teste e a gest\u00e3o da cadeia de suprimentos.<\/p>\n<p>Seguran\u00e7a e usabilidade aprimoradas<\/p>\n<p>O sistema Face ID sob a tela, conforme proje\u00e7\u00f5es, atingir\u00e1 uma taxa de erro de apenas um em um milh\u00e3o, solidificando o compromisso da Apple com a seguran\u00e7a. Os sensores sub-tela operar\u00e3o em apenas 60 milissegundos, proporcionando uma experi\u00eancia de desbloqueio instant\u00e2nea e sem interrup\u00e7\u00f5es para o usu\u00e1rio.<\/p>\n<p>[[_0]<\/p>\n<p>A velocidade de reconhecimento do Touch ID, caso seja integrado em modelos n\u00e3o-Pro de 2026, aumentar\u00e1 em 95%, acelerando o acesso a aplicativos e softwares essenciais.<\/p>\n<p>[[_0]<\/p>\n<p>A Apple tamb\u00e9m aprimorar\u00e1 os recursos de acessibilidade, como o VoiceOver, garantindo que esta tecnologia inovadora seja inclusiva e acess\u00edvel a todos os usu\u00e1rios, independentemente de suas necessidades.<\/p>\n","protected":false},"excerpt":{"rendered":"Foto: Bangkok, Thailand &#8211; October 18, 2023: Close Caixa iphone apple &#8211; Foto: dontree_m\/istock A Apple est\u00e1 preparando&hellip;\n","protected":false},"author":2,"featured_media":188844,"comment_status":"","ping_status":"","sticky":false,"template":"","format":"standard","meta":{"footnotes":""},"categories":[84],"tags":[109,107,108,32,33,105,103,104,106,110],"class_list":{"0":"post-188843","1":"post","2":"type-post","3":"status-publish","4":"format-standard","5":"has-post-thumbnail","7":"category-ciencia-e-tecnologia","8":"tag-ciencia","9":"tag-ciencia-e-tecnologia","10":"tag-cienciaetecnologia","11":"tag-portugal","12":"tag-pt","13":"tag-science","14":"tag-science-and-technology","15":"tag-scienceandtechnology","16":"tag-technology","17":"tag-tecnologia"},"share_on_mastodon":{"url":"https:\/\/pubeurope.com\/@pt\/115721802052873421","error":""},"_links":{"self":[{"href":"https:\/\/www.europesays.com\/pt\/wp-json\/wp\/v2\/posts\/188843","targetHints":{"allow":["GET"]}}],"collection":[{"href":"https:\/\/www.europesays.com\/pt\/wp-json\/wp\/v2\/posts"}],"about":[{"href":"https:\/\/www.europesays.com\/pt\/wp-json\/wp\/v2\/types\/post"}],"author":[{"embeddable":true,"href":"https:\/\/www.europesays.com\/pt\/wp-json\/wp\/v2\/users\/2"}],"replies":[{"embeddable":true,"href":"https:\/\/www.europesays.com\/pt\/wp-json\/wp\/v2\/comments?post=188843"}],"version-history":[{"count":0,"href":"https:\/\/www.europesays.com\/pt\/wp-json\/wp\/v2\/posts\/188843\/revisions"}],"wp:featuredmedia":[{"embeddable":true,"href":"https:\/\/www.europesays.com\/pt\/wp-json\/wp\/v2\/media\/188844"}],"wp:attachment":[{"href":"https:\/\/www.europesays.com\/pt\/wp-json\/wp\/v2\/media?parent=188843"}],"wp:term":[{"taxonomy":"category","embeddable":true,"href":"https:\/\/www.europesays.com\/pt\/wp-json\/wp\/v2\/categories?post=188843"},{"taxonomy":"post_tag","embeddable":true,"href":"https:\/\/www.europesays.com\/pt\/wp-json\/wp\/v2\/tags?post=188843"}],"curies":[{"name":"wp","href":"https:\/\/api.w.org\/{rel}","templated":true}]}}