{"id":188846,"date":"2025-12-15T04:59:10","date_gmt":"2025-12-15T04:59:10","guid":{"rendered":"https:\/\/www.europesays.com\/pt\/188846\/"},"modified":"2025-12-15T04:59:10","modified_gmt":"2025-12-15T04:59:10","slug":"de-ferias-neymar-organiza-surpresa-para-bruna-biancardi-em-balada","status":"publish","type":"post","link":"https:\/\/www.europesays.com\/pt\/188846\/","title":{"rendered":"De f\u00e9rias, Neymar organiza surpresa para Bruna Biancardi em balada"},"content":{"rendered":"<p data-start=\"189\" data-end=\"522\">Durante a noite do \u00faltimo s\u00e1bado (13), <a href=\"https:\/\/natelinha.uol.com.br\/famosos\/tudo-sobre\/neymar\" rel=\"nofollow noopener\" target=\"_blank\">Neymar<\/a> organizou uma surpresa para <a href=\"https:\/\/natelinha.uol.com.br\/famosos\/tudo-sobre\/bruna-biancardi\" rel=\"nofollow noopener\" target=\"_blank\">Bruna Biancardi<\/a> ao comprar bebidas e solicitar que a entrega fosse feita com um show pirot\u00e9cnico e um cartaz com a inscri\u00e7\u00e3o Bru na Cozinha, nome do canal mantido pela influenciadora no YouTube. A a\u00e7\u00e3o ocorreu enquanto o casal aproveitava uma sa\u00edda noturna.<\/p>\n<p data-start=\"524\" data-end=\"921\">Segundo o relato de Bruna Biancardi, a surpresa chamou aten\u00e7\u00e3o no local. A influenciadora afirmou que ficou sem gra\u00e7a com a situa\u00e7\u00e3o, mas foi incentivada pelo marido a se posicionar ao lado do cartaz e apontar para a divulga\u00e7\u00e3o do canal. Ao comentar o epis\u00f3dio, ela disse que o marido costuma fazer brincadeiras semelhantes e classificou o momento como \u201cfofinho\u201d, apesar do constrangimento inicial.<\/p>\n<p data-start=\"524\" data-end=\"921\">+\u00a0<a href=\"https:\/\/natelinha.uol.com.br\/famosos\/2025\/12\/10\/apos-salvar-o-santos-da-serie-b-neymar-escolhe-destino-de-ferias--235079.php\" target=\"_blank\" rel=\"noopener noreferrer nofollow\">Ap\u00f3s salvar o Santos da S\u00e9rie B, Neymar escolhe destino de f\u00e9rias <\/a><\/p>\n<p data-start=\"923\" data-end=\"1214\">Neymar entrou oficialmente em per\u00edodo de f\u00e9rias no domingo (7), ap\u00f3s disputar a \u00faltima partida do Santos pelo Campeonato Brasileiro. A previs\u00e3o \u00e9 de que o jogador se reapresente em 26 de dezembro, considerando que a equipe tem estreia marcada no Campeonato Paulista para o dia 11 de janeiro.<\/p>\n<p data-start=\"1216\" data-end=\"1600\">Desde o in\u00edcio da folga, o jogador tem passado parte do tempo com amigos. Em uma das ocasi\u00f5es, circulou pelas ruas de Nova York usando uma roupa descrita como \u201ccamuflada\u201d, com o objetivo de n\u00e3o ser reconhecido.<\/p>\n<p data-start=\"1216\" data-end=\"1600\">O epis\u00f3dio foi comentado pelo jogador Nen\u00ea, que ironizou a situa\u00e7\u00e3o ao afirmar \u201cMiss\u00e3o cumprida\u201d, ao destacar que Neymar n\u00e3o foi identificado enquanto caminhava pela cidade.<\/p>\n<p>Neymar e sua temporada<\/p>\n<p><img decoding=\"async\" loading=\"lazy\" class=\"horizontal\" src=\"https:\/\/www.europesays.com\/pt\/wp-content\/uploads\/2025\/12\/neymar-tem-mensagens-expostas_9392.jpeg\" alt=\"imagem-texto\"\/><\/p>\n<p data-start=\"1602\" data-end=\"1893\">O ano de 2025 foi marcado por dificuldades para o atleta. Neymar enfrentou uma sequ\u00eancia de contus\u00f5es ao longo da temporada e acompanhou o Santos disputar partidas decisivas na luta contra o rebaixamento. Al\u00e9m disso, n\u00e3o foi convocado por Carlos Ancelotti para integrar a sele\u00e7\u00e3o brasileira.<\/p>\n<p data-start=\"1602\" data-end=\"1893\">+\u00a0<a href=\"https:\/\/natelinha.uol.com.br\/a-fazenda\/2025\/12\/10\/a-fazenda-duda-acusa-saory-de-ter-sido-amante-de-neymar-e-gabigol-235075.php\" target=\"_blank\" rel=\"noopener noreferrer nofollow\">A Fazenda: Duda acusa Saory de ter sido amante de Neymar e Gabigol<\/a><\/p>\n<p data-start=\"1895\" data-end=\"2201\" data-is-last-node=\"\" data-is-only-node=\"\">De acordo com o pr\u00f3prio planejamento do jogador, a expectativa \u00e9 utilizar o primeiro semestre para recuperar a forma f\u00edsica e voltar a ser considerado para a sele\u00e7\u00e3o. Ancelotti j\u00e1 comunicou que Neymar poder\u00e1 ser convocado caso esteja em boas condi\u00e7\u00f5es f\u00edsicas, com foco na disputa da Copa do Mundo de 2026.<\/p>\n","protected":false},"excerpt":{"rendered":"Durante a noite do \u00faltimo s\u00e1bado (13), Neymar organizou uma surpresa para Bruna Biancardi ao comprar bebidas e&hellip;\n","protected":false},"author":2,"featured_media":188847,"comment_status":"","ping_status":"","sticky":false,"template":"","format":"standard","meta":{"footnotes":""},"categories":[145],"tags":[4290,211,210,114,115,1996,32,33],"class_list":{"0":"post-188846","1":"post","2":"type-post","3":"status-publish","4":"format-standard","5":"has-post-thumbnail","7":"category-celebridades","8":"tag-bruna-biancardi","9":"tag-celebridades","10":"tag-celebrities","11":"tag-entertainment","12":"tag-entretenimento","13":"tag-neymar","14":"tag-portugal","15":"tag-pt"},"share_on_mastodon":{"url":"https:\/\/pubeurope.com\/@pt\/115721821933591105","error":""},"_links":{"self":[{"href":"https:\/\/www.europesays.com\/pt\/wp-json\/wp\/v2\/posts\/188846","targetHints":{"allow":["GET"]}}],"collection":[{"href":"https:\/\/www.europesays.com\/pt\/wp-json\/wp\/v2\/posts"}],"about":[{"href":"https:\/\/www.europesays.com\/pt\/wp-json\/wp\/v2\/types\/post"}],"author":[{"embeddable":true,"href":"https:\/\/www.europesays.com\/pt\/wp-json\/wp\/v2\/users\/2"}],"replies":[{"embeddable":true,"href":"https:\/\/www.europesays.com\/pt\/wp-json\/wp\/v2\/comments?post=188846"}],"version-history":[{"count":0,"href":"https:\/\/www.europesays.com\/pt\/wp-json\/wp\/v2\/posts\/188846\/revisions"}],"wp:featuredmedia":[{"embeddable":true,"href":"https:\/\/www.europesays.com\/pt\/wp-json\/wp\/v2\/media\/188847"}],"wp:attachment":[{"href":"https:\/\/www.europesays.com\/pt\/wp-json\/wp\/v2\/media?parent=188846"}],"wp:term":[{"taxonomy":"category","embeddable":true,"href":"https:\/\/www.europesays.com\/pt\/wp-json\/wp\/v2\/categories?post=188846"},{"taxonomy":"post_tag","embeddable":true,"href":"https:\/\/www.europesays.com\/pt\/wp-json\/wp\/v2\/tags?post=188846"}],"curies":[{"name":"wp","href":"https:\/\/api.w.org\/{rel}","templated":true}]}}