{"id":188853,"date":"2025-12-15T05:22:07","date_gmt":"2025-12-15T05:22:07","guid":{"rendered":"https:\/\/www.europesays.com\/pt\/188853\/"},"modified":"2025-12-15T05:22:07","modified_gmt":"2025-12-15T05:22:07","slug":"dois-buracos-negros-se-revezaram-para-dizimar-uma-estrela-entenda-como-noticias-r7","status":"publish","type":"post","link":"https:\/\/www.europesays.com\/pt\/188853\/","title":{"rendered":"Dois buracos negros se revezaram para dizimar uma estrela; entenda como \u2013 Noticias R7"},"content":{"rendered":"<p>LEIA AQUI O RESUMO DA NOT\u00cdCIA<\/p>\n<ul class=\"b-article-body-custom-embed-brief-news__list\" style=\"margin: 0; padding-left: 20px; list-style-type: disc;\">\n<li>Um sinal de raios-X pode ter sido causado por uma estrela destru\u00edda por dois buracos negros consecutivos.<\/li>\n<li>A estrela, capturada em uma luta gravitacional, emitiu sinais ap\u00f3s ser atacada h\u00e1 cerca de 3 bilh\u00f5es de anos.<\/li>\n<li>Os astr\u00f4nomos identificaram o fen\u00f4meno como uma disrup\u00e7\u00e3o por mar\u00e9 envolvendo buracos negros bin\u00e1rios, publicada na revista The Innovation.<\/li>\n<li>Este caso representa o evento mais remoto de destrui\u00e7\u00e3o estelar por buracos negros j\u00e1 registrado, oferecendo novos insights sobre suas intera\u00e7\u00f5es.<\/li>\n<\/ul>\n<p style=\"font-size: 0.8em; font-style: italic; text-align: right; margin-top: 15px; padding-bottom: 5px; margin-bottom: 0;\">Produzido pela Ri7a &#8211; a Intelig\u00eancia Artificial do R7<\/p>\n<p><img decoding=\"async\" data-chromatic=\"ignore\" alt=\"\" class=\"c-image\" loading=\"lazy\" src=\"https:\/\/www.europesays.com\/pt\/wp-content\/uploads\/2025\/12\/E47F26Q4FFDOLCPA2EPBCPKCUI.jpg\"  width=\"991\" height=\"725\"\/>Dois buracos negros se alimentaram da mesma estrela em um ataque consecutivo Reprodu\u00e7\u00e3o\/The Innovation <\/p>\n<p class=\"jarvics:base-text-neutral-high-400 base-text-[calc(theme(fontSize.xs)_*_var(--font-size,_1))] base-font-normal base-font-primary base-text-neutral-low-500 base-text-left\">Um sinal peculiar de <a href=\"https:\/\/noticias.r7.com\/internacional\/cometa-3iatlas-emite-raios-x-atividade-inedita-em-objetos-interestelares-mostra-telescopio-11122025\/\" target=\"_blank\" rel=\"noreferrer nofollow noopener\" title=\"https:\/\/noticias.r7.com\/internacional\/cometa-3iatlas-emite-raios-x-atividade-inedita-em-objetos-interestelares-mostra-telescopio-11122025\/\">raios X<\/a>, observado pela primeira vez h\u00e1 d\u00e9cadas, pode ter sido causado por uma estrela que sofreu ataques consecutivos de dois <a href=\"https:\/\/noticias.r7.com\/fala-ciencia\/buraco-negro-a-10-bilhoes-de-anos-luz-produz-clarao-historico-06112025\/\" target=\"_blank\" rel=\"noreferrer nofollow noopener\" title=\"https:\/\/noticias.r7.com\/fala-ciencia\/buraco-negro-a-10-bilhoes-de-anos-luz-produz-clarao-historico-06112025\/\">buracos negros<\/a>. Aproximadamente 3 bilh\u00f5es de anos atr\u00e1s, uma <a href=\"https:\/\/noticias.r7.com\/internacional\/estrela-faminta-devora-gemea-cosmica-a-uma-taxa-nunca-vista-antes-e-choca-cientistas-11092025\/\" target=\"_blank\" rel=\"noreferrer nofollow noopener\" title=\"https:\/\/noticias.r7.com\/internacional\/estrela-faminta-devora-gemea-cosmica-a-uma-taxa-nunca-vista-antes-e-choca-cientistas-11092025\/\">estrela<\/a> foi capturada em uma luta gravitacional entre dois buracos negros massivos, resultando em fracos sinais de raios X que estamos detectando atualmente. Este evento, se confirmado, representaria o caso mais remoto de uma estrela sendo destru\u00edda por dois buracos negros j\u00e1 registrado. <\/p>\n<p class=\"jarvics:base-text-neutral-high-400 base-text-[calc(theme(fontSize.xs)_*_var(--font-size,_1))] base-font-normal base-font-primary base-text-neutral-low-500 base-text-left\">Uma equipe internacional de astr\u00f4nomos relatou a observa\u00e7\u00e3o deste fen\u00f4meno em um estudo que foi publicado na revista <a href=\"https:\/\/www.cell.com\/the-innovation\/fulltext\/S2666-6758(25)00372-8\" target=\"_blank\" rel=\"noreferrer nofollow noopener\" title=\"https:\/\/www.cell.com\/the-innovation\/fulltext\/S2666-6758(25)00372-8\">The Innovation<\/a> em novembro.<\/p>\n<p class=\"jarvics:base-text-neutral-high-400 base-text-[calc(theme(fontSize.xs)_*_var(--font-size,_1))] base-font-normal base-font-primary base-text-neutral-low-500 base-text-left\">A fonte de raios X, denominada XID 925, foi identificada inicialmente em 1999 durante a pesquisa Deep Field South do Observat\u00f3rio de Raios X Chandra, a mais detalhada pesquisa de raios X at\u00e9 ent\u00e3o. Desde sua descoberta, os cientistas monitoraram a fonte, notando sua diminui\u00e7\u00e3o progressiva de brilho para apenas 1\/40 de sua intensidade original. Este padr\u00e3o de um brilho intenso seguido por um longo per\u00edodo de escurid\u00e3o \u00e9 t\u00edpico dos eventos de disrup\u00e7\u00e3o por mar\u00e9 (TDEs), que ocorrem quando uma estrela se aproxima demais de um buraco negro supermassivo.<\/p>\n<p class=\"jarvics:base-text-neutral-high-400 base-text-[calc(theme(fontSize.xs)_*_var(--font-size,_1))] base-font-normal base-font-primary base-text-neutral-low-500 base-text-left\">Antes de ser consumida pelo buraco negro, a gravidade intensa deste despeda\u00e7a a estrela em um processo conhecido como \u201cespaguetifica\u00e7\u00e3o\u201d, como se a estrela estivesse sendo puxada e transformada em um fio fino de macarr\u00e3o. O material estelar forma um disco de acre\u00e7\u00e3o ao redor do buraco negro, emitindo radia\u00e7\u00e3o de raios X devido ao aquecimento do g\u00e1s. Eventualmente, o material \u00e9 absorvido pelo buraco negro, diminuindo o brilho do disco. <\/p>\n<p class=\"jarvics:base-text-neutral-high-400 base-text-[calc(theme(fontSize.xs)_*_var(--font-size,_1))] base-font-normal base-font-primary base-text-neutral-low-500 base-text-left\">O XID 925 j\u00e1 era not\u00e1vel por ser um dos TDEs mais distantes e fracos j\u00e1 observados. No entanto, em 1999, seu brilho aumentou subitamente em um fator de 27, para depois desaparecer t\u00e3o rapidamente quanto surgiu. Os pesquisadores do estudo recente sugerem que este fen\u00f4meno n\u00e3o foi causado por um \u00fanico TDE ao redor de um buraco negro supermassivo, mas sim por um evento envolvendo dois buracos negros supermassivos. <\/p>\n<p class=\"jarvics:base-text-neutral-high-400 base-text-[calc(theme(fontSize.xs)_*_var(--font-size,_1))] base-font-normal base-font-primary base-text-neutral-low-500 base-text-left\">Eles prop\u00f5em que a estrela foi inicialmente despeda\u00e7ada por um buraco negro maior, formando um disco de acre\u00e7\u00e3o. Posteriormente, um segundo buraco negro menor perturbou o disco, provocando um surto de energia e liberando uma quantidade ainda maior de raios X. Ap\u00f3s a passagem do segundo buraco negro, o sistema estabilizou-se.<\/p>\n<p class=\"jarvics:base-text-neutral-high-400 base-text-[calc(theme(fontSize.xs)_*_var(--font-size,_1))] base-font-normal base-font-primary base-text-neutral-low-500 base-text-left\">Embora essa explica\u00e7\u00e3o n\u00e3o resolva todos os mist\u00e9rios dos dados observados, os astr\u00f4nomos a consideram a mais plaus\u00edvel, sugerindo que este pode ser o evento de disrup\u00e7\u00e3o por mar\u00e9 envolvendo buracos negros bin\u00e1rios mais distante j\u00e1 observado, oferecendo uma vis\u00e3o valiosa sobre as intera\u00e7\u00f5es entre estrelas e buracos negros em gal\u00e1xias jovens.<\/p>\n<p><video controls=\"\" class=\"video-js\" preload=\"metadata\" poster=\"https:\/\/d22yf0mxeu0gma.cloudfront.net\/05-26-2025\/t_b975f363ad334d8a9fb02fe20f8b170f_name_Guerra_gal_xias.jpg\" title=\"Astr&#xF4;nomos registram pela primeira vez fen&#xF4;meno raro de &#x2018;duelo&#x2019; de gal&#xE1;xias\" data-sprite-url=\"\" data-metadata=\"{&quot;title&quot;:&quot;Astr&#xF4;nomos registram pela primeira vez fen&#xF4;meno raro de &#x2018;duelo&#x2019; de gal&#xE1;xias&quot;,&quot;sectionName&quot;:&quot;R7&quot;,&quot;mainSection&quot;:&quot;Internacional&quot;,&quot;subSection&quot;:&quot;&quot;,&quot;views&quot;:&quot;&quot;,&quot;disableAdv&quot;:&quot;false&quot;,&quot;createdDate&quot;:&quot;2025-05-26T14:31:53Z&quot;,&quot;mainSectionUrl&quot;:&quot;https:\/\/noticias.r7.com\/record-news\/mundo-record-news\/video\/astronomos-registram-pela-primeira-vez-fenomeno-raro-de-duelo-de-galaxias-26052025\/&quot;,&quot;sectionPath&quot;:&quot;https:\/\/noticias.r7.com\/record-news\/mundo-record-news&quot;,&quot;ageRating&quot;:&quot;&quot;,&quot;ageRatingDescription&quot;:&quot;&quot;,&quot;duration&quot;:30634,&quot;playerUrl&quot;:&quot;https:\/\/noticias.r7.com\/player\/87295f58-40a8-41d3-b5ff-1a7359b04c73\/&quot;}\" data-player-params=\"{&quot;p&quot;:&quot;true&quot;,&quot;autoPlay&quot;:&quot;false&quot;,&quot;logo&quot;:&quot;true&quot;,&quot;playlistId&quot;:&quot;false&quot;,&quot;calhau&quot;:&quot;false&quot;,&quot;share&quot;:&quot;true&quot;,&quot;sz&quot;:&quot;false&quot;,&quot;full&quot;:&quot;true&quot;,&quot;customAdHash&quot;:&quot;\/7542\/r7noticias\/internacional&quot;,&quot;referrerUrl&quot;:&quot;&quot;,&quot;externalLinks&quot;:&quot;true&quot;,&quot;debug&quot;:&quot;false&quot;,&quot;debugHash&quot;:&quot;false&quot;,&quot;debugRelated&quot;:&quot;false&quot;,&quot;timerRelated&quot;:&quot;true&quot;,&quot;logoRecord&quot;:&quot;false&quot;,&quot;contextModal&quot;:&quot;false&quot;,&quot;parentUrl&quot;:&quot;https:\/\/record.r7.com\/&quot;,&quot;t&quot;:&quot;0&quot;,&quot;noTitle&quot;:false,&quot;endBehavior&quot;:&quot;default&quot;}\" data-related-videos=\"[{&quot;title&quot;:&quot;An&#xFA;ncios falsos com intelig&#xEA;ncia artificial enganam consumidores&quot;,&quot;thumb&quot;:&quot;https:\/\/d22yf0mxeu0gma.cloudfront.net\/12-08-2025\/t_b091d4dea1db4919808c16e1ea39ac02_name_file_960x540_1600_v4_.jpg&quot;,&quot;url&quot;:&quot;https:\/\/noticias.r7.com\/record-news\/conexao-record-news\/video\/anuncios-falsos-com-inteligencia-artificial-enganam-consumidores-08122025\/&quot;,&quot;embedUrl&quot;:&quot;https:\/\/noticias.r7.com\/player\/cb4647d0-e049-4e4d-bdb7-d50fdef1eb6e\/&quot;},{&quot;title&quot;:&quot;Saiba os riscos de \\&quot;apag&#xE3;o\\&quot; na internet em cabos submarinos&quot;,&quot;thumb&quot;:&quot;https:\/\/d22yf0mxeu0gma.cloudfront.net\/12-05-2025\/t_d0a8ce679b924ffcb597d7b40aad55ef_name_celularapag_o.jpg&quot;,&quot;url&quot;:&quot;https:\/\/noticias.r7.com\/record-news\/conexao-record-news\/video\/saiba-os-riscos-de-apagao-na-internet-em-cabos-submarinos-05122025\/&quot;,&quot;embedUrl&quot;:&quot;https:\/\/noticias.r7.com\/player\/79137d35-778b-464e-ad16-6cb44c2f2892\/&quot;},{&quot;title&quot;:&quot;Rob&#xF4;-cachorro cria mapas 3D para monitorar florestas&quot;,&quot;thumb&quot;:&quot;https:\/\/d22yf0mxeu0gma.cloudfront.net\/12-04-2025\/t_ff23e29a39804aafa6128461cd364d66_name_file_960x540_1600_v4_.jpg&quot;,&quot;url&quot;:&quot;https:\/\/noticias.r7.com\/record-news\/news-das-10\/video\/robo-cachorro-cria-mapas-3d-para-monitorar-florestas-04122025\/&quot;,&quot;embedUrl&quot;:&quot;https:\/\/noticias.r7.com\/player\/7fb50c95-81c7-4fbb-b74c-534d69664232\/&quot;}]\" data-player-url=\"https:\/\/noticias.r7.com\/player\/87295f58-40a8-41d3-b5ff-1a7359b04c73\/\" data-arc-video=\"\" data-arc-id=\"87295f58-40a8-41d3-b5ff-1a7359b04c73\" data-short=\"false\" style=\"visibility:hidden\"><\/video><\/p>\n<p class=\"jarvics:base-text-neutral-high-400 base-text-[calc(theme(fontSize.xs)_*_var(--font-size,_1))] base-font-normal base-font-primary base-text-neutral-low-500 base-text-left\"><b>Fique por dentro das principais not\u00edcias do dia no Brasil e no mundo. <\/b><a href=\"https:\/\/whatsapp.com\/channel\/0029Va6eEELGZNCyryabmO1m\" rel=\"nofollow noopener\" target=\"_blank\"><b>Siga o canal do R7<\/b><\/a><b>, o portal de not\u00edcias da Record, no WhatsApp<\/b><\/p>\n","protected":false},"excerpt":{"rendered":"LEIA AQUI O RESUMO DA NOT\u00cdCIA Um sinal de raios-X pode ter sido causado por uma estrela destru\u00edda&hellip;\n","protected":false},"author":2,"featured_media":188854,"comment_status":"","ping_status":"","sticky":false,"template":"","format":"standard","meta":{"footnotes":""},"categories":[84],"tags":[443,20628,109,107,108,1976,32,33,105,103,104,106,110],"class_list":{"0":"post-188853","1":"post","2":"type-post","3":"status-publish","4":"format-standard","5":"has-post-thumbnail","7":"category-ciencia-e-tecnologia","8":"tag-astronomia","9":"tag-buraco-negro","10":"tag-ciencia","11":"tag-ciencia-e-tecnologia","12":"tag-cienciaetecnologia","13":"tag-espaco-sideral","14":"tag-portugal","15":"tag-pt","16":"tag-science","17":"tag-science-and-technology","18":"tag-scienceandtechnology","19":"tag-technology","20":"tag-tecnologia"},"share_on_mastodon":{"url":"https:\/\/pubeurope.com\/@pt\/115721912118386913","error":""},"_links":{"self":[{"href":"https:\/\/www.europesays.com\/pt\/wp-json\/wp\/v2\/posts\/188853","targetHints":{"allow":["GET"]}}],"collection":[{"href":"https:\/\/www.europesays.com\/pt\/wp-json\/wp\/v2\/posts"}],"about":[{"href":"https:\/\/www.europesays.com\/pt\/wp-json\/wp\/v2\/types\/post"}],"author":[{"embeddable":true,"href":"https:\/\/www.europesays.com\/pt\/wp-json\/wp\/v2\/users\/2"}],"replies":[{"embeddable":true,"href":"https:\/\/www.europesays.com\/pt\/wp-json\/wp\/v2\/comments?post=188853"}],"version-history":[{"count":0,"href":"https:\/\/www.europesays.com\/pt\/wp-json\/wp\/v2\/posts\/188853\/revisions"}],"wp:featuredmedia":[{"embeddable":true,"href":"https:\/\/www.europesays.com\/pt\/wp-json\/wp\/v2\/media\/188854"}],"wp:attachment":[{"href":"https:\/\/www.europesays.com\/pt\/wp-json\/wp\/v2\/media?parent=188853"}],"wp:term":[{"taxonomy":"category","embeddable":true,"href":"https:\/\/www.europesays.com\/pt\/wp-json\/wp\/v2\/categories?post=188853"},{"taxonomy":"post_tag","embeddable":true,"href":"https:\/\/www.europesays.com\/pt\/wp-json\/wp\/v2\/tags?post=188853"}],"curies":[{"name":"wp","href":"https:\/\/api.w.org\/{rel}","templated":true}]}}