{"id":188857,"date":"2025-12-15T05:30:09","date_gmt":"2025-12-15T05:30:09","guid":{"rendered":"https:\/\/www.europesays.com\/pt\/188857\/"},"modified":"2025-12-15T05:30:09","modified_gmt":"2025-12-15T05:30:09","slug":"esta-foi-a-ultima-vez-que-o-botao-tocou-na-casa-fabio-acerta-no-segredo-de-marisa-e-o-casal-ja-nao-tem-nada-a-esconder-secret-story","status":"publish","type":"post","link":"https:\/\/www.europesays.com\/pt\/188857\/","title":{"rendered":"Esta foi a \u00faltima vez que o bot\u00e3o tocou na casa: F\u00e1bio acerta no segredo de Marisa e o casal j\u00e1 n\u00e3o tem nada a esconder &#8211; Secret Story"},"content":{"rendered":"<p style=\"margin-bottom:11px\"><strong>O bot\u00e3o dos segredos soou pela \u00faltima vez<\/strong> no<a href=\"https:\/\/tvi.iol.pt\/secretstory\/\" rel=\"nofollow noopener\" target=\"_blank\"> Secret Story 9. <\/a><strong>O segredo de Marisa foi finalmente revelado neste domingo<\/strong> e o casal est\u00e1 <strong>j\u00e1 sem segredos por revelar.<\/strong><\/p>\n<p>Pedro viu o seu segredo desvendado na passada quarta-feira, dia 10 de dezembro,<strong> por In\u00eas: \u00abA m\u00e3e dos meus filhos est\u00e1 na casa\u00bb<\/strong>. A <strong>revela\u00e7\u00e3o deixou o segredo de Marisa por um fio,<\/strong><a href=\"https:\/\/tvi.iol.pt\/secretstory\/videos\/beijo-na-boca-marisa-agarra-se-a-pedro-e-entrega-toda-a-verdade\/6939ec510cf28fe430487a81\" rel=\"nofollow noopener\" target=\"_blank\"> especialmente depois de a concorrente<\/a> <strong>ter dado de imediato um beijo ao marido,<\/strong> afastando muitas das d\u00favidas dos colegas.<\/p>\n<p>Na gala deste domingo, <strong>o momento decisivo chegou.<\/strong> Com um <strong>Buzz Gr\u00e1tis<\/strong>, F\u00e1bio <strong>arriscou e acertou em cheio,<\/strong> revelando o segredo de Marisa: <strong>\u00abO meu marido est\u00e1 na casa\u00bb<\/strong>.\u00a0<\/p>\n<p><strong>Veja aqui o momento mais aguardado:\u00a0<\/strong><\/p>\n","protected":false},"excerpt":{"rendered":"O bot\u00e3o dos segredos soou pela \u00faltima vez no Secret Story 9. O segredo de Marisa foi finalmente&hellip;\n","protected":false},"author":2,"featured_media":188858,"comment_status":"","ping_status":"","sticky":false,"template":"","format":"standard","meta":{"footnotes":""},"categories":[142],"tags":[8113,2632,329,333,328,335,336,114,115,334,19082,330,1326,338,19184,19019,13,32,33,1315,8174,151,162,19020,227],"class_list":{"0":"post-188857","1":"post","2":"type-post","3":"status-publish","4":"format-standard","5":"has-post-thumbnail","7":"category-tv","8":"tag-alice-alves","9":"tag-casa-dos-segredos","10":"tag-claudio-ramos","11":"tag-comentadores","12":"tag-concorrentes","13":"tag-confrontos","14":"tag-discussoes","15":"tag-entertainment","16":"tag-entretenimento","17":"tag-exclusivos","18":"tag-fabio","19":"tag-gala","20":"tag-mafalda-castro","21":"tag-maria-botelho-moniz","22":"tag-marisa","23":"tag-marta-cardoso","24":"tag-noticias","25":"tag-portugal","26":"tag-pt","27":"tag-secret-story","28":"tag-segredos","29":"tag-tv","30":"tag-tvi","31":"tag-video-do-dia","32":"tag-videos"},"share_on_mastodon":{"url":"https:\/\/pubeurope.com\/@pt\/115721943339551920","error":""},"_links":{"self":[{"href":"https:\/\/www.europesays.com\/pt\/wp-json\/wp\/v2\/posts\/188857","targetHints":{"allow":["GET"]}}],"collection":[{"href":"https:\/\/www.europesays.com\/pt\/wp-json\/wp\/v2\/posts"}],"about":[{"href":"https:\/\/www.europesays.com\/pt\/wp-json\/wp\/v2\/types\/post"}],"author":[{"embeddable":true,"href":"https:\/\/www.europesays.com\/pt\/wp-json\/wp\/v2\/users\/2"}],"replies":[{"embeddable":true,"href":"https:\/\/www.europesays.com\/pt\/wp-json\/wp\/v2\/comments?post=188857"}],"version-history":[{"count":0,"href":"https:\/\/www.europesays.com\/pt\/wp-json\/wp\/v2\/posts\/188857\/revisions"}],"wp:featuredmedia":[{"embeddable":true,"href":"https:\/\/www.europesays.com\/pt\/wp-json\/wp\/v2\/media\/188858"}],"wp:attachment":[{"href":"https:\/\/www.europesays.com\/pt\/wp-json\/wp\/v2\/media?parent=188857"}],"wp:term":[{"taxonomy":"category","embeddable":true,"href":"https:\/\/www.europesays.com\/pt\/wp-json\/wp\/v2\/categories?post=188857"},{"taxonomy":"post_tag","embeddable":true,"href":"https:\/\/www.europesays.com\/pt\/wp-json\/wp\/v2\/tags?post=188857"}],"curies":[{"name":"wp","href":"https:\/\/api.w.org\/{rel}","templated":true}]}}