{"id":188865,"date":"2025-12-15T05:50:29","date_gmt":"2025-12-15T05:50:29","guid":{"rendered":"https:\/\/www.europesays.com\/pt\/188865\/"},"modified":"2025-12-15T05:50:29","modified_gmt":"2025-12-15T05:50:29","slug":"modelo-indica-que-planetas-como-a-terra-sao-comuns-no-espaco","status":"publish","type":"post","link":"https:\/\/www.europesays.com\/pt\/188865\/","title":{"rendered":"Modelo indica que planetas como a Terra s\u00e3o comuns no Espa\u00e7o"},"content":{"rendered":"<p class=\"fitec-embcmp\"><a href=\"https:\/\/profile.google.com\/cp\/CgsvZy8xMjFqY2oxMw\" target=\"_blank\" class=\"ftecmp-button\" rel=\"nofollow noopener\">Siga o Olhar Digital no Google Discover<\/a><\/p>\n<p>Uma nova pesquisa, publicada no <a href=\"https:\/\/phys.org\/news\/2025-12-supernova-immersion-earth-planets-common.html\" target=\"_blank\" rel=\"noreferrer noopener nofollow\">Science Adventures<\/a>, indica que planetas rochosos, como a <a href=\"https:\/\/olhardigital.com.br\/tag\/terra\/\" target=\"_blank\" rel=\"noreferrer noopener nofollow\">Terra<\/a>, s\u00e3o <strong>muito comuns<\/strong> no <a href=\"https:\/\/olhardigital.com.br\/tag\/espaco\/\" target=\"_blank\" rel=\"noreferrer noopener nofollow\">Espa\u00e7o<\/a>.<\/p>\n<p>Ela aponta que, durante a forma\u00e7\u00e3o do <a href=\"https:\/\/olhardigital.com.br\/tag\/sistema-solar\/\" target=\"_blank\" rel=\"noreferrer noopener nofollow\">Sistema Solar<\/a>, uma supernova pr\u00f3xima o inundou em <strong>raios c\u00f3smicos<\/strong> com o que era necess\u00e1rio para formar mundos rochosos e secos. Isso pode estar acontecendo em <strong>toda a <a href=\"https:\/\/olhardigital.com.br\/tag\/galaxia\/\" target=\"_blank\" rel=\"noreferrer noopener nofollow\">gal\u00e1xia<\/a><\/strong>.<\/p>\n<p><img loading=\"lazy\" decoding=\"async\" width=\"1024\" height=\"468\" src=\"https:\/\/www.europesays.com\/pt\/wp-content\/uploads\/2025\/12\/modelo_supernova-1024x468.jpg\" alt=\"Representa\u00e7\u00e3o esquem\u00e1tica do sistema assumido no estudo\" class=\"wp-image-1233254\"  \/>Representa\u00e7\u00e3o esquem\u00e1tica do sistema assumido neste estudo (Imagem: Science Advances [2025]; DOI: 10.1126\/sciadv.adx7892)Teoria dos planetas como a Terra<\/p>\n<ul>\n<li>O que se pensa hoje \u00e9 que planetas como a Terra foram formados a partir de <strong>planetesimais<\/strong> (objetos feitos de rocha e gelo) que secaram no princ\u00edpio do Sistema Solar;<\/li>\n<li>Tal processo exigiu bastante <strong>calor<\/strong>, advindo principalmente do <strong>decaimento radioativo de radionucl\u00eddeos de vida curta (RVCs)<\/strong>, tais como o <strong>alum\u00ednio-26<\/strong>;<\/li>\n<li>Antigas an\u00e1lises de <strong>meteoritos<\/strong> (registros antigos do Sistema Solar) confirmaram a grande quantidade de RVC naquela \u00e9poca;<\/li>\n<li>Contudo, modelos que explicam as supernovas como sendo a \u00fanica fonte das altera\u00e7\u00f5es de n\u00edvel de mar <strong>n\u00e3o t\u00eam<\/strong> a precis\u00e3o ideal para reproduzir a quantidade de nucleot\u00eddeos encontrada nos meteoritos;<\/li>\n<li>Para liberar a quantidade ideal de material radioativo, a supernova precisaria estar t\u00e3o pr\u00f3xima do Sistema Solar primitivo que teria <strong>destru\u00eddo<\/strong> o disco de poeira e g\u00e1s nos quais os planetas estavam se formando.<\/li>\n<\/ul>\n<p><strong>Leia mais:<\/strong><\/p>\n<p><img loading=\"lazy\" decoding=\"async\" width=\"576\" height=\"1024\" src=\"https:\/\/www.europesays.com\/pt\/wp-content\/uploads\/2025\/12\/supernova-576x1024.jpg\" alt=\"Exemplo de supernova\" class=\"wp-image-1159502\"  \/>Exemplo de supernova (Imagem: coffeekai\/iStock)Resolvendo o mist\u00e9rio<\/p>\n<p>O autor e l\u00edder do estudo, <strong>Ryo Sawada<\/strong>, da Universidade de T\u00f3quio (Jap\u00e3o), ao lado de seus colegas, propuseram outro conceito, chamado de <strong>mecanismo de imers\u00e3o<\/strong>.<\/p>\n<p>Para isso, a equipe modelou uma supernova explodindo a cerca de <strong>3,2 anos-luz<\/strong> de dist\u00e2ncia, segura o bastante para n\u00e3o destruir o disco de forma\u00e7\u00e3o planet\u00e1ria. Ao explodir, ele criou uma onda de choque respons\u00e1vel por acelerar part\u00edculas \u2014 em especial, <strong>pr\u00f3tons<\/strong> \u2014, as aprisionando como raios c\u00f3smicos.<\/p>\n<p>O modelo indica que os elementos de <strong>radia\u00e7\u00e3o solar de curto alcance (SLRs<\/strong>, na sigla em ingl\u00eas), foram liberadas de <strong>duas<\/strong> formas. A primeira foi quando a supernova <strong>injetou diretamente<\/strong> alguns deles, tais como o <strong>ferro-60<\/strong>, no disco no formato de gr\u00e3os de poeira.<\/p>\n<p>Na segunda, os raios c\u00f3smicos <strong>colidiram<\/strong> com materiais est\u00e1veis no disco em energias t\u00e3o altas que acabaram desencadeando <strong>rea\u00e7\u00f5es nucleares<\/strong> que produziram mais SLRs, como o <strong>alum\u00ednio-26<\/strong>. Ao executar o modelo, a equipe descobriu que ele <strong>n\u00e3o correspondia<\/strong> \u00e0 quantidade de materiais radioativos achados nos meteoritos. A pesquisa pode mudar a forma como buscamos vida no Universo.<\/p>\n<p>\u201cNossos resultados sugerem que planetas rochosos semelhantes \u00e0 Terra e pobres em \u00e1gua podem ser mais prevalentes na gal\u00e1xia do que se pensava anteriormente, visto que a abund\u00e2ncia de\u00a026Al\u00a0desempenha um papel fundamental na regula\u00e7\u00e3o dos balan\u00e7os h\u00eddricos planet\u00e1rios\u201d, dizem os autores no estudo.<\/p>\n<p><img loading=\"lazy\" decoding=\"async\" width=\"1024\" height=\"692\" src=\"https:\/\/www.europesays.com\/pt\/wp-content\/uploads\/2025\/12\/via-lactea-espiral-1024x692.jpg\" alt=\"via l\u00e1ctea\" class=\"wp-image-1227444\"  \/>V\u00e1rios planetas da Via L\u00e1ctea podem ter sido formados assim (Imagem: buradaki\/Shutterstock)<\/p>\n<p>Ainda de acordo com eles, cerca de <strong>10% a 50%<\/strong> das estrelas similares ao Sol podem ter abrigado discos formadores de planetas com abund\u00e2ncias de radia\u00e7\u00e3o solar de onda longa (SLR, na sigla em ingl\u00eas) parecidas com as de nosso Sistema Solar, sugerindo um n\u00famero maior de n\u00fameros rochosos, com potencial de habitabilidade.<\/p>\n<p>\t\t\t\t\t&#13;<br \/>\n\t\t\t\t\t&#13;<\/p>\n","protected":false},"excerpt":{"rendered":"Siga o Olhar Digital no Google Discover Uma nova pesquisa, publicada no Science Adventures, indica que planetas rochosos,&hellip;\n","protected":false},"author":2,"featured_media":188866,"comment_status":"","ping_status":"","sticky":false,"template":"","format":"standard","meta":{"footnotes":""},"categories":[84],"tags":[109,107,108,32,33,105,103,104,106,110],"class_list":{"0":"post-188865","1":"post","2":"type-post","3":"status-publish","4":"format-standard","5":"has-post-thumbnail","7":"category-ciencia-e-tecnologia","8":"tag-ciencia","9":"tag-ciencia-e-tecnologia","10":"tag-cienciaetecnologia","11":"tag-portugal","12":"tag-pt","13":"tag-science","14":"tag-science-and-technology","15":"tag-scienceandtechnology","16":"tag-technology","17":"tag-tecnologia"},"share_on_mastodon":{"url":"https:\/\/pubeurope.com\/@pt\/115722022357107622","error":""},"_links":{"self":[{"href":"https:\/\/www.europesays.com\/pt\/wp-json\/wp\/v2\/posts\/188865","targetHints":{"allow":["GET"]}}],"collection":[{"href":"https:\/\/www.europesays.com\/pt\/wp-json\/wp\/v2\/posts"}],"about":[{"href":"https:\/\/www.europesays.com\/pt\/wp-json\/wp\/v2\/types\/post"}],"author":[{"embeddable":true,"href":"https:\/\/www.europesays.com\/pt\/wp-json\/wp\/v2\/users\/2"}],"replies":[{"embeddable":true,"href":"https:\/\/www.europesays.com\/pt\/wp-json\/wp\/v2\/comments?post=188865"}],"version-history":[{"count":0,"href":"https:\/\/www.europesays.com\/pt\/wp-json\/wp\/v2\/posts\/188865\/revisions"}],"wp:featuredmedia":[{"embeddable":true,"href":"https:\/\/www.europesays.com\/pt\/wp-json\/wp\/v2\/media\/188866"}],"wp:attachment":[{"href":"https:\/\/www.europesays.com\/pt\/wp-json\/wp\/v2\/media?parent=188865"}],"wp:term":[{"taxonomy":"category","embeddable":true,"href":"https:\/\/www.europesays.com\/pt\/wp-json\/wp\/v2\/categories?post=188865"},{"taxonomy":"post_tag","embeddable":true,"href":"https:\/\/www.europesays.com\/pt\/wp-json\/wp\/v2\/tags?post=188865"}],"curies":[{"name":"wp","href":"https:\/\/api.w.org\/{rel}","templated":true}]}}