{"id":188888,"date":"2025-12-15T06:57:24","date_gmt":"2025-12-15T06:57:24","guid":{"rendered":"https:\/\/www.europesays.com\/pt\/188888\/"},"modified":"2025-12-15T06:57:24","modified_gmt":"2025-12-15T06:57:24","slug":"instagram-ja-permite-controlar-o-tipo-de-temas-que-querem-ver-nos-reels","status":"publish","type":"post","link":"https:\/\/www.europesays.com\/pt\/188888\/","title":{"rendered":"Instagram j\u00e1 permite controlar o tipo de temas que querem ver nos Reels"},"content":{"rendered":"<p>&#8211; Publicidade &#8211;<\/p>\n<p><strong><strong>Uma nova funcionalidade dedicada ao algoritmo, vai permitir que os utilizadores escolham manualmente os temas e t\u00f3picos de interesse que influenciam o feed de Reels.<\/strong><\/strong><\/p>\n<p>O <strong>Instagram<\/strong> <a href=\"https:\/\/about.instagram.com\/blog\/announcements\/reels-algorithm-control\" target=\"_blank\" rel=\"noopener external noreferrer nofollow\" data-wpel-link=\"external\">introduziu uma nova forma de utilizar a rede social<\/a>, permitindo que os utilizadores decidam aquilo que querem ver nos seus feeds, nomeadamente nos <strong>Reels<\/strong>. \u00a0<\/p>\n<p>A partir de agora, para os utilizadores norte-americanos, a plataforma passa a revelar, de forma expl\u00edcita, os t\u00f3picos que o algoritmo identifica como relevantes, permitindo que o utilizador os ajuste diretamente e manualmente. A ferramenta est\u00e1 identificada como \u201cYour algorithm\u201d surge integrada no separador Reels atrav\u00e9s de um \u00edcone colocado no canto superior direito do ecr\u00e3.<\/p>\n<p>Ao aceder ao novo menu, o utilizador encontra uma lista organizada dos interesses que o Instagram j\u00e1 associa automaticamente ao seu perfil, com base no hist\u00f3rico de intera\u00e7\u00f5es, visualiza\u00e7\u00f5es e prefer\u00eancias deduzidas ao longo do tempo. A partir dessa interface, ser\u00e1 assim poss\u00edvel indicar se determinados t\u00f3picos devem ter mais peso ou menos peso nas recomenda\u00e7\u00f5es. O ajuste \u00e9 feito tema a tema, com um impacto imediato no que aparece nos Reels.<\/p>\n<p>De acordo com a plataforma, a atualiza\u00e7\u00e3o das sugest\u00f5es acontece em tempo real, refletindo cada altera\u00e7\u00e3o assim que \u00e9 guardada, permitindo um controlo afinado e imediato por parte do utilizador.<\/p>\n<p>Apesar de estrear nos Reels, a plataforma confirmou que tem planos para levar esta ferramenta para o separador principal e, mais tarde, para outras \u00e1reas da aplica\u00e7\u00e3o, numa tentativa de unificar os crit\u00e9rios de personaliza\u00e7\u00e3o.<\/p>\n<p>O lan\u00e7amento desta funcionalidade foi feito, para j\u00e1, em territ\u00f3rio norte-americano, com uma vers\u00e3o ainda em ingl\u00eas noutras regi\u00f5es a ser lan\u00e7ada nas pr\u00f3ximas semanas.<\/p>\n<p><script async src=\"\/\/www.instagram.com\/embed.js\"><\/script><\/p>\n","protected":false},"excerpt":{"rendered":"&#8211; Publicidade &#8211; Uma nova funcionalidade dedicada ao algoritmo, vai permitir que os utilizadores escolham manualmente os temas&hellip;\n","protected":false},"author":2,"featured_media":188889,"comment_status":"","ping_status":"","sticky":false,"template":"","format":"standard","meta":{"footnotes":""},"categories":[84],"tags":[109,107,108,32,33,105,103,104,106,110],"class_list":{"0":"post-188888","1":"post","2":"type-post","3":"status-publish","4":"format-standard","5":"has-post-thumbnail","7":"category-ciencia-e-tecnologia","8":"tag-ciencia","9":"tag-ciencia-e-tecnologia","10":"tag-cienciaetecnologia","11":"tag-portugal","12":"tag-pt","13":"tag-science","14":"tag-science-and-technology","15":"tag-scienceandtechnology","16":"tag-technology","17":"tag-tecnologia"},"share_on_mastodon":{"url":"https:\/\/pubeurope.com\/@pt\/115722285422957382","error":""},"_links":{"self":[{"href":"https:\/\/www.europesays.com\/pt\/wp-json\/wp\/v2\/posts\/188888","targetHints":{"allow":["GET"]}}],"collection":[{"href":"https:\/\/www.europesays.com\/pt\/wp-json\/wp\/v2\/posts"}],"about":[{"href":"https:\/\/www.europesays.com\/pt\/wp-json\/wp\/v2\/types\/post"}],"author":[{"embeddable":true,"href":"https:\/\/www.europesays.com\/pt\/wp-json\/wp\/v2\/users\/2"}],"replies":[{"embeddable":true,"href":"https:\/\/www.europesays.com\/pt\/wp-json\/wp\/v2\/comments?post=188888"}],"version-history":[{"count":0,"href":"https:\/\/www.europesays.com\/pt\/wp-json\/wp\/v2\/posts\/188888\/revisions"}],"wp:featuredmedia":[{"embeddable":true,"href":"https:\/\/www.europesays.com\/pt\/wp-json\/wp\/v2\/media\/188889"}],"wp:attachment":[{"href":"https:\/\/www.europesays.com\/pt\/wp-json\/wp\/v2\/media?parent=188888"}],"wp:term":[{"taxonomy":"category","embeddable":true,"href":"https:\/\/www.europesays.com\/pt\/wp-json\/wp\/v2\/categories?post=188888"},{"taxonomy":"post_tag","embeddable":true,"href":"https:\/\/www.europesays.com\/pt\/wp-json\/wp\/v2\/tags?post=188888"}],"curies":[{"name":"wp","href":"https:\/\/api.w.org\/{rel}","templated":true}]}}