{"id":188890,"date":"2025-12-15T07:02:10","date_gmt":"2025-12-15T07:02:10","guid":{"rendered":"https:\/\/www.europesays.com\/pt\/188890\/"},"modified":"2025-12-15T07:02:10","modified_gmt":"2025-12-15T07:02:10","slug":"eca-que-nojo-record","status":"publish","type":"post","link":"https:\/\/www.europesays.com\/pt\/188890\/","title":{"rendered":"\u2018Eca, que nojo!\u2019 \u2013 Record"},"content":{"rendered":"<p><img decoding=\"async\" data-chromatic=\"ignore\" alt=\"\" class=\"c-image\" loading=\"lazy\" src=\"https:\/\/www.europesays.com\/pt\/wp-content\/uploads\/2025\/12\/X55LCP3RWRGIHFETD3QMGTTT6M.png\"  width=\"2116\" height=\"1153\"\/>Entenda a briga de Saory contra Mesquita, Duda e Kathy Reprodu\u00e7\u00e3o\/RecordPlus <\/p>\n<p class=\"jarvics:base-text-neutral-high-400 base-text-[calc(theme(fontSize.xs)_*_var(--font-size,_1))] base-font-normal base-font-primary base-text-neutral-low-500 base-text-left\">Com a reta final chegando em <a href=\"https:\/\/record.r7.com\/a-fazenda\/a-fazenda-17\/\" target=\"_self\" rel=\"nofollow noopener\" title=\"https:\/\/record.r7.com\/a-fazenda\/a-fazenda-17\/\"><b>A Fazenda 17<\/b><\/a>, qualquer assunto pode virar treta entre a pe\u00e3ozada do Top 7! Neste domingo (14), <a href=\"https:\/\/record.r7.com\/a-fazenda\/a-fazenda-17\/peoes\/saory-cardoso\" target=\"_self\" title=\"Saory Cardoso\" rel=\"nofollow noopener\"><b>Saory Cardoso<\/b><\/a><b> <\/b>e <a href=\"https:\/\/record.r7.com\/a-fazenda\/a-fazenda-17\/peoes\/luiz-mesquita\" target=\"_self\" title=\"Luiz Mesquita\" rel=\"nofollow noopener\"><b>Luiz Mesquita<\/b><\/a> brigaram por conta de uma cueca descart\u00e1vel. O barraco rendeu, e at\u00e9 <a href=\"https:\/\/record.r7.com\/a-fazenda\/a-fazenda-17\/peoes\/duda-wendling\" target=\"_self\" title=\"Duda Wendling\" rel=\"nofollow noopener\"><b>Duda Wendling<\/b><\/a> e <a href=\"https:\/\/record.r7.com\/a-fazenda\/a-fazenda-17\/peoes\/kathy-maravilha\" target=\"_self\" title=\"Kathy Maravilha\" rel=\"nofollow noopener\"><b>Kathy Maravilha<\/b><\/a><b> <\/b>entraram no balaio. Se liga!<\/p>\n<ul class=\"b-article-body__list-unordered\">\n<li><b>Quer ficar por dentro de tudo que est\u00e1 acontecendo em\u00a0<\/b><b>A Fazenda 17<\/b><b>?\u00a0<\/b><a href=\"https:\/\/www.whatsapp.com\/channel\/0029Va2cJIR1noz2ahzX0D1N\" rel=\"nofollow noopener\" title=\"https:\/\/www.whatsapp.com\/channel\/0029Va2cJIR1noz2ahzX0D1N\" target=\"_blank\"><b>Clique aqui<\/b><\/a><b>\u00a0e fa\u00e7a parte do nosso canal no WhatsApp!<\/b><\/li>\n<\/ul>\n<p class=\"jarvics:base-text-neutral-high-400 base-text-[calc(theme(fontSize.xs)_*_var(--font-size,_1))] base-font-normal base-font-primary base-text-neutral-low-500 base-text-left\">Tudo come\u00e7ou com alfinetadas entre a dentista e o atleta: \u201cSeu trouxa. Come uma banana e deixa a casca na despensa, ningu\u00e9m aguenta voc\u00ea, seu porco\u201d, soltou Saory. Mesquita n\u00e3o ficou por baixo e disse que a rival tamb\u00e9m deixa lou\u00e7a suja pela sede. Foi ent\u00e3o que ela citou a pe\u00e7a \u00edntima: \u201cVai se preocupar em lavar suas cuecas!\u201d.<\/p>\n<p class=\"jarvics:base-text-neutral-high-400 base-text-[calc(theme(fontSize.xs)_*_var(--font-size,_1))] base-font-normal base-font-primary base-text-neutral-low-500 base-text-left\">O pe\u00e3o explicou que usa pe\u00e7as descart\u00e1veis, por esse motivo, joga no lixo ap\u00f3s o uso e n\u00e3o precisa lavar. Saory n\u00e3o conseguiu segurar a rea\u00e7\u00e3o: \u201cEca, que nojo!\u201d. Kathy e Duda ca\u00edram na gargalhada e come\u00e7aram a zombar da opini\u00e3o da dentista, visto que a cueca descart\u00e1vel tende a ser mais higi\u00eanica. <\/p>\n<p class=\"jarvics:base-text-neutral-high-400 base-text-[calc(theme(fontSize.xs)_*_var(--font-size,_1))] base-font-normal base-font-primary base-text-neutral-low-500 base-text-left\">A zoa\u00e7\u00e3o piorou quando Saory lembrou que <a href=\"https:\/\/record.r7.com\/a-fazenda\/a-fazenda-17\/peoes\/carol-lekker\" target=\"_self\" title=\"Carol Lekker\" rel=\"nofollow noopener\"><b>Carol Lekker<\/b><\/a> tinha encontrado uma das pe\u00e7as no lixo. Mesquita tirou onda: \u201cSe \u00e9 descart\u00e1vel, vou jogar onde?\u201d. A dentista n\u00e3o curtiu ver Kathy rindo junto com o casal, e disse que ela estava lambendo os rivais de Carol. A DJ respondeu com piada: \u201c\u00c9 para enfiar a cueca onde?\u201d.<\/p>\n<p class=\"jarvics:base-text-neutral-high-400 base-text-[calc(theme(fontSize.xs)_*_var(--font-size,_1))] base-font-normal base-font-primary base-text-neutral-low-500 base-text-left\">Uma grande baderna invadiu a sede, de um lado o trio rindo de Saory, e do outro, a dentista alegando que eles n\u00e3o estavam entendendo o ponto dela: \u201cEu descobri porque ela [Carol] achou no lixo, seus burros!\u201d.<\/p>\n<p class=\"jarvics:base-text-neutral-high-400 base-text-[calc(theme(fontSize.xs)_*_var(--font-size,_1))] base-font-normal base-font-primary base-text-neutral-low-500 base-text-left\">No meio do bafaf\u00e1, Saory mandou Kathy enfiar a cueca em um lugar inapropriado, e foi zoada por falar palavr\u00e3o. A dentista acusou Duda de influenciar Kathy: \u201cDuda, de onde voc\u00ea tirou que eu n\u00e3o gosto de funk? Se eu sempre dancei com voc\u00ea?\u201d. A atriz n\u00e3o parava de rir: \u201cN\u00e3o \u00e9 poss\u00edvel! Aumenta o pr\u00eamio!\u201d.<\/p>\n<p><b>O bate-boca rendeu! Assista:<\/b><video controls=\"\" class=\"video-js\" preload=\"metadata\" poster=\"https:\/\/d22yf0mxeu0gma.cloudfront.net\/12-14-2025\/t_706af2275f3745249b34cc58428ff69a_name_file_960x540_1600_v4_.jpg\" title=\"Fala sobre cuecas descart&#xE1;veis de Mesquita acaba em bate-boca entre Saory e Kathy | A Fazenda 17\" data-sprite-url=\"\" data-metadata=\"{&quot;title&quot;:&quot;Fala sobre cuecas descart&#xE1;veis de Mesquita acaba em bate-boca entre Saory e Kathy | A Fazenda 17&quot;,&quot;sectionName&quot;:&quot;R7&quot;,&quot;mainSection&quot;:&quot;Novidades&quot;,&quot;subSection&quot;:&quot;&quot;,&quot;views&quot;:&quot;&quot;,&quot;disableAdv&quot;:&quot;false&quot;,&quot;createdDate&quot;:&quot;2025-12-14T14:33:57Z&quot;,&quot;mainSectionUrl&quot;:&quot;https:\/\/record.r7.com\/a-fazenda\/a-fazenda-17\/24-horas\/video\/fala-sobre-cuecas-descartaveis-de-mesquita-acaba-em-bate-boca-entre-saory-e-kathy-a-fazenda-17-14122025\/&quot;,&quot;sectionPath&quot;:&quot;https:\/\/record.r7.com\/a-fazenda\/a-fazenda-17\/24-horas&quot;,&quot;ageRating&quot;:&quot;12&quot;,&quot;ageRatingDescription&quot;:&quot;&quot;,&quot;duration&quot;:373312,&quot;playerUrl&quot;:&quot;https:\/\/record.r7.com\/player\/52931013-1ec9-4b4d-b037-478df04bb055\/&quot;}\" data-player-params=\"{&quot;p&quot;:&quot;true&quot;,&quot;autoPlay&quot;:&quot;false&quot;,&quot;logo&quot;:&quot;true&quot;,&quot;playlistId&quot;:&quot;false&quot;,&quot;calhau&quot;:&quot;false&quot;,&quot;share&quot;:&quot;true&quot;,&quot;sz&quot;:&quot;false&quot;,&quot;full&quot;:&quot;true&quot;,&quot;customAdHash&quot;:&quot;\/7542\/recordtv\/afazenda&quot;,&quot;referrerUrl&quot;:&quot;&quot;,&quot;externalLinks&quot;:&quot;true&quot;,&quot;debug&quot;:&quot;false&quot;,&quot;debugHash&quot;:&quot;false&quot;,&quot;debugRelated&quot;:&quot;false&quot;,&quot;timerRelated&quot;:&quot;true&quot;,&quot;logoRecord&quot;:&quot;false&quot;,&quot;contextModal&quot;:&quot;false&quot;,&quot;parentUrl&quot;:&quot;https:\/\/record.r7.com\/&quot;,&quot;t&quot;:&quot;0&quot;,&quot;noTitle&quot;:false,&quot;endBehavior&quot;:&quot;default&quot;}\" data-related-videos=\"[{&quot;title&quot;:&quot;Duda e Saory s&#xE3;o as primeiras semifinalistas de A Fazenda 17&quot;,&quot;thumb&quot;:&quot;https:\/\/d22yf0mxeu0gma.cloudfront.net\/12-15-2025\/t_56d7583dac574d5580f73190dc4cd872_name_file_960x540_1600_v4_.jpg&quot;,&quot;url&quot;:&quot;https:\/\/record.r7.com\/a-fazenda\/a-fazenda-17\/na-tv\/video\/duda-e-saory-sao-as-primeiras-semifinalistas-de-a-fazenda-17-15122025\/&quot;,&quot;embedUrl&quot;:&quot;https:\/\/record.r7.com\/player\/2160f06f-8730-4a5c-bda3-49ca8d51e1f2\/&quot;},{&quot;title&quot;:&quot;Wal&#xE9;rio diz que Dudu est&#xE1; h&#xE1; tr&#xEA;s dias sem tomar banho | A Fazenda 17&quot;,&quot;thumb&quot;:&quot;https:\/\/d22yf0mxeu0gma.cloudfront.net\/12-15-2025\/t_367e8ddfee4f4dc39f43933f174dd8ec_name_file_960x540_1600_v4_.jpg&quot;,&quot;url&quot;:&quot;https:\/\/record.r7.com\/a-fazenda\/a-fazenda-17\/na-tv\/video\/walerio-diz-que-dudu-esta-ha-tres-dias-sem-tomar-banho-a-fazenda-17-15122025\/&quot;,&quot;embedUrl&quot;:&quot;https:\/\/record.r7.com\/player\/fe41b96e-a649-42b7-8917-ca3798370264\/&quot;},{&quot;title&quot;:&quot;Luiz Mesquita d&#xE1; comandos a Wal&#xE9;rio Ara&#xFA;jo durante a prova final de A Fazenda 17&quot;,&quot;thumb&quot;:&quot;https:\/\/d22yf0mxeu0gma.cloudfront.net\/12-15-2025\/t_11f4e69c815d4db98a4d06184604627b_name_file_960x540_1600_v4_.jpg&quot;,&quot;url&quot;:&quot;https:\/\/record.r7.com\/a-fazenda\/a-fazenda-17\/na-tv\/video\/luiz-mesquita-da-comandos-a-walerio-araujo-durante-a-prova-final-de-a-fazenda-17-15122025\/&quot;,&quot;embedUrl&quot;:&quot;https:\/\/record.r7.com\/player\/7a8d0201-7b07-427f-b459-a6a406992d99\/&quot;}]\" data-player-url=\"https:\/\/record.r7.com\/player\/52931013-1ec9-4b4d-b037-478df04bb055\/\" data-arc-video=\"\" data-arc-id=\"52931013-1ec9-4b4d-b037-478df04bb055\" data-short=\"false\" style=\"visibility:hidden\"><\/video><\/p>\n<p class=\"jarvics:base-text-neutral-high-400 base-text-[calc(theme(fontSize.xs)_*_var(--font-size,_1))] base-font-normal base-font-primary base-text-neutral-low-500 base-text-left\">Fique ligado! <a href=\"https:\/\/record.r7.com\/a-fazenda\/a-fazenda-17\/\" rel=\"nofollow noopener\" title=\"https:\/\/record.r7.com\/a-fazenda\/a-fazenda-17\/\" target=\"_blank\"><b>A Fazenda 17<\/b><\/a> vai ao ar de segunda a domingo, \u00e0s 22h30, na tela da <a href=\"https:\/\/record.r7.com\/\" rel=\"nofollow noopener\" target=\"_blank\"><b>RECORD<\/b><\/a>. Assine o <a href=\"https:\/\/www.recordplus.com\/home\" rel=\"nofollow noopener\" title=\"https:\/\/www.recordplus.com\/home\" target=\"_blank\"><b>RecordPlus<\/b><\/a> e tenha acesso \u00e0s c\u00e2meras 24 horas.<\/p>\n<p><b>De expuls\u00e3o a modo turbo ativado: relembre a semana de<\/b><b> A Fazenda 17<\/b><\/p>\n<p class=\"jarvics:base-text-neutral-high-400 base-text-[calc(theme(fontSize.xxs)_*_var(--font-size,_1))] base-font-semibold base-font-primary base-text-neutral-low-500 base-text-left\">A pen\u00faltima semana de A Fazenda 17 foi cheia de emo\u00e7\u00f5es e teve at\u00e9 expuls\u00e3o. Confira tudo o que rolou em Itapecerica das Chamas nos \u00faltimos dias<\/p>\n<p class=\"jarvics:base-text-neutral-high-400 base-text-[calc(theme(fontSize.little)_*_var(--font-size,_1))] base-font-normal base-font-primary base-text-neutral-low-500 base-text-left\">Reprodu\u00e7\u00e3o\/RECORD<\/p>\n","protected":false},"excerpt":{"rendered":"Entenda a briga de Saory contra Mesquita, Duda e Kathy Reprodu\u00e7\u00e3o\/RecordPlus Com a reta final chegando em A&hellip;\n","protected":false},"author":2,"featured_media":188891,"comment_status":"","ping_status":"","sticky":false,"template":"","format":"standard","meta":{"footnotes":""},"categories":[145],"tags":[657,211,210,114,115,25865,32,33,21259],"class_list":{"0":"post-188890","1":"post","2":"type-post","3":"status-publish","4":"format-standard","5":"has-post-thumbnail","7":"category-celebridades","8":"tag-a-fazenda","9":"tag-celebridades","10":"tag-celebrities","11":"tag-entertainment","12":"tag-entretenimento","13":"tag-luiz-mesquita","14":"tag-portugal","15":"tag-pt","16":"tag-saory-cardoso"},"share_on_mastodon":{"url":"https:\/\/pubeurope.com\/@pt\/115722305581232177","error":""},"_links":{"self":[{"href":"https:\/\/www.europesays.com\/pt\/wp-json\/wp\/v2\/posts\/188890","targetHints":{"allow":["GET"]}}],"collection":[{"href":"https:\/\/www.europesays.com\/pt\/wp-json\/wp\/v2\/posts"}],"about":[{"href":"https:\/\/www.europesays.com\/pt\/wp-json\/wp\/v2\/types\/post"}],"author":[{"embeddable":true,"href":"https:\/\/www.europesays.com\/pt\/wp-json\/wp\/v2\/users\/2"}],"replies":[{"embeddable":true,"href":"https:\/\/www.europesays.com\/pt\/wp-json\/wp\/v2\/comments?post=188890"}],"version-history":[{"count":0,"href":"https:\/\/www.europesays.com\/pt\/wp-json\/wp\/v2\/posts\/188890\/revisions"}],"wp:featuredmedia":[{"embeddable":true,"href":"https:\/\/www.europesays.com\/pt\/wp-json\/wp\/v2\/media\/188891"}],"wp:attachment":[{"href":"https:\/\/www.europesays.com\/pt\/wp-json\/wp\/v2\/media?parent=188890"}],"wp:term":[{"taxonomy":"category","embeddable":true,"href":"https:\/\/www.europesays.com\/pt\/wp-json\/wp\/v2\/categories?post=188890"},{"taxonomy":"post_tag","embeddable":true,"href":"https:\/\/www.europesays.com\/pt\/wp-json\/wp\/v2\/tags?post=188890"}],"curies":[{"name":"wp","href":"https:\/\/api.w.org\/{rel}","templated":true}]}}