{"id":188898,"date":"2025-12-15T07:16:11","date_gmt":"2025-12-15T07:16:11","guid":{"rendered":"https:\/\/www.europesays.com\/pt\/188898\/"},"modified":"2025-12-15T07:16:11","modified_gmt":"2025-12-15T07:16:11","slug":"o-que-aconteceu-com-o-rosto-de-virginia-fonseca-influenciadora-revela-mudancas-na-pele","status":"publish","type":"post","link":"https:\/\/www.europesays.com\/pt\/188898\/","title":{"rendered":"O que aconteceu com o rosto de Virginia Fonseca? Influenciadora revela mudan\u00e7as na pele"},"content":{"rendered":"<p>  <img class=\"content-first-image wp-image-2748078 size-large\" loading=\"eager\" decoding=\"sync\" fetchpriority=\"high\" src=\"https:\/\/www.europesays.com\/pt\/wp-content\/uploads\/2025\/12\/antes-e-depois-de-virginia-fonseca-em-procedimento-estetico-1300x731.jpg\" alt=\"Imagem mostra um comparativo de fotos da Virginia Fonseca antes e depois do procedimento est\u00e9tico no rosto. \" width=\"1286\" height=\"723\"  \/>Virginia Fonseca mostrou como ficou o rosto p\u00f3s-procedimento est\u00e9tico. Foto: Virginia Fonseca\/@virginia\/Instagram<\/p>\n<p><a href=\"https:\/\/ndmais.com.br\/famosos\/virginia-fonseca-compra-chocotone-de-luxo-de-r-5-mil-para-irmao-de-vini-jr-ate-fiz-selfie\/\" rel=\"nofollow noopener\" target=\"_blank\">Virginia Fonseca<\/a> compartilhou nesse s\u00e1bado (13) que est\u00e1 passando por alguns procedimentos est\u00e9ticos no rosto. As imagens assustaram at\u00e9 a influenciadora, que ficar\u00e1 de repouso e longe das c\u00e2meras por algumas horas. <strong>Veja as fotos a seguir e entenda qual \u00e9 o procedimento!<\/strong><\/p>\n<p>Virginia Fonseca fez v\u00e1rios procedimentos no rosto:    <\/p>\n<ul class=\"slider-galeria-de-foto-wrapper glide__slides\">\n<li id=\"galeria-slide-1\" class=\"slider-galeria-de-foto-slide glide__slide\"> <a href=\"https:\/\/static.ndmais.com.br\/2025\/12\/virginia-fonseca-procedimento-no-rosto-1300x731.jpg\" title=\"A influenciadora mostrou como ficou o rosto p\u00f3s-procedimento. - Virginia Fonseca\/@virginia\/Instagram\" data-caption=\"A influenciadora mostrou como ficou o rosto p\u00f3s-procedimento. - Virginia Fonseca\/@virginia\/Instagram\" id=\"zoom-gallery-2748077\" class=\"imagem-galeria\" data-fancybox=\"\" rel=\"nofollow noopener\" target=\"_blank\"> <img decoding=\"async\" width=\"800\" height=\"450\" src=\"https:\/\/www.europesays.com\/pt\/wp-content\/uploads\/2025\/12\/virginia-fonseca-procedimento-no-rosto-800x450.jpg\" class=\"\" alt=\"A influenciadora mostrou como ficou o rosto p\u00f3s-procedimento. - Virginia Fonseca\/@virginia\/Instagram\" loading=\"lazy\"  \/> <\/a>  A influenciadora mostrou como ficou o rosto p\u00f3s-procedimento. &#8211; Virginia Fonseca\/@virginia\/Instagram\n<p> Foto 1 de 7 <\/p>\n<\/li>\n<li id=\"galeria-slide-2\" class=\"slider-galeria-de-foto-slide glide__slide\"> <a href=\"https:\/\/static.ndmais.com.br\/2025\/12\/virginia-fonseca-mostra-procedimento-no-rosto-1300x731.jpg\" title=\"Ela desabafou dizendo que ficar\u00e1 fora das redes sociais nas pr\u00f3ximas horas. - Virginia Fonseca\/@virginia\/Instagram\" data-caption=\"Ela desabafou dizendo que ficar\u00e1 fora das redes sociais nas pr\u00f3ximas horas. - Virginia Fonseca\/@virginia\/Instagram\" id=\"zoom-gallery-2748076\" class=\"imagem-galeria\" data-fancybox=\"\" rel=\"nofollow noopener\" target=\"_blank\"> <img decoding=\"async\" width=\"800\" height=\"450\" src=\"https:\/\/www.europesays.com\/pt\/wp-content\/uploads\/2025\/12\/virginia-fonseca-mostra-procedimento-no-rosto-800x450.jpg\" class=\"\" alt=\"Ela desabafou dizendo que ficar\u00e1 fora das redes sociais nas pr\u00f3ximas horas. - Virginia Fonseca\/@virginia\/Instagram\" loading=\"lazy\"  \/> <\/a>  Ela desabafou dizendo que ficar\u00e1 fora das redes sociais nas pr\u00f3ximas horas. &#8211; Virginia Fonseca\/@virginia\/Instagram\n<p> Foto 2 de 7 <\/p>\n<\/li>\n<li id=\"galeria-slide-3\" class=\"slider-galeria-de-foto-slide glide__slide\"> <a href=\"https:\/\/static.ndmais.com.br\/2025\/12\/veja-o-rosto-de-virginia-fonseca-durante-procedimento-estetico-1300x731.jpg\" title=\"Ela agradeceu o carinho dos f\u00e3s e se despediu pelos stories. - Virginia Fonseca\/@virginia\/Instagram\" data-caption=\"Ela agradeceu o carinho dos f\u00e3s e se despediu pelos stories. - Virginia Fonseca\/@virginia\/Instagram\" id=\"zoom-gallery-2748074\" class=\"imagem-galeria\" data-fancybox=\"\" rel=\"nofollow noopener\" target=\"_blank\"> <img decoding=\"async\" width=\"800\" height=\"450\" src=\"https:\/\/www.europesays.com\/pt\/wp-content\/uploads\/2025\/12\/veja-o-rosto-de-virginia-fonseca-durante-procedimento-estetico-800x450.jpg\" class=\"\" alt=\"Ela agradeceu o carinho dos f\u00e3s e se despediu pelos stories. - Virginia Fonseca\/@virginia\/Instagram\" loading=\"lazy\"  \/> <\/a>  Ela agradeceu o carinho dos f\u00e3s e se despediu pelos stories. &#8211; Virginia Fonseca\/@virginia\/Instagram\n<p> Foto 3 de 7 <\/p>\n<\/li>\n<li id=\"galeria-slide-4\" class=\"slider-galeria-de-foto-slide glide__slide\"> <a href=\"https:\/\/static.ndmais.com.br\/2025\/12\/virginia-fonseca-explica-procedimento-no-rosto-1300x731.jpg\" title=\"Pelas imagens, o rosto de Virginia aparece bastante vermelho. - Virginia Fonseca\/@virginia\/Instagram\" data-caption=\"Pelas imagens, o rosto de Virginia aparece bastante vermelho. - Virginia Fonseca\/@virginia\/Instagram\" id=\"zoom-gallery-2748075\" class=\"imagem-galeria\" data-fancybox=\"\" rel=\"nofollow noopener\" target=\"_blank\"> <img decoding=\"async\" width=\"800\" height=\"450\" src=\"https:\/\/www.europesays.com\/pt\/wp-content\/uploads\/2025\/12\/virginia-fonseca-explica-procedimento-no-rosto-800x450.jpg\" class=\"\" alt=\"Pelas imagens, o rosto de Virginia aparece bastante vermelho. - Virginia Fonseca\/@virginia\/Instagram\" loading=\"lazy\"  \/> <\/a>  Pelas imagens, o rosto de Virginia aparece bastante vermelho. &#8211; Virginia Fonseca\/@virginia\/Instagram\n<p> Foto 4 de 7 <\/p>\n<\/li>\n<li id=\"galeria-slide-5\" class=\"slider-galeria-de-foto-slide glide__slide\"> <a href=\"https:\/\/www.europesays.com\/pt\/wp-content\/uploads\/2025\/12\/transkin-virginia-fonseca-1300x731.jpg\" title=\"Virginia fez alguns procedimentos, como o Transkin. - Virginia Fonseca\/@virginia\/Instagram\" data-caption=\"Virginia fez alguns procedimentos, como o Transkin. - Virginia Fonseca\/@virginia\/Instagram\" id=\"zoom-gallery-2748073\" class=\"imagem-galeria\" data-fancybox=\"\"> <img decoding=\"async\" width=\"800\" height=\"450\" src=\"https:\/\/www.europesays.com\/pt\/wp-content\/uploads\/2025\/12\/transkin-virginia-fonseca-800x450.jpg\" class=\"\" alt=\"Virginia fez alguns procedimentos, como o Transkin. - Virginia Fonseca\/@virginia\/Instagram\" loading=\"lazy\"  \/> <\/a>  Virginia fez alguns procedimentos, como o Transkin. &#8211; Virginia Fonseca\/@virginia\/Instagram\n<p> Foto 5 de 7 <\/p>\n<\/li>\n<li id=\"galeria-slide-6\" class=\"slider-galeria-de-foto-slide glide__slide\"> <a href=\"https:\/\/static.ndmais.com.br\/2025\/12\/10therma-tentherma-virginia-fonseca-1300x731.jpg\" title=\"E o 10Therma ou TenTherma. - Virginia Fonseca\/@virginia\/Instagram\" data-caption=\"E o 10Therma ou TenTherma. - Virginia Fonseca\/@virginia\/Instagram\" id=\"zoom-gallery-2748071\" class=\"imagem-galeria\" data-fancybox=\"\" rel=\"nofollow noopener\" target=\"_blank\"> <img decoding=\"async\" width=\"800\" height=\"450\" src=\"https:\/\/www.europesays.com\/pt\/wp-content\/uploads\/2025\/12\/10therma-tentherma-virginia-fonseca-800x450.jpg\" class=\"\" alt=\"E o 10Therma ou TenTherma. - Virginia Fonseca\/@virginia\/Instagram\" loading=\"lazy\"  \/> <\/a>  E o 10Therma ou TenTherma. &#8211; Virginia Fonseca\/@virginia\/Instagram\n<p> Foto 6 de 7 <\/p>\n<\/li>\n<li id=\"galeria-slide-7\" class=\"slider-galeria-de-foto-slide glide__slide\"> <a href=\"https:\/\/static.ndmais.com.br\/2025\/12\/fotona-starwalker-virginia-fonseca-1300x731.jpg\" title=\"O Fotona Starwalker. - Virginia Fonseca\/@virginia\/Instagram\" data-caption=\"O Fotona Starwalker. - Virginia Fonseca\/@virginia\/Instagram\" id=\"zoom-gallery-2748072\" class=\"imagem-galeria\" data-fancybox=\"\" rel=\"nofollow noopener\" target=\"_blank\"> <img decoding=\"async\" width=\"800\" height=\"450\" src=\"https:\/\/www.europesays.com\/pt\/wp-content\/uploads\/2025\/12\/fotona-starwalker-virginia-fonseca-800x450.jpg\" class=\"\" alt=\"O Fotona Starwalker. - Virginia Fonseca\/@virginia\/Instagram\" loading=\"lazy\"  \/> <\/a>  O Fotona Starwalker. &#8211; Virginia Fonseca\/@virginia\/Instagram\n<p> Foto 7 de 7 <\/p>\n<\/li>\n<\/ul>\n<p>Os f\u00e3s notaram que <a href=\"https:\/\/ndmais.com.br\/comportamento\/virginia-fonseca-e-acusada-de-explorar-filho-para-engajar\/\" rel=\"nofollow noopener\" target=\"_blank\">Virginia Fonseca<\/a> estava com algumas manchas vermelhas no rosto e a influenciadora explicou que est\u00e1 realizando<a href=\"https:\/\/ndmais.com.br\/moda-e-beleza\/harmonizacao-facial-invisivel-3-procedimentos-que-rejuvenescem-sem-deixar-pistas\/\" rel=\"nofollow noopener\" target=\"_blank\"> procedimento est\u00e9ticos<\/a> para melhorar a pele, deix\u00e1-la mais uniforme, e tamb\u00e9m afinar as curvas que contornam o rosto.<\/p>\n<p>Entenda o que \u00e9 cada procedimento que Virginia Fonseca fez:<img class=\"size-large wp-image-2748073\" loading=\"lazy\" decoding=\"async\" src=\"https:\/\/www.europesays.com\/pt\/wp-content\/uploads\/2025\/12\/transkin-virginia-fonseca-1300x731.jpg\" alt=\"Virginia fez alguns procedimentos, como o Transkin. Foto: Virginia Fonseca\/@virginia\/Instagram\" width=\"1286\" height=\"723\"  \/>Virginia fez alguns procedimentos, como o Transkin. Foto: Virginia Fonseca\/@virginia\/InstagramTranskin:<\/p>\n<p><strong>O Transkin<\/strong> \u00e9 um <a href=\"https:\/\/ndmais.com.br\/moda-e-beleza\/rosto-de-ozempic-especialista-revela-como-evitar-a-flacidez-apos-emagrecer-rapido\/\" rel=\"nofollow noopener\" target=\"_blank\">procedimento est\u00e9tico<\/a> minimamente invasivo voltado para o rejuvenescimento da pele. Ele funciona a partir da estimula\u00e7\u00e3o da regenera\u00e7\u00e3o cut\u00e2nea, criando microcanais controlados na pele para facilitar a absor\u00e7\u00e3o de ativos e estimular a produ\u00e7\u00e3o natural de col\u00e1geno.<\/p>\n<p><a class=\"cta-discover d-flex justify-content-between align-items-center w-100\" target=\"_blank\" rel=\"nofollow noopner noopener\" href=\"https:\/\/profile.google.com\/cp\/Cg0vZy8xMXZ5cjY4NHho\">   Fa\u00e7a como milh\u00f5es de leitores informados: siga o ND Mais no Google.  Seguir<\/a> <\/p>\n<p>Na pr\u00e1tica, o tratamento ajuda a melhorar textura, firmeza, linhas finas, manchas e cicatrizes, deixando a pele mais uniforme e revitalizada. Por n\u00e3o envolver cortes profundos nem cirurgia, costuma ter recupera\u00e7\u00e3o r\u00e1pida e pode ser feito em consult\u00f3rio, sempre por profissional habilitado.<\/p>\n<p>Tentherma (10Therma):<\/p>\n<p><strong>O Tentherma<\/strong>, tamb\u00e9m conhecido como 10Therma, \u00e9 um procedimento est\u00e9tico n\u00e3o invasivo que utiliza radiofrequ\u00eancia monopolar para <a href=\"https:\/\/ndmais.com.br\/bem-estar\/3-chas-que-agem-como-botox-natural-deixam-a-pele-jovem-e-estimulam-a-producao-de-colageno\/\" rel=\"nofollow noopener\" target=\"_blank\">estimular a produ\u00e7\u00e3o de col\u00e1geno<\/a> nas camadas mais profundas da pele.<\/p>\n<p>O calor gerado pelo aparelho provoca a contra\u00e7\u00e3o imediata das fibras de col\u00e1geno e ativa um processo natural de renova\u00e7\u00e3o celular. Com isso, o tratamento ajuda a melhorar a flacidez, definir contornos e deixar a pele mais firme, especialmente no rosto, pesco\u00e7o e corpo.<\/p>\n<p>Fotona starwalker:<\/p>\n<p><strong>O Fotona StarWalker<\/strong> \u00e9 uma <a href=\"https:\/\/ndmais.com.br\/casa-e-jardinagem\/fim-das-tomadas-em-casa-tecnologia-laser\/\" rel=\"nofollow noopener\" target=\"_blank\">tecnologia a laser<\/a> de alta performance usada em procedimentos est\u00e9ticos e dermatol\u00f3gicos. Ele combina diferentes comprimentos de onda para atuar em v\u00e1rias camadas da pele, permitindo tratamentos mais precisos e vers\u00e1teis.<\/p>\n<p>Na pr\u00e1tica, o equipamento \u00e9 indicado para <a href=\"https:\/\/ndmais.com.br\/diversao\/fios-de-sustentacao-o-segredo-para-o-rejuvenescimento-facial\/\" rel=\"nofollow noopener\" target=\"_blank\">rejuvenescimento facial<\/a>, melhora da textura da pele, est\u00edmulo de col\u00e1geno, tratamento de manchas, melasma, cicatrizes e remo\u00e7\u00e3o de tatuagens. A energia do laser promove uma renova\u00e7\u00e3o celular controlada, sem necessidade de procedimentos cir\u00fargicos.<\/p>\n<p>Por ser um tratamento n\u00e3o invasivo, o <strong>Fotona StarWalker<\/strong> costuma ter recupera\u00e7\u00e3o r\u00e1pida e resultados progressivos, sempre com aplica\u00e7\u00e3o feita por profissional capacitado, ap\u00f3s avalia\u00e7\u00e3o individual da pele.<\/p>\n","protected":false},"excerpt":{"rendered":"Virginia Fonseca mostrou como ficou o rosto p\u00f3s-procedimento est\u00e9tico. Foto: Virginia Fonseca\/@virginia\/Instagram Virginia Fonseca compartilhou nesse s\u00e1bado (13)&hellip;\n","protected":false},"author":2,"featured_media":188899,"comment_status":"","ping_status":"","sticky":false,"template":"","format":"standard","meta":{"footnotes":""},"categories":[145],"tags":[726,211,210,1967,114,115,980,1968,32,33,151,1446],"class_list":{"0":"post-188898","1":"post","2":"type-post","3":"status-publish","4":"format-standard","5":"has-post-thumbnail","7":"category-celebridades","8":"tag-brasil","9":"tag-celebridades","10":"tag-celebrities","11":"tag-contedo-de-internet","12":"tag-entertainment","13":"tag-entretenimento","14":"tag-famosos","15":"tag-notcia","16":"tag-portugal","17":"tag-pt","18":"tag-tv","19":"tag-virginia-fonseca"},"share_on_mastodon":{"url":"https:\/\/pubeurope.com\/@pt\/115722360635170785","error":""},"_links":{"self":[{"href":"https:\/\/www.europesays.com\/pt\/wp-json\/wp\/v2\/posts\/188898","targetHints":{"allow":["GET"]}}],"collection":[{"href":"https:\/\/www.europesays.com\/pt\/wp-json\/wp\/v2\/posts"}],"about":[{"href":"https:\/\/www.europesays.com\/pt\/wp-json\/wp\/v2\/types\/post"}],"author":[{"embeddable":true,"href":"https:\/\/www.europesays.com\/pt\/wp-json\/wp\/v2\/users\/2"}],"replies":[{"embeddable":true,"href":"https:\/\/www.europesays.com\/pt\/wp-json\/wp\/v2\/comments?post=188898"}],"version-history":[{"count":0,"href":"https:\/\/www.europesays.com\/pt\/wp-json\/wp\/v2\/posts\/188898\/revisions"}],"wp:featuredmedia":[{"embeddable":true,"href":"https:\/\/www.europesays.com\/pt\/wp-json\/wp\/v2\/media\/188899"}],"wp:attachment":[{"href":"https:\/\/www.europesays.com\/pt\/wp-json\/wp\/v2\/media?parent=188898"}],"wp:term":[{"taxonomy":"category","embeddable":true,"href":"https:\/\/www.europesays.com\/pt\/wp-json\/wp\/v2\/categories?post=188898"},{"taxonomy":"post_tag","embeddable":true,"href":"https:\/\/www.europesays.com\/pt\/wp-json\/wp\/v2\/tags?post=188898"}],"curies":[{"name":"wp","href":"https:\/\/api.w.org\/{rel}","templated":true}]}}