{"id":188934,"date":"2025-12-15T08:14:14","date_gmt":"2025-12-15T08:14:14","guid":{"rendered":"https:\/\/www.europesays.com\/pt\/188934\/"},"modified":"2025-12-15T08:14:14","modified_gmt":"2025-12-15T08:14:14","slug":"brunna-goncalves-e-ludmilla-encantam-em-comemoracao-de-mesversario-da-filha-zuri-veja-fotos","status":"publish","type":"post","link":"https:\/\/www.europesays.com\/pt\/188934\/","title":{"rendered":"Brunna Gon\u00e7alves e Ludmilla encantam em comemora\u00e7\u00e3o de mesvers\u00e1rio da filha Zuri; veja fotos"},"content":{"rendered":"<p>Filha da dan\u00e7arina e influenciadora Brunna Gon\u00e7alves e da cantora Ludmilla, a pequena Zuri completou sete meses de vida neste domingo (14) e ganhou uma festinha para comemorar a data. A celebra\u00e7\u00e3o intimista foi inspirada na tem\u00e1tica de piquenique para representar a fase de introdu\u00e7\u00e3o alimentar da beb\u00ea.<\/p>\n<p>\u201cMais um m\u00eas de Zuzu. O tema desse m\u00eas \u00e9 frutinhas, o piquenique da Zuri. Em comemora\u00e7\u00e3o \u00e0 introdu\u00e7\u00e3o alimentar dela\u201d, explicou Brunna. \u201cFicou muito lindo, muito fofo\u201d, completou.<\/p>\n<p>Em recente entrevista ao portal L\u00e9o Dias, Brunna n\u00e3o poupou elogios ao falar sobre a personalidade da herdeira.<\/p>\n<p>\u201cTodo mundo que chega l\u00e1 em casa fica encantado porque ela \u00e9 muito simp\u00e1tica. Ri para todo mundo, adora uma c\u00e2mera, muito fofa (\u2026) Acho que temos mais uma artista na fam\u00edlia\u201d, disse a artista. \u201cSobre a personalidade, eu acho que ela vai ser mais atentadinha, igual a Ludmila, ligada no 220. Ela n\u00e3o \u00e9 calminha e delicada igual a mim, n\u00e3o\u201d, completou.<\/p>\n<p><img fetchpriority=\"high\" decoding=\"async\" class=\"alignnone size-medium wp-image-232876\" src=\"https:\/\/www.europesays.com\/pt\/wp-content\/uploads\/2025\/12\/Screenshot-2025-12-14-at-19.08.56-483x720.png\" alt=\"\" width=\"483\" height=\"720\"  \/> <img loading=\"lazy\" decoding=\"async\" class=\"alignnone size-medium wp-image-232877\" src=\"https:\/\/www.europesays.com\/pt\/wp-content\/uploads\/2025\/12\/SaveClip.App_588707287_18554324305004358_9065764100126002886_n-405x720.jpg\" alt=\"\" width=\"405\" height=\"720\"  \/> <img loading=\"lazy\" decoding=\"async\" class=\"alignnone size-medium wp-image-232878\" src=\"https:\/\/www.europesays.com\/pt\/wp-content\/uploads\/2025\/12\/SaveClip.App_586720712_1231124488960813_2548397148079711208_n-406x720.jpg\" alt=\"\" width=\"406\" height=\"720\"  \/> <img loading=\"lazy\" decoding=\"async\" class=\"alignnone size-medium wp-image-232879\" src=\"https:\/\/www.europesays.com\/pt\/wp-content\/uploads\/2025\/12\/SaveClip.App_590417516_871898388759872_6110027419982896536_n-406x720.jpg\" alt=\"\" width=\"406\" height=\"720\"  \/> <img loading=\"lazy\" decoding=\"async\" class=\"alignnone size-medium wp-image-232880\" src=\"https:\/\/www.europesays.com\/pt\/wp-content\/uploads\/2025\/12\/SaveClip.App_586691495_1337637214352456_235230725256444269_n-406x720.jpg\" alt=\"\" width=\"406\" height=\"720\"  \/> <img loading=\"lazy\" decoding=\"async\" class=\"alignnone size-medium wp-image-232881\" src=\"https:\/\/www.europesays.com\/pt\/wp-content\/uploads\/2025\/12\/SaveClip.App_600935811_884733410915554_5270776902843091863_n-406x720.jpg\" alt=\"\" width=\"406\" height=\"720\"  \/><\/p>\n<p>\u00a0<\/p>\n","protected":false},"excerpt":{"rendered":"Filha da dan\u00e7arina e influenciadora Brunna Gon\u00e7alves e da cantora Ludmilla, a pequena Zuri completou sete meses de&hellip;\n","protected":false},"author":2,"featured_media":188935,"comment_status":"","ping_status":"","sticky":false,"template":"","format":"standard","meta":{"footnotes":""},"categories":[145],"tags":[211,210,114,115,32,33],"class_list":{"0":"post-188934","1":"post","2":"type-post","3":"status-publish","4":"format-standard","5":"has-post-thumbnail","7":"category-celebridades","8":"tag-celebridades","9":"tag-celebrities","10":"tag-entertainment","11":"tag-entretenimento","12":"tag-portugal","13":"tag-pt"},"share_on_mastodon":{"url":"https:\/\/pubeurope.com\/@pt\/115722588591331492","error":""},"_links":{"self":[{"href":"https:\/\/www.europesays.com\/pt\/wp-json\/wp\/v2\/posts\/188934","targetHints":{"allow":["GET"]}}],"collection":[{"href":"https:\/\/www.europesays.com\/pt\/wp-json\/wp\/v2\/posts"}],"about":[{"href":"https:\/\/www.europesays.com\/pt\/wp-json\/wp\/v2\/types\/post"}],"author":[{"embeddable":true,"href":"https:\/\/www.europesays.com\/pt\/wp-json\/wp\/v2\/users\/2"}],"replies":[{"embeddable":true,"href":"https:\/\/www.europesays.com\/pt\/wp-json\/wp\/v2\/comments?post=188934"}],"version-history":[{"count":0,"href":"https:\/\/www.europesays.com\/pt\/wp-json\/wp\/v2\/posts\/188934\/revisions"}],"wp:featuredmedia":[{"embeddable":true,"href":"https:\/\/www.europesays.com\/pt\/wp-json\/wp\/v2\/media\/188935"}],"wp:attachment":[{"href":"https:\/\/www.europesays.com\/pt\/wp-json\/wp\/v2\/media?parent=188934"}],"wp:term":[{"taxonomy":"category","embeddable":true,"href":"https:\/\/www.europesays.com\/pt\/wp-json\/wp\/v2\/categories?post=188934"},{"taxonomy":"post_tag","embeddable":true,"href":"https:\/\/www.europesays.com\/pt\/wp-json\/wp\/v2\/tags?post=188934"}],"curies":[{"name":"wp","href":"https:\/\/api.w.org\/{rel}","templated":true}]}}