{"id":188955,"date":"2025-12-15T08:38:10","date_gmt":"2025-12-15T08:38:10","guid":{"rendered":"https:\/\/www.europesays.com\/pt\/188955\/"},"modified":"2025-12-15T08:38:10","modified_gmt":"2025-12-15T08:38:10","slug":"terras-raras-em-portugal-despertam-apetite-europeu-e-potencial-estrategico-para-o-futuro","status":"publish","type":"post","link":"https:\/\/www.europesays.com\/pt\/188955\/","title":{"rendered":"Terras raras em Portugal despertam apetite europeu e potencial estrat\u00e9gico para o futuro"},"content":{"rendered":"<p><b>Acompanhe toda a atualidade informativa em\u00a0<\/b><a href=\"http:\/\/24noticias.sapo.pt\/\" rel=\"nofollow noopener\" target=\"_blank\"><b>24noticias.sapo.pt<\/b><\/a><\/p>\n<p>As terras raras s\u00e3o um conjunto de elementos qu\u00edmicos fundamentais para a produ\u00e7\u00e3o de tecnologias avan\u00e7adas, como baterias, motores el\u00e9ctricos, equipamentos electr\u00f3nicos, sistemas de defesa e energias renov\u00e1veis. A sua import\u00e2ncia estrat\u00e9gica aumentou num contexto de crescente procura global e de depend\u00eancia europeia de mercados externos para o abastecimento destas mat\u00e9rias-primas.<\/p>\n<p>O potencial geol\u00f3gico portugu\u00eas, escreve esta segunda-feira o Jornal de Not\u00edcias, surge como uma oportunidade para reduzir essa depend\u00eancia e refor\u00e7ar a seguran\u00e7a das cadeias de abastecimento europeias. Bruxelas tem vindo a defender o desenvolvimento de projetos de prospe\u00e7\u00e3o e explora\u00e7\u00e3o dentro do espa\u00e7o comunit\u00e1rio, desde que cumpridos crit\u00e9rios rigorosos de sustentabilidade ambiental e aceita\u00e7\u00e3o social.<\/p>\n<p>Em Portugal, o interesse pelas terras raras levanta tamb\u00e9m um debate interno sobre os impactos econ\u00f3micos, ambientais e sociais da sua eventual explora\u00e7\u00e3o. Especialistas apontam para a possibilidade de cria\u00e7\u00e3o de emprego e dinamiza\u00e7\u00e3o de regi\u00f5es do interior, mas alertam para a necessidade de salvaguardar o territ\u00f3rio e as popula\u00e7\u00f5es locais.<\/p>\n<p>O Governo tem reiterado que qualquer projeto nesta \u00e1rea ter\u00e1 de respeitar a legisla\u00e7\u00e3o ambiental e envolver processos de avalia\u00e7\u00e3o e consulta p\u00fablica. A explora\u00e7\u00e3o de terras raras poder\u00e1, assim, tornar-se um dos temas centrais do debate sobre o futuro econ\u00f3mico e industrial do pa\u00eds nos pr\u00f3ximos anos.<\/p>\n<p>__<\/p>\n<p><b>A sua newsletter de sempre, agora ainda mais \u00fatil<\/b><\/p>\n<p>Com o lan\u00e7amento da nova marca de informa\u00e7\u00e3o\u00a0<b>24not\u00edcias<\/b>, estamos a mudar a plataforma de newsletters, aproveitando para refor\u00e7ar a informa\u00e7\u00e3o que os leitores mais valorizam:\u00a0<b>a que lhes \u00e9 \u00fatil, ajuda a tomar decis\u00f5es e a entender o mundo.<\/b><\/p>\n<p><b>Assine a nova newsletter do 24not\u00edcias\u00a0<\/b><a href=\"https:\/\/sapo.us1.list-manage.com\/subscribe?u=8f49263740b14ab5854be8045&amp;id=57a39c5e8f\" rel=\"nofollow noopener\" target=\"_blank\"><b>aqui<\/b><\/a><b>.<\/b><\/p>\n","protected":false},"excerpt":{"rendered":"Acompanhe toda a atualidade informativa em\u00a024noticias.sapo.pt As terras raras s\u00e3o um conjunto de elementos qu\u00edmicos fundamentais para a&hellip;\n","protected":false},"author":2,"featured_media":188956,"comment_status":"","ping_status":"","sticky":false,"template":"","format":"standard","meta":{"footnotes":""},"categories":[83],"tags":[88,89,90,32,33],"class_list":{"0":"post-188955","1":"post","2":"type-post","3":"status-publish","4":"format-standard","5":"has-post-thumbnail","7":"category-empresas","8":"tag-business","9":"tag-economy","10":"tag-empresas","11":"tag-portugal","12":"tag-pt"},"share_on_mastodon":{"url":"https:\/\/pubeurope.com\/@pt\/115722682575367615","error":""},"_links":{"self":[{"href":"https:\/\/www.europesays.com\/pt\/wp-json\/wp\/v2\/posts\/188955","targetHints":{"allow":["GET"]}}],"collection":[{"href":"https:\/\/www.europesays.com\/pt\/wp-json\/wp\/v2\/posts"}],"about":[{"href":"https:\/\/www.europesays.com\/pt\/wp-json\/wp\/v2\/types\/post"}],"author":[{"embeddable":true,"href":"https:\/\/www.europesays.com\/pt\/wp-json\/wp\/v2\/users\/2"}],"replies":[{"embeddable":true,"href":"https:\/\/www.europesays.com\/pt\/wp-json\/wp\/v2\/comments?post=188955"}],"version-history":[{"count":0,"href":"https:\/\/www.europesays.com\/pt\/wp-json\/wp\/v2\/posts\/188955\/revisions"}],"wp:featuredmedia":[{"embeddable":true,"href":"https:\/\/www.europesays.com\/pt\/wp-json\/wp\/v2\/media\/188956"}],"wp:attachment":[{"href":"https:\/\/www.europesays.com\/pt\/wp-json\/wp\/v2\/media?parent=188955"}],"wp:term":[{"taxonomy":"category","embeddable":true,"href":"https:\/\/www.europesays.com\/pt\/wp-json\/wp\/v2\/categories?post=188955"},{"taxonomy":"post_tag","embeddable":true,"href":"https:\/\/www.europesays.com\/pt\/wp-json\/wp\/v2\/tags?post=188955"}],"curies":[{"name":"wp","href":"https:\/\/api.w.org\/{rel}","templated":true}]}}