{"id":188996,"date":"2025-12-15T09:31:47","date_gmt":"2025-12-15T09:31:47","guid":{"rendered":"https:\/\/www.europesays.com\/pt\/188996\/"},"modified":"2025-12-15T09:31:47","modified_gmt":"2025-12-15T09:31:47","slug":"renato-paiva-denuncia-roubo-seguranca-zero-voo-a-preco-de-ouro","status":"publish","type":"post","link":"https:\/\/www.europesays.com\/pt\/188996\/","title":{"rendered":"Renato Paiva denuncia roubo: \u00abSeguran\u00e7a zero, voo a pre\u00e7o de ouro\u00bb"},"content":{"rendered":"<p style=\"margin-bottom:11px\">O treinador portugu\u00eas Renato Paiva denunciou, nas redes sociais, que as malas com que viajou do Rio de Janeiro at\u00e9 Lisboa foram roubadas. Isto apesar de ter comprado \u00abbilhetes de alto pre\u00e7o com garantias de vantagens\u00bb, escreveu.<\/p>\n<p>Renato Paiva identificou a TAP numa publica\u00e7\u00e3o em que denuncia: \u00abMala assaltada e roubados itens para oferecer aos familiares. V\u00e1rias camisolas de clubes brasileiros foram roubadas. Seguran\u00e7a zero! Mas pagamento do voo a pre\u00e7o de ouro!!!\u00bb<\/p>\n<p>\u00abTAP, aguardo provid\u00eancias, j\u00e1 que sabemos que h\u00e1 c\u00e2meras para identificar os culpados\u00bb, acrescenta o treinador, de 55 anos.<\/p>\n<p>Sem clube desde que deixou o Fortaleza, em setembro, <a href=\"https:\/\/maisfutebol.iol.pt\/made-in\/internacional\/renato-paiva-negoceia-com-o-universidad-de-chile\" target=\"_blank\" rel=\"nofollow noopener\">Renato Paiva vem sendo apontado, nos \u00faltimos dias, ao Unviersidad do Chile<\/a>.<\/p>\n<p><img loading=\"lazy\" decoding=\"async\" alt=\"\" height=\"1692\" src=\"https:\/\/www.europesays.com\/pt\/wp-content\/uploads\/2025\/12\/1765791107_888_1000.webp\" width=\"1000\"\/><\/p>\n","protected":false},"excerpt":{"rendered":"O treinador portugu\u00eas Renato Paiva denunciou, nas redes sociais, que as malas com que viajou do Rio de&hellip;\n","protected":false},"author":2,"featured_media":188997,"comment_status":"","ping_status":"","sticky":false,"template":"","format":"standard","meta":{"footnotes":""},"categories":[87],"tags":[726,135,4238,4235,82,46,7660,32,33,47,38198,2326,5941,134],"class_list":{"0":"post-188996","1":"post","2":"type-post","3":"status-publish","4":"format-standard","5":"has-post-thumbnail","7":"category-desporto","8":"tag-brasil","9":"tag-desporto","10":"tag-incrivel","11":"tag-insolito","12":"tag-internacional","13":"tag-maisfutebol","14":"tag-mf-social","15":"tag-portugal","16":"tag-pt","17":"tag-pura-paixao","18":"tag-renato-paiva","19":"tag-rio-de-janeiro","20":"tag-roubo","21":"tag-sports"},"share_on_mastodon":{"url":"https:\/\/pubeurope.com\/@pt\/115722895125020256","error":""},"_links":{"self":[{"href":"https:\/\/www.europesays.com\/pt\/wp-json\/wp\/v2\/posts\/188996","targetHints":{"allow":["GET"]}}],"collection":[{"href":"https:\/\/www.europesays.com\/pt\/wp-json\/wp\/v2\/posts"}],"about":[{"href":"https:\/\/www.europesays.com\/pt\/wp-json\/wp\/v2\/types\/post"}],"author":[{"embeddable":true,"href":"https:\/\/www.europesays.com\/pt\/wp-json\/wp\/v2\/users\/2"}],"replies":[{"embeddable":true,"href":"https:\/\/www.europesays.com\/pt\/wp-json\/wp\/v2\/comments?post=188996"}],"version-history":[{"count":0,"href":"https:\/\/www.europesays.com\/pt\/wp-json\/wp\/v2\/posts\/188996\/revisions"}],"wp:featuredmedia":[{"embeddable":true,"href":"https:\/\/www.europesays.com\/pt\/wp-json\/wp\/v2\/media\/188997"}],"wp:attachment":[{"href":"https:\/\/www.europesays.com\/pt\/wp-json\/wp\/v2\/media?parent=188996"}],"wp:term":[{"taxonomy":"category","embeddable":true,"href":"https:\/\/www.europesays.com\/pt\/wp-json\/wp\/v2\/categories?post=188996"},{"taxonomy":"post_tag","embeddable":true,"href":"https:\/\/www.europesays.com\/pt\/wp-json\/wp\/v2\/tags?post=188996"}],"curies":[{"name":"wp","href":"https:\/\/api.w.org\/{rel}","templated":true}]}}