{"id":189007,"date":"2025-12-15T09:40:08","date_gmt":"2025-12-15T09:40:08","guid":{"rendered":"https:\/\/www.europesays.com\/pt\/189007\/"},"modified":"2025-12-15T09:40:08","modified_gmt":"2025-12-15T09:40:08","slug":"morre-renomado-fotojornalista-marcelo-prates-aos-70-anos","status":"publish","type":"post","link":"https:\/\/www.europesays.com\/pt\/189007\/","title":{"rendered":"Morre renomado fotojornalista Marcelo Prates, aos 70 anos"},"content":{"rendered":"<p class=\"sc-1ive7ao-8 cmaAxH\">Morreu na noite deste domingo (14) o fotojornalista Marcelo Prates, aos 70 anos. Prates foi editor de fotografia do Jornal Hoje em Dia entre 1998 a 2016. Ele estava internado em um hospital de Belo Horizonte h\u00e1 uma semana ap\u00f3s sofrer um infarto. Ele deixa sete filhos e dois netos.\u00a0<\/p>\n<p class=\"sc-1ive7ao-8 cmaAxH\">Al\u00e9m do Hoje em Dia, Marcelo ganhou destaque com trabalhos desenvolvidos em ve\u00edculos como\u00a0 Folha de S\u00e3o Paulo, Estado de S\u00e3o Paulo, Jornal do Brasil, Veja e Manchete.<\/p>\n<p class=\"sc-1ive7ao-8 cmaAxH\">Atleticano apaixonado, o fot\u00f3grafo tamb\u00e9m teve o nome cravado no cen\u00e1rio internacional com materiais que renderam condecora\u00e7\u00f5es importantes, com destaque para o pr\u00eamio Internacional Fotografia 100 anos Niemeyer \u2013 Portugal \u2013 2008; Pr\u00eamio International Water &amp; Cidades de fotografia-Xangai \u2013 2009; Concurso Internacional Boulevard of Photographers \u2013 EUA \u2013 2011.<\/p>\n<p class=\"sc-1ive7ao-8 cmaAxH\">Os detalhes sobre hor\u00e1rios e local do enterro ainda n\u00e3o foram divulgados.<\/p>\n","protected":false},"excerpt":{"rendered":"Morreu na noite deste domingo (14) o fotojornalista Marcelo Prates, aos 70 anos. Prates foi editor de fotografia&hellip;\n","protected":false},"author":2,"featured_media":189008,"comment_status":"","ping_status":"","sticky":false,"template":"","format":"standard","meta":{"footnotes":""},"categories":[144],"tags":[207,205,206,203,201,202,204,114,115,32,33],"class_list":{"0":"post-189007","1":"post","2":"type-post","3":"status-publish","4":"format-standard","5":"has-post-thumbnail","7":"category-arte-e-design","8":"tag-arte","9":"tag-arte-e-design","10":"tag-artedesign","11":"tag-arts","12":"tag-arts-and-design","13":"tag-artsanddesign","14":"tag-design","15":"tag-entertainment","16":"tag-entretenimento","17":"tag-portugal","18":"tag-pt"},"share_on_mastodon":{"url":"https:\/\/pubeurope.com\/@pt\/115722926367973769","error":""},"_links":{"self":[{"href":"https:\/\/www.europesays.com\/pt\/wp-json\/wp\/v2\/posts\/189007","targetHints":{"allow":["GET"]}}],"collection":[{"href":"https:\/\/www.europesays.com\/pt\/wp-json\/wp\/v2\/posts"}],"about":[{"href":"https:\/\/www.europesays.com\/pt\/wp-json\/wp\/v2\/types\/post"}],"author":[{"embeddable":true,"href":"https:\/\/www.europesays.com\/pt\/wp-json\/wp\/v2\/users\/2"}],"replies":[{"embeddable":true,"href":"https:\/\/www.europesays.com\/pt\/wp-json\/wp\/v2\/comments?post=189007"}],"version-history":[{"count":0,"href":"https:\/\/www.europesays.com\/pt\/wp-json\/wp\/v2\/posts\/189007\/revisions"}],"wp:featuredmedia":[{"embeddable":true,"href":"https:\/\/www.europesays.com\/pt\/wp-json\/wp\/v2\/media\/189008"}],"wp:attachment":[{"href":"https:\/\/www.europesays.com\/pt\/wp-json\/wp\/v2\/media?parent=189007"}],"wp:term":[{"taxonomy":"category","embeddable":true,"href":"https:\/\/www.europesays.com\/pt\/wp-json\/wp\/v2\/categories?post=189007"},{"taxonomy":"post_tag","embeddable":true,"href":"https:\/\/www.europesays.com\/pt\/wp-json\/wp\/v2\/tags?post=189007"}],"curies":[{"name":"wp","href":"https:\/\/api.w.org\/{rel}","templated":true}]}}