{"id":189009,"date":"2025-12-15T09:42:15","date_gmt":"2025-12-15T09:42:15","guid":{"rendered":"https:\/\/www.europesays.com\/pt\/189009\/"},"modified":"2025-12-15T09:42:15","modified_gmt":"2025-12-15T09:42:15","slug":"secret-story-ze-e-mariana-aos-beijos-ex-concorrente-responde","status":"publish","type":"post","link":"https:\/\/www.europesays.com\/pt\/189009\/","title":{"rendered":"&#8220;Secret Story&#8221;: Z\u00e9 e Mariana aos beijos? Ex-concorrente responde!"},"content":{"rendered":"<p>No decorrer da gala deste domingo, dia 14, de &#8220;<a href=\"https:\/\/tvi.iol.pt\/secretstory\/\" target=\"_blank\" wbo-id=\"59\" rel=\"nofollow noopener\">Secret Story &#8211; Casa dos Segredos<\/a>&#8220;,\u00a0Cristina Ferreira\u00a0decidiu conversar um pouco com Mariana sobre os rumores que indicam que a a\u00e7oriana teria estado aos beijos com\u00a0Jos\u00e9 Andrade, mais conhecido como Z\u00e9, ex-noivo de Liliana.<\/p>\n<p>&#8220;O Z\u00e9 n\u00e3o entrou por aquela porta. Eu fui a primeira a entrar na &#8216;Casa dos Segredos&#8217;. E o que fica nos A\u00e7ores\u2026 fica nos A\u00e7ores&#8221;, come\u00e7ou por responder a jovem.<\/p>\n<p>Entretanto, Cristina Ferreira at\u00e9 questionou se houve pedido de casamento<strong>. <\/strong>E a resposta foi imediata: &#8220;Fora de quest\u00e3o.&#8221;<\/p>\n<p>Veja, agora, o v\u00eddeo.<\/p>\n","protected":false},"excerpt":{"rendered":"No decorrer da gala deste domingo, dia 14, de &#8220;Secret Story &#8211; Casa dos Segredos&#8220;,\u00a0Cristina Ferreira\u00a0decidiu conversar um&hellip;\n","protected":false},"author":2,"featured_media":189010,"comment_status":"","ping_status":"","sticky":false,"template":"","format":"standard","meta":{"footnotes":""},"categories":[142],"tags":[2632,114,115,980,884,619,32,33,1014,1315,1012,151,162,975],"class_list":{"0":"post-189009","1":"post","2":"type-post","3":"status-publish","4":"format-standard","5":"has-post-thumbnail","7":"category-tv","8":"tag-casa-dos-segredos","9":"tag-entertainment","10":"tag-entretenimento","11":"tag-famosos","12":"tag-mariana","13":"tag-nacional","14":"tag-portugal","15":"tag-pt","16":"tag-reality-show","17":"tag-secret-story","18":"tag-selfie","19":"tag-tv","20":"tag-tvi","21":"tag-ze"},"share_on_mastodon":{"url":"https:\/\/pubeurope.com\/@pt\/115722934219048956","error":""},"_links":{"self":[{"href":"https:\/\/www.europesays.com\/pt\/wp-json\/wp\/v2\/posts\/189009","targetHints":{"allow":["GET"]}}],"collection":[{"href":"https:\/\/www.europesays.com\/pt\/wp-json\/wp\/v2\/posts"}],"about":[{"href":"https:\/\/www.europesays.com\/pt\/wp-json\/wp\/v2\/types\/post"}],"author":[{"embeddable":true,"href":"https:\/\/www.europesays.com\/pt\/wp-json\/wp\/v2\/users\/2"}],"replies":[{"embeddable":true,"href":"https:\/\/www.europesays.com\/pt\/wp-json\/wp\/v2\/comments?post=189009"}],"version-history":[{"count":0,"href":"https:\/\/www.europesays.com\/pt\/wp-json\/wp\/v2\/posts\/189009\/revisions"}],"wp:featuredmedia":[{"embeddable":true,"href":"https:\/\/www.europesays.com\/pt\/wp-json\/wp\/v2\/media\/189010"}],"wp:attachment":[{"href":"https:\/\/www.europesays.com\/pt\/wp-json\/wp\/v2\/media?parent=189009"}],"wp:term":[{"taxonomy":"category","embeddable":true,"href":"https:\/\/www.europesays.com\/pt\/wp-json\/wp\/v2\/categories?post=189009"},{"taxonomy":"post_tag","embeddable":true,"href":"https:\/\/www.europesays.com\/pt\/wp-json\/wp\/v2\/tags?post=189009"}],"curies":[{"name":"wp","href":"https:\/\/api.w.org\/{rel}","templated":true}]}}