{"id":189020,"date":"2025-12-15T09:52:19","date_gmt":"2025-12-15T09:52:19","guid":{"rendered":"https:\/\/www.europesays.com\/pt\/189020\/"},"modified":"2025-12-15T09:52:19","modified_gmt":"2025-12-15T09:52:19","slug":"tribunal-constitucional-deixa-para-ultima-hora-a-decisao-sobre-a-lei-da-nacionalidade","status":"publish","type":"post","link":"https:\/\/www.europesays.com\/pt\/189020\/","title":{"rendered":"Tribunal Constitucional deixa para \u00faltima hora a decis\u00e3o sobre a Lei da Nacionalidade"},"content":{"rendered":"<p><strong>Ficou para a \u00faltima hora:<\/strong> ser\u00e3o conhecidos esta segunda-feira os veredictos do Tribunal Constitucional (TC) sobre a Lei da Nacionalidade. O prazo de 25 dias corridos terminou no domingo, <strong>ficando a decis\u00e3o para esta segunda-feira, 15 de dezembro<\/strong>. Tal como aconteceu com a Lei dos Estrangeiros, em agosto, dever\u00e1 ser convocada uma leitura p\u00fablica dos ac\u00f3rd\u00e3os, em hor\u00e1rio ainda por confirmar.<\/p>\n<p>Est\u00e3o em causa dois requerimentos sobre a lei, <strong><a aria-label=\"content\" target=\"_blank\" href=\"https:\/\/www.dn.pt\/sociedade\/requerimentos-do-ps-para-anlise-da-lei-da-nacional-j-esto-no-tribunal-constitucional\" rel=\"nofollow noopener\">apresentados pelo Partido Socialista (PS)<\/a><\/strong>, ap\u00f3s n\u00e3o ter sido poss\u00edvel alcan\u00e7ar um acordo com o PSD no Parlamento. A legisla\u00e7\u00e3o, que prev\u00ea, entre outras medidas, a perda da nacionalidade em caso de crimes graves, foi aprovada com os votos da bancada do Chega.<\/p>\n<p>O requerimento relativo\u00a0<strong>\u00e0 perda da nacionalidade ficou a cargo do vice-presidente do TC, Jo\u00e3o Carlos Loureiro<\/strong>. J\u00e1 o diploma que\u00a0<strong>concentra as altera\u00e7\u00f5es mais profundas ser\u00e1 analisado pela ju\u00edza Dora Neto.<\/strong><\/p>\n<p>Entre as normas que ser\u00e3o analisadas, est\u00e3o as novas regras sobre a naturaliza\u00e7\u00e3o de ap\u00e1tridas,\u00a0a cl\u00e1usula que permite a oposi\u00e7\u00e3o \u00e0 nacionalidade com base em comportamentos que revelem rejei\u00e7\u00e3o da comunidade nacional, a inexist\u00eancia de um regime transit\u00f3rio, entre outros.\u00a0<strong><a aria-label=\"content\" target=\"_blank\" href=\"https:\/\/www.dn.pt\/sociedade\/requerimentos-do-ps-para-anlise-da-lei-da-nacional-j-esto-no-tribunal-constitucional\" rel=\"nofollow noopener\">Leia aqui todas as normas<\/a><\/strong>. Num facto incomum, o PSD enviou um parecer aos ju\u00edzes, como uma esp\u00e9cie de defesa da Lei da Nacionalidade. <\/p>\n<p>Governo X Tribunal Constitucional<\/p>\n<p>Esta \u00e9 a segunda vez que os ju\u00edzes do Pal\u00e1cio Ratton s\u00e3o chamados a analisar leis relacionadas com a imigra\u00e7\u00e3o. Em agosto, em pleno per\u00edodo de f\u00e9rias,\u00a0<strong><a aria-label=\"content\" target=\"_blank\" href=\"https:\/\/www.dn.pt\/pol%C3%ADtica\/marcelo-envia-para-o-tc-a-lei-de-estrangeiros-e-pede-resposta-em-15-dias\" rel=\"nofollow noopener\">o coletivo teve apenas 15 dias para decidir sobre a Lei dos Estrangeiros<\/a><\/strong>, cuja relatoria esteve a cargo da ju\u00edza Joana Maria Rebelo Fernandes Costa. O pedido foi realizado pelo Presidente Marcelo Rebelo de Souza e teve\u00a0<strong><a aria-label=\"content\" target=\"_blank\" href=\"https:\/\/www.dn.pt\/sociedade\/tc-declara-que-mudan%C3%A7as-na-lei-da-imigra%C3%A7%C3%A3o-n%C3%A3o-est%C3%A3o-de-acordo-com-a-constitui%C3%A7%C3%A3o\" rel=\"nofollow noopener\">como resultado o chumbo da lei como estava escrita<\/a><\/strong>.<\/p>\n<p>Mas o Governo n\u00e3o se deu por vencido. <strong>Reajustou os pontos sinalizados pelos ju\u00edzes e conseguiu, novamente, a aprova\u00e7\u00e3o da legisla\u00e7\u00e3o.<\/strong> O partido de Andr\u00e9 Ventura foi quem garantiu os votos necess\u00e1rios para a vit\u00f3ria da AD e a lei j\u00e1 est\u00e1 em vigor desde 23 de outubro.<\/p>\n<p>Se o cen\u00e1rio for o mesmo, <strong>com o chumbo da legisla\u00e7\u00e3o, o executivo de Lu\u00eds Montenegro dever\u00e1 fazer o mesmo<\/strong>. Para tal, conta com os votos do Chega. No entanto, o tema dever\u00e1 ficar para 2026, j\u00e1 que esta \u00e9 a \u00faltima semana de vota\u00e7\u00f5es na Assembleia da Rep\u00fablica antes do recesso de fim de ano. As sess\u00f5es voltam a 07 de janeiro. <\/p>\n<p>amanda.lima@dn.pt<\/p>\n","protected":false},"excerpt":{"rendered":"Ficou para a \u00faltima hora: ser\u00e3o conhecidos esta segunda-feira os veredictos do Tribunal Constitucional (TC) sobre a Lei&hellip;\n","protected":false},"author":2,"featured_media":189021,"comment_status":"","ping_status":"","sticky":false,"template":"","format":"standard","meta":{"footnotes":""},"categories":[8],"tags":[27,28,15,16,14,25,26,1765,21,22,15581,12,13,19,20,32,23,24,33,17,18,298,29,30,31],"class_list":{"0":"post-189020","1":"post","2":"type-post","3":"status-publish","4":"format-standard","5":"has-post-thumbnail","7":"category-principais-noticias","8":"tag-breaking-news","9":"tag-breakingnews","10":"tag-featured-news","11":"tag-featurednews","12":"tag-headlines","13":"tag-latest-news","14":"tag-latestnews","15":"tag-lei-da-nacionalidade","16":"tag-main-news","17":"tag-mainnews","18":"tag-nacionalidade-portuguesa","19":"tag-news","20":"tag-noticias","21":"tag-noticias-principais","22":"tag-noticiasprincipais","23":"tag-portugal","24":"tag-principais-noticias","25":"tag-principaisnoticias","26":"tag-pt","27":"tag-top-stories","28":"tag-topstories","29":"tag-tribunal-constitucional","30":"tag-ultimas","31":"tag-ultimas-noticias","32":"tag-ultimasnoticias"},"share_on_mastodon":{"url":"https:\/\/pubeurope.com\/@pt\/115722973772482178","error":""},"_links":{"self":[{"href":"https:\/\/www.europesays.com\/pt\/wp-json\/wp\/v2\/posts\/189020","targetHints":{"allow":["GET"]}}],"collection":[{"href":"https:\/\/www.europesays.com\/pt\/wp-json\/wp\/v2\/posts"}],"about":[{"href":"https:\/\/www.europesays.com\/pt\/wp-json\/wp\/v2\/types\/post"}],"author":[{"embeddable":true,"href":"https:\/\/www.europesays.com\/pt\/wp-json\/wp\/v2\/users\/2"}],"replies":[{"embeddable":true,"href":"https:\/\/www.europesays.com\/pt\/wp-json\/wp\/v2\/comments?post=189020"}],"version-history":[{"count":0,"href":"https:\/\/www.europesays.com\/pt\/wp-json\/wp\/v2\/posts\/189020\/revisions"}],"wp:featuredmedia":[{"embeddable":true,"href":"https:\/\/www.europesays.com\/pt\/wp-json\/wp\/v2\/media\/189021"}],"wp:attachment":[{"href":"https:\/\/www.europesays.com\/pt\/wp-json\/wp\/v2\/media?parent=189020"}],"wp:term":[{"taxonomy":"category","embeddable":true,"href":"https:\/\/www.europesays.com\/pt\/wp-json\/wp\/v2\/categories?post=189020"},{"taxonomy":"post_tag","embeddable":true,"href":"https:\/\/www.europesays.com\/pt\/wp-json\/wp\/v2\/tags?post=189020"}],"curies":[{"name":"wp","href":"https:\/\/api.w.org\/{rel}","templated":true}]}}