{"id":189024,"date":"2025-12-15T09:54:09","date_gmt":"2025-12-15T09:54:09","guid":{"rendered":"https:\/\/www.europesays.com\/pt\/189024\/"},"modified":"2025-12-15T09:54:09","modified_gmt":"2025-12-15T09:54:09","slug":"oscar-niemeyer-e-homenageado-com-estatua-de-bronze-no-centro-de-brasilia-g1","status":"publish","type":"post","link":"https:\/\/www.europesays.com\/pt\/189024\/","title":{"rendered":"Oscar Niemeyer \u00e9 homenageado com est\u00e1tua de bronze no centro de Bras\u00edlia &#8211; G1"},"content":{"rendered":"<ol>\n<li><a href=\"https:\/\/news.google.com\/rss\/articles\/CBMi1AFBVV95cUxOcmxfT0ZRamJOUjBBY3VsR1BsZTJkNjQybXJWQnhhcDBhRUpfSnEyQ0ota3BuNVB3UTJGZVo0VWJ6X1FRNVljRWdRclU0Q195X3BIaDFGYXhfZmZaODdYYVNaQm9RdFlJRVU3SmltOUpJMXdWSVFCbEJTMU0yOE5oS2JrZExrMklQTmlkd0dLakJRY2M5MGhVbGNZbzZxd2ZPV0FBcWdlMWs1VmFiMVh2OGprcDdUM3NURlhpQzhhODRHcEpkdVlGTlp3TFA4dGVadGFlN9IB4wFBVV95cUxQRW1MSlBCRUtKV2pLcUpneDhNTUQwWll4M3B2LUxIUEQteVdSaUZMY2h5UGpvOG9mcFFnUHh3b3JpVUhJeFJBWFBoZ0xTVkprdUdMeUp1UWY3R0VKT2tOdUpDcG5BeDk4cWlZbmhDVFFxdmJXcTdCUnBjWUtPb1lRZTlTeWs0cEktWVpFTDJjN3FTaThTQVJXVjhqd3RNaDRFVTM4Mlk1VnpOTGRHS19DSTFqSWtnYTVUUDR3NWZJd0pndTlsUEFpb2JBVGVnbFpwWVNhMXBTXzFwcFZhYXVCb3FxZw?oc=5\" target=\"_blank\" rel=\"nofollow noopener\">Oscar Niemeyer \u00e9 homenageado com est\u00e1tua de bronze no centro de Bras\u00edlia<\/a>&nbsp;&nbsp;G1<\/li>\n<li><a href=\"https:\/\/news.google.com\/rss\/articles\/CBMisgFBVV95cUxQeERqNGQybDlhOHRvN0hDM0F1ZVVHbkhNcjdjWi05NndCbGJmUjd4THZMMlZYOWhYcjZrQTF5dGppM3BMbW5XNW1zaWdDWFJERThvSXR2a3A4TnEzYm1Za0dpTWgwOENZa2F2MVBuUEZ1OEt6VTBCa2lUTjlOR05FNDVTUFNmcFgtSGZ0UlVSM0JSaF85eXlWTVhiSi1TMUZIT21UYjV5aXhuNEtnQUFlNG5B?oc=5\" target=\"_blank\" rel=\"nofollow noopener\">Est\u00e1tua de Oscar Niemeyer em tamanho real \u00e9 instalada na Casa de Ch\u00e1<\/a>&nbsp;&nbsp;Metr\u00f3poles<\/li>\n<li><a href=\"https:\/\/news.google.com\/rss\/articles\/CBMiwwFBVV95cUxPSV9KdVM1NVNCbWhxTEdOa0VoaXY3Sk9qUEhFYWE2enZPbk1ERUw3R3o5cUo0UXNtUkJWTHZoaGhId1p4ejAxTVl5WkVMaHNVR0JQQzhhck4tVGhlZ2hxNmR1WEJkb3d3XzFkRVJRRWFza2pNT0RSTldGcFhQakNfUWstMFNPb0kwWG9ua1N4YUMyYVB1aGtxdkEwei1nTlFDcFlmazNybEZUQmpWTHMwRWlWQTB6bEZKa1o0ZmdHVFFReTA?oc=5\" target=\"_blank\" rel=\"nofollow noopener\">Oscar Niemeyer ganha escultura de bronze na Casa de Ch\u00e1<\/a>&nbsp;&nbsp;Correio Braziliense<\/li>\n<li><a href=\"https:\/\/news.google.com\/rss\/articles\/CBMi3AFBVV95cUxOQ2pvNjI3cDZOSHlNd0V4a2Q3ZGl4cHBTbjVQWFdzNURBYUtyajFwQlJPVnA0N0ZtUFVjc3lKNVQzcjZrbDBENVZEUXlNYkNtek5GbWNQSExKRGl0dS1PeGFibEZNdFpxX0pmOFJBTElQSkd4QVdpXzdwTkczZjJBZF92UC13S2xmeXZJc0h2WnBEeVkzN3lBTDZpaDZZYzV1Q3g3TlM4akJ5TkNlTFVLSy1na1diMTA0ck00VTRVMlFZWEdNYnUyMlRORnNtZ1dlRlY5YVZudDlOaU95?oc=5\" target=\"_blank\" rel=\"nofollow noopener\">No STF, exposi\u00e7\u00e3o &#8220;Niemeyer Solid\u00e1rio&#8221; celebra os 118 anos do arquiteto com uma ode \u00e0 democracia e \u00e0 justi\u00e7a<\/a>&nbsp;&nbsp;Visite Bras\u00edlia<\/li>\n<li><a href=\"https:\/\/news.google.com\/rss\/articles\/CBMickFVX3lxTE1kNExrdGl5d25pNFFtU0Y4NXE0QzNtZ1M0bVdDZ3RENUtBbEF4ejRTNFVmc2psakJfelNXX2lHSWExNlVCdEtwLXFNemItWDIxNGtudUVxUjBXVEp1NEZ1U0U5NUlFVEdCem1qSUpjaGpYUQ?oc=5\" target=\"_blank\" rel=\"nofollow noopener\">Niemeyer \u201cvolta\u201d \u00e0 Pra\u00e7a dos Tr\u00eas Poderes em est\u00e1tua de bronze que une obra e criador; veja v\u00eddeo<\/a>&nbsp;&nbsp;Perrengue Mato Grosso<\/li>\n<\/ol>\n","protected":false},"excerpt":{"rendered":"Oscar Niemeyer \u00e9 homenageado com est\u00e1tua de bronze no centro de Bras\u00edlia&nbsp;&nbsp;G1 Est\u00e1tua de Oscar Niemeyer em tamanho&hellip;\n","protected":false},"author":2,"featured_media":189025,"comment_status":"","ping_status":"","sticky":false,"template":"","format":"standard","meta":{"footnotes":""},"categories":[144],"tags":[207,205,206,203,201,202,204,114,115,32,33],"class_list":{"0":"post-189024","1":"post","2":"type-post","3":"status-publish","4":"format-standard","5":"has-post-thumbnail","7":"category-arte-e-design","8":"tag-arte","9":"tag-arte-e-design","10":"tag-artedesign","11":"tag-arts","12":"tag-arts-and-design","13":"tag-artsanddesign","14":"tag-design","15":"tag-entertainment","16":"tag-entretenimento","17":"tag-portugal","18":"tag-pt"},"share_on_mastodon":{"url":"https:\/\/pubeurope.com\/@pt\/115722981421269181","error":""},"_links":{"self":[{"href":"https:\/\/www.europesays.com\/pt\/wp-json\/wp\/v2\/posts\/189024","targetHints":{"allow":["GET"]}}],"collection":[{"href":"https:\/\/www.europesays.com\/pt\/wp-json\/wp\/v2\/posts"}],"about":[{"href":"https:\/\/www.europesays.com\/pt\/wp-json\/wp\/v2\/types\/post"}],"author":[{"embeddable":true,"href":"https:\/\/www.europesays.com\/pt\/wp-json\/wp\/v2\/users\/2"}],"replies":[{"embeddable":true,"href":"https:\/\/www.europesays.com\/pt\/wp-json\/wp\/v2\/comments?post=189024"}],"version-history":[{"count":0,"href":"https:\/\/www.europesays.com\/pt\/wp-json\/wp\/v2\/posts\/189024\/revisions"}],"wp:featuredmedia":[{"embeddable":true,"href":"https:\/\/www.europesays.com\/pt\/wp-json\/wp\/v2\/media\/189025"}],"wp:attachment":[{"href":"https:\/\/www.europesays.com\/pt\/wp-json\/wp\/v2\/media?parent=189024"}],"wp:term":[{"taxonomy":"category","embeddable":true,"href":"https:\/\/www.europesays.com\/pt\/wp-json\/wp\/v2\/categories?post=189024"},{"taxonomy":"post_tag","embeddable":true,"href":"https:\/\/www.europesays.com\/pt\/wp-json\/wp\/v2\/tags?post=189024"}],"curies":[{"name":"wp","href":"https:\/\/api.w.org\/{rel}","templated":true}]}}